{"id":202742,"date":"2026-09-04T13:37:13","date_gmt":"2026-09-04T13:37:13","guid":{"rendered":"https:\/\/www.europesays.com\/cz\/202742\/"},"modified":"2026-09-04T13:37:13","modified_gmt":"2026-09-04T13:37:13","slug":"antonie-hegerlikova-stepnickovou-poslala-na-sibenici-manzela-ztratila-kvuli-diteti","status":"publish","type":"post","link":"https:\/\/www.europesays.com\/cz\/202742\/","title":{"rendered":"Antonie Hegerl\u00edkov\u00e1: \u0160t\u011bpni\u010dkovou poslala na \u0161ibenici. Man\u017eela ztratila kv\u016fli d\u00edt\u011bti"},"content":{"rendered":"<p class=\"e_cz\">Narodila se 27.\u00a0listopadu 1923\u00a0v\u00a0Bratislav\u011b, ale \u010d\u00e1st d\u011btstv\u00ed pro\u017eila v\u00a0\u017dilin\u011b, kde tat\u00ednek pracoval jako vojensk\u00fd peka\u0159. Rodinu bral \u010dasto na v\u00fdlety: \u201eKdy\u017e v\u00a0sobotu v\u00a0jednu hodinu odpoledne skon\u010dil v\u00a0pek\u00e1rn\u011b, dostala ka\u017ed\u00e1 holka ruks\u00e1\u010dek a\u00a0vyrazili jsme v\u0161ichni do hor.\u201c P\u0159esto\u017ee j\u00ed otec zem\u0159el, kdy\u017e j\u00ed bylo pouh\u00fdch osm let, v\u00a0t\u011b\u017ek\u00fdch chv\u00edl\u00edch na n\u011bj vzpom\u00ednala jako na n\u011bkoho, kdo ji v\u017edy dok\u00e1zal povzbudit.<\/p>\n<p class=\"e_cz\">Skute\u010dn\u00e1 zkou\u0161ka p\u0159i\u0161la roku 1939.\u00a0Po vzniku samostatn\u00e9ho Slovensk\u00e9ho st\u00e1tu musela se sestrou a\u00a0maminkou bleskov\u011b ut\u00e9ct do Prahy. Opustily domov jen s\u00a0nejnutn\u011bj\u0161\u00edmi v\u011bcmi, zbytek nalo\u017eily do n\u00e1kladn\u00edho vlaku. Jen\u017ee transport zmizel. Zoufal\u00e1 maminka se chodila ka\u017ed\u00fd den pt\u00e1t na n\u00e1dra\u017e\u00ed. <\/p>\n<p><img fetchpriority=\"high\" height=\"941\"   width=\"1672\" src=\"https:\/\/www.europesays.com\/cz\/wp-content\/uploads\/2026\/09\/hegerlikova.jpeg\" loading=\"eager\" decoding=\"sync\" class=\"e_ah e_af\"\/>Foto: Soukrom\u00e1 sb\u00edrka J. Ka\u0161para (se souhlasem)<\/p>\n<p class=\"e_cz\">Antonie Hegerl\u00edkov\u00e1 v\u00a0dob\u011b, kdy za\u010d\u00ednala s\u00a0profesion\u00e1ln\u00ed dr\u00e1hou here\u010dky.<\/p>\n<p class=\"e_cz\">\u201eJednou se po cest\u011b na n\u00e1dra\u017e\u00ed zastavila u\u00a0N\u00e1rodn\u00edho muzea a\u00a0sedla si chv\u00edli ke ka\u0161n\u011b, aby si odpo\u010dinula. Oslovil ji p\u00e1n, kter\u00fd tu vystupoval p\u0159\u00edmo na chodn\u00edku s\u00a0jasnovidkou, jestli se ji nechce na n\u011bco zeptat, \u017ee j\u00ed madam odpov\u00ed. Ta pan\u00ed pr\u00fd byla dlouho zticha a\u00a0pak \u0159ekla: Vid\u00edm vlak. Na jeho konci je otev\u0159en\u00fd vagon, v\u00a0n\u011bm le\u017e\u00ed sako a\u00a0tenisky. V\u011bci ve vagon\u011b jsou ale roz\u0161t\u00edpan\u00e9. Z\u00a0maminky vypadlo: A\u00a0kde je ten vagon? Jasnovidka \u0159ekla, \u017ee ve Lvov\u011b. Vagon tam skute\u010dn\u011b byl. Je\u0161t\u011b v\u00a0\u017dilin\u011b bylo ale vyp\u00e1\u010den\u00fd a\u00a0zlod\u011bje n\u011bkdo vyru\u0161il, tak\u017ee tam zapomn\u011bli kab\u00e1t a\u00a0tenisky. Ze Lvova nakonec vagon na\u0161e dr\u00e1hy dopravily do Prahy.\u201c<\/p>\n<p>Lekce od kr\u00e1le komik\u016f<\/p>\n<p class=\"e_cz\">Navzdory v\u00e1lce Antonie \u00fasp\u011b\u0161n\u011b vystudovala dramatick\u00e9 odd\u011blen\u00ed St\u00e1tn\u00ed hudebn\u00ed konzervato\u0159e (1939-1943), kde ji u\u010dily tehdej\u0161\u00ed p\u0159edn\u00ed osobnosti\u00a0\u2013 herci Anna Iblov\u00e1, Vladim\u00edr Hlavat\u00fd, re\u017eis\u00e9\u0159i Frejka a\u00a0Salzer \u010di sc\u00e9nograf Tr\u00f6ster. <\/p>\n<p><a data-dot=\"mol-article-card__media-link\" aria-hidden=\"true\" tabindex=\"-1\" href=\"https:\/\/medium.seznam.cz\/clanek\/charlie-novak-jindrich-plachta-dceru-opil-buriana-nesnasel-zil-s-vredy-a-v-naivite-267726\" class=\"e_w mol-article-card__media-link\" rel=\"nofollow noopener\" target=\"_blank\"><img alt=\"\" height=\"657\"   width=\"876\" src=\"https:\/\/www.europesays.com\/cz\/wp-content\/uploads\/2026\/09\/plachta.jpeg\" loading=\"eager\" decoding=\"sync\" class=\"e_ah e_af\"\/><\/a><\/p>\n<p class=\"e_cz\">Z\u00e1sadn\u00ed \u017eivotn\u00ed \u0161kolu dostala Antonie je\u0161t\u011b b\u011bhem studi\u00ed, kdy z\u00edskala mo\u017enost hr\u00e1t u\u00a0Vlasty Buriana. \u201eBurian byl sopka. Gejz\u00edr. Ono se dodnes traduje, \u017ee hrozn\u011b nerad zkou\u0161el. Ano, to je pravda. On nezkou\u0161el, p\u0159i\u0161el a\u017e na z\u00e1v\u011bre\u010dn\u00e9 zkou\u0161ky. Jenom\u017ee byl dokonale p\u0159ipraven\u00fd! Cel\u00e9mu tomu p\u0159edstaven\u00ed d\u00e1val koncepci on. Teprve po letech jsem pochopila, pro\u010d nemohl zkou\u0161et. Hr\u00e1l denn\u011b, v\u00a0sobotu dvakr\u00e1t, v\u00a0ned\u011bli n\u011bkdy t\u0159ikr\u00e1t. Kdyby m\u011bl b\u00fdt je\u0161t\u011b p\u0159es den na zkou\u0161k\u00e1ch, to u\u017e by absolutn\u011b nemohl fyzicky zvl\u00e1dnut. P\u0159ipravoval se prost\u011b mimo divadlo.\u201c<\/p>\n<p>Hlasov\u00e1n\u00ed o\u00a0opr\u00e1tce pro kolegyni<\/p>\n<p class=\"e_cz\">Od roku 1946\u00a0byla \u010dlenkou Divadla na Vinohradech, kter\u00e9 se na po\u010d\u00e1tku 50.\u00a0let p\u0159ejmenovalo na Divadlo \u010ceskoslovensk\u00e9 arm\u00e1dy. V\u00a0roce 1951\u00a0zatkla St\u00e1tn\u00ed bezpe\u010dnost jeho tehdej\u0161\u00ed hereckou hv\u011bzdu Ji\u0159inu \u0160t\u011bpni\u010dkovou p\u0159i pokusu o\u00a0p\u0159echod hranic s\u00a0mal\u00fdm synem Ji\u0159\u00edm, kter\u00fd na ni tajn\u00e1 policie sama nastra\u017eila. <\/p>\n<p class=\"e_cz\">Komunistick\u00fd re\u017eim okam\u017eit\u011b zorganizoval politickou sch\u016fzi souboru p\u0159\u00edmo v\u00a0z\u00e1zem\u00ed divadla, kde se Antonie Hegerl\u00edkov\u00e1 stala jednou z\u00a0t\u011bch, kte\u0159\u00ed poslali kolegyni na patn\u00e1ct let do v\u011bzen\u00ed, a\u00a0dokonce pro ni \u017e\u00e1dali trest smrti. \u201eV divadle byla tenkr\u00e1t jedna jedin\u00e1 sch\u016fze o\u00a0tom, jestli souhlas\u00edme s\u00a0odsouzen\u00edm pan\u00ed \u0160t\u011bpni\u010dkov\u00e9. A\u00a0krom\u011b dvou lid\u00ed\u00a0\u2013 L\u00eddy Vostr\u010dilov\u00e9 a\u00a0Josefa Chvaliny\u00a0\u2013 jsme v\u0161ichni souhlasili,\u201c \u0159ekla kdysi pro jedny noviny Hegerl\u00edkov\u00e1. V\u0161ichni, to tehdy znamenalo i\u00a0takov\u00e9 osobnosti, jako byli Vlasta Chramostov\u00e1, Ji\u0159ina \u0160vorcov\u00e1, Vlastimil Brodsk\u00fd, Ji\u0159\u00ed Vala, Ji\u0159\u00ed Sov\u00e1k \u010di Ota Sklen\u010dka.<\/p>\n<p><img height=\"941\"   width=\"1672\" src=\"https:\/\/www.europesays.com\/cz\/wp-content\/uploads\/2026\/09\/stepnickova-hrusinsky.jpeg\" loading=\"eager\" decoding=\"sync\" class=\"e_ah e_af\"\/>Foto: Sb\u00edrka J. Ka\u0161para (se souhlasem)<\/p>\n<p class=\"e_cz\">Ji\u0159ina \u0160t\u011bpni\u010dkov\u00e1 byla elegantn\u00ed a\u00a0vnit\u0159n\u011b siln\u00e1 \u017eena. Z\u00a0krimin\u00e1lu se vr\u00e1tila jako m\u00e1lomluvn\u00e1, uzav\u0159en\u00e1 a\u00a0psychicky hluboce poznamenan\u00e1.<\/p>\n<p class=\"e_cz\">Na tehdej\u0161\u00ed atmosf\u00e9ru plnou n\u00e1tlaku a\u00a0propagandy vzpom\u00ednala tak\u00e9 Ji\u0159ina Jir\u00e1skov\u00e1: \u201eJak jsme m\u011bli v\u011bd\u011bt, \u017ee to, co n\u00e1m o\u00a0tom \u0159ekli, nen\u00ed pravda? Mn\u011b bylo dvacet, byla jsem mlad\u00e1 a\u00a0v\u011b\u0159ila jsem. I\u00a0tomu \u017ee je republika pln\u00e1 lid\u00ed, kte\u0159\u00ed cht\u011bli tomu nov\u00e9mu nastupuj\u00edc\u00edmu svobodn\u00e9mu socialistick\u00e9mu re\u017eimu \u0161kodit.\u201c Na rozd\u00edl od mnoha sv\u00fdch tehdej\u0161\u00edch koleg\u016f se v\u0161ak Hegerl\u00edkov\u00e1 po zm\u011bn\u011b re\u017eimu k\u00a0cel\u00e9 situaci postavila \u010delem. V\u00a0rozhovorech otev\u0159en\u011b vyj\u00e1d\u0159ila hlubokou l\u00edtost nad t\u00edm, \u017ee podlehla tlaku politick\u00fdch apar\u00e1tn\u00edk\u016f, nechala se zmanipulovat a\u00a0celou z\u00e1le\u017eitost ozna\u010dila za svou nejv\u011bt\u0161\u00ed \u017eivotn\u00ed a\u00a0mor\u00e1ln\u00ed chybu. Pro Hegerl\u00edkovou se tento podpis stal celo\u017eivotn\u00edm stigmatem, kter\u00e9 ost\u0159e kontrastovalo s\u00a0jej\u00ed pozd\u011bj\u0161\u00ed televizn\u00ed image laskav\u00e9 \u017eeny.<\/p>\n<p class=\"e_cz\">Je t\u0159eba dodat, \u017ee osud Ji\u0159iny \u0160t\u011bpni\u010dkov\u00e9 nebyl Hegerl\u00edkov\u00e9 lhostejn\u00fd. \u201eTonka se j\u00ed mnohokr\u00e1t za svou blbost omluvila. Kdy\u017e Ji\u0159inu propustili, byla jedna z\u00a0m\u00e1la, ne-li jedin\u00e1, kdo j\u00ed nab\u00edzel svou pomoc,\u201c prozradila jedna z\u00a0kolegy\u0148. Tento lidsk\u00fd krok d\u00e1v\u00e1 p\u0159\u00edb\u011bhu hlub\u0161\u00ed rozm\u011br, proto\u017ee ukazuje, \u017ee si Hegerl\u00edkov\u00e1 sv\u00e9 tehdej\u0161\u00ed fat\u00e1ln\u00ed selh\u00e1n\u00ed pln\u011b uv\u011bdomovala a\u00a0sna\u017eila se ho v\u00a0pozd\u011bj\u0161\u00edch letech od\u010dinit.<\/p>\n<p>\u017divotn\u00ed role v\u00a0F. L. V\u011bkovi<\/p>\n<p class=\"e_cz\">V \u0161edes\u00e1t\u00fdch a\u017e\u00a0osmdes\u00e1t\u00fdch letech nato\u010dila \u0159adu televizn\u00edch inscenac\u00ed a\u00a0n\u011bkolik film\u016f. Jej\u00ed specifick\u00fd hlasov\u00fd projev a\u00a0hereck\u00e1 vyzr\u00e1lost z\u00a0n\u00ed v\u00a0tomto obdob\u00ed ud\u011blaly vyhled\u00e1vanou p\u0159edstavitelku charaktern\u00edch matek a\u00a0babi\u010dek. V\u00a0Divadle na Vinohradech odehr\u00e1la stovky p\u0159edstaven\u00ed a\u00a0pat\u0159ila k\u00a0nejvyt\u00ed\u017een\u011bj\u0161\u00edm \u010dlenk\u00e1m souboru.<\/p>\n<p><img height=\"941\"   width=\"1672\" src=\"https:\/\/www.europesays.com\/cz\/wp-content\/uploads\/2026\/09\/1788529032_93_hegerlikova.jpeg\" loading=\"eager\" decoding=\"sync\" class=\"e_ah e_af\"\/>Foto: Soukrom\u00e1 sb\u00edrka J. Ka\u0161para (se souhlasem)<\/p>\n<p class=\"e_cz\">Div\u00e1ci m\u011bli Antonii Hegerl\u00edkovou r\u00e1di p\u0159edev\u0161\u00edm pro jej\u00ed lidsk\u00e9, nesm\u00edrn\u011b laskav\u00e9 a\u00a0dobrosrde\u010dn\u00e9 ztv\u00e1rn\u011bn\u00ed maminek.<\/p>\n<p class=\"e_cz\">V\u016fbec nejv\u011bt\u0161\u00ed popularitu j\u00ed p\u0159inesl rok 1971, kdy ztv\u00e1rnila svou nejslavn\u011bj\u0161\u00ed televizn\u00ed roli v\u00a0rozs\u00e1hl\u00e9m seri\u00e1lu F. L. V\u011bk. Kdy\u017e tehdy dostala do rukou sc\u00e9n\u00e1\u0159, okam\u017eit\u011b p\u0159esn\u011b v\u011bd\u011bla, jak postavu milovan\u00e9 matky hlavn\u00edho hrdiny pojmout: \u201eKdy\u017e jsem si roli p\u0159e\u010detla, \u0159ekla jsem si, \u017ee je to vlastn\u011b moje maminka. Takhle s\u00a0n\u00e1mi jednala, takhle n\u00e1s v\u00a0nouzi v\u017edycky podr\u017eela.\u201c<\/p>\n<p>Velk\u00e1 l\u00e1ska v\u00a0sedmdes\u00e1ti letech<\/p>\n<p class=\"e_cz\">Jej\u00edm prvn\u00edm man\u017eelem se stal re\u017eis\u00e9r a\u00a0v\u00fdtvarn\u00edk Anton\u00edn Dvo\u0159\u00e1k, sou\u017eit\u00ed v\u0161ak netrvalo dlouho: \u201eByla to velik\u00e1 l\u00e1ska a\u00a0j\u00e1 s\u00a0n\u00edm cht\u011bla m\u00edt alespo\u0148 t\u0159i d\u011bti. Nedbala jsem jeho varov\u00e1n\u00ed, \u017ee mal\u00e9 d\u011bti nesn\u00e1\u0161\u00ed kv\u016fli pl\u00ednk\u00e1m, kojen\u00ed a\u00a0pl\u00e1\u010di. Vzali jsme se, a\u00a0kdy\u017e se mi narodila Toni\u010dka, skute\u010dn\u011b \u0159ekl, \u017ee to d\u00edt\u011b mus\u00ed k\u00a0babi\u010dce. A\u00a0tak jsem \u0161la taky.\u201c<\/p>\n<p class=\"e_cz\">Druh\u00e9 man\u017eelstv\u00ed p\u0159i\u0161lo a\u017e v\u00a0seniorsk\u00e9m v\u011bku, p\u0159itom sv\u00e9ho nast\u00e1vaj\u00edc\u00ed man\u017eela dlouho znala. V\u0161echno to za\u010dalo o\u00a0des\u00edtky let d\u0159\u00edve p\u0159i jednom velk\u00e9m dom\u00e1c\u00edm pran\u00ed pr\u00e1dla. K\u00a0Hegerl\u00edkov\u00e9 tehdy p\u0159i\u0161la ne\u010dekan\u00e1 n\u00e1v\u0161t\u011bva\u00a0\u2013 here\u010dka Marie Motlov\u00e1 se sv\u00fdm mu\u017eem Karlem Fridrichem. \u201eKarel se pod\u00edval na ty haldy a\u00a0\u0159\u00edk\u00e1 mi: Toni\u010dko, tohle nem\u016f\u017ee\u0161 stihnout. A\u00a0ani\u017e na cokoli \u010dekal, vzal velk\u00e9 prost\u011bradlo, nandal do toho to pr\u00e1dlo a\u00a0\u017ee ho doma vypere. J\u00e1 jsem ho varovala, \u017ee ho s\u00a0t\u00edm rancem nepust\u00ed ani do tramvaje. A\u00a0skute\u010dn\u011b: \u0161el s\u00a0n\u00edm p\u011b\u0161ky z\u00a0Vinohrad do Kobylis.\u201c V\u00a0dal\u0161\u00edch letech se v\u00eddali sporadicky, ale n\u00e1klonnost tam byla. Kdy\u017e jim bylo kolem sedmdes\u00e1tky, nab\u00eddl j\u00ed spole\u010dn\u00fd \u017eivot. Here\u010dka reagovala okam\u017eit\u011b, vzdala se bytu, rozdala v\u011bci a\u00a0pro\u017eili spolu je\u0161t\u011b osm spokojen\u00fdch let.<\/p>\n<p>\u017divotn\u00ed v\u011brnost Vinohrad\u016fm<\/p>\n<p class=\"e_cz\">Divadlo na Vinohradech pro ni p\u0159edstavovalo \u017eivotn\u00ed anga\u017em\u00e1. P\u016fsobila zde od roku 1946\u00a0a\u017e do 2004.\u00a0Za cel\u00fd \u017eivot vytvo\u0159ila 357\u00a0divadeln\u00edch rol\u00ed. Nato\u010dila 27\u00a0film\u016f a\u00a0des\u00edtky televizn\u00edch inscenac\u00ed. <\/p>\n<p><img height=\"941\"   width=\"1672\" src=\"https:\/\/www.europesays.com\/cz\/wp-content\/uploads\/2026\/09\/1788529033_643_hegerlikova.jpeg\" loading=\"eager\" decoding=\"sync\" class=\"e_ah e_af\"\/>Foto: Soukrom\u00e1 sb\u00edrka J. Ka\u0161para (se souhlasem)<\/p>\n<p class=\"e_cz\">V posledn\u00edch letech sv\u00e9ho \u017eivota, kdy obdr\u017eela Cenu Th\u00e1lie za celo\u017eivotn\u00ed mistrovstv\u00ed, p\u016fsobila navzdory t\u011b\u017ek\u00fdm zdravotn\u00edm probl\u00e9m\u016fm Antonie Hegerl\u00edkov\u00e1 sm\u00ed\u0159en\u011b a\u00a0vyrovnan\u011b.<\/p>\n<p class=\"e_cz\">Z\u00e1v\u011br sv\u00e9 kari\u00e9ry hodnotila s\u00a0optimismem: \u201eM\u011bla jsem neuv\u011b\u0159iteln\u00e9 \u0161t\u011bst\u00ed, hraji ji\u017e 66\u00a0let, osmapades\u00e1t sez\u00f3n jsem odehr\u00e1la ve \u201esv\u00e9m\u201c milovan\u00e9m Divadle na Vinohradech. Zahr\u00e1la jsem si kr\u00e1lovny i\u00a0slu\u017eky, intelektu\u00e1lky i\u00a0hlupa\u010dky, panny i\u00a0nev\u011brnice, bordelmam\u00e1 i\u00a0and\u011blsk\u00e9 bytosti. Hr\u00e1la jsem i\u00a0almaru\u00a0\u2013 opravdu sk\u0159\u00ed\u0148. M\u016fj nespln\u011bn\u00fd hereck\u00fd sen je Falstaf.\u201c <\/p>\n<p class=\"e_cz\">I kolem osmdes\u00e1tky z\u016fst\u00e1vala Hegerl\u00edkov\u00e1 aktivn\u00ed. U\u010dila na Vy\u0161\u0161\u00ed odborn\u00e9 \u0161kole hereck\u00e9 v\u00a0Praze-Michli. \u201eTi mlad\u00ed mi \u0159\u00edkaj\u00ed Toni\u010dko a\u00a0j\u00e1 jsem mezi nimi \u0161\u0165astn\u00e1. Kde jinde bych m\u011bla takovou \u0161anci pov\u00eddat si s\u00a0lidmi o\u00a0tolik generac\u00ed mlad\u0161\u00edmi!\u201c \u0159\u00edkala s\u00a0jiskrou v\u00a0oku. Podstoupila \u0159adu t\u011b\u017ek\u00fdch operac\u00ed, v\u010detn\u011b odstran\u011bn\u00ed n\u00e1doru v\u00a0prav\u00e9 srde\u010dn\u00ed s\u00edni. Kdy\u017e za\u010dala m\u00edt v\u00e1\u017en\u00e9 probl\u00e9my se sluchem, brala to se state\u010dnost\u00ed. \u201eNed\u00e1vno jsem ze dne na den p\u0159estala sly\u0161et, tak\u017ee jsem na \u010das musela v\u0161eho nechat. Darmo nem\u00e1m ve sv\u00e9m l\u00e9ka\u0159sk\u00e9m posudku, \u017ee \u017eiju d\u00edky sv\u00e9 povaze a\u00a0siln\u00e9 v\u016fli.\u201c V\u00a0z\u00e1v\u011bru \u017eivota ji amputovali nohu kv\u016fli zhor\u0161uj\u00edc\u00ed se cukrovce. Zem\u0159ela v\u00a0prosinci 2012\u00a0ve v\u011bku 89\u00a0let. Kdysi m\u00edvala hledi\u0161t\u011b pln\u00e9 div\u00e1k\u016f, ale na poh\u0159eb do stra\u0161nick\u00e9ho krematoria se s\u00a0n\u00ed p\u0159i\u0161la rozlou\u010dit jen hrstka p\u0159\u00e1tel.<\/p>\n<p class=\"e_cz\">Kova\u0159\u00edkov\u00e1, Blanka. Hereck\u00e9 romance: d\u016fv\u011brn\u00e1 setk\u00e1n\u00ed s\u00a0\u010desk\u00fdmi herci a\u00a0jejich l\u00e1skami. Praha: Br\u00e1na, 2004.\u00a0\u00a0ISBN 80-7243-213-3.<\/p>\n<p>Anketa<\/p>\n<p>Lze Antonii Hegerl\u00edkov\u00e9 odpustit podpis petice proti \u0160t\u011bpni\u010dkov\u00e9?<\/p>\n<p>Ano, chybu uznala a \u0160t\u011bpni\u010dkov\u00e9 pak jako jedna z m\u00e1la pom\u00e1hala.<\/p>\n<p>Ano, tehdej\u0161\u00ed komunistick\u00fd n\u00e1tlak a manipulace byly obrovsk\u00e9.<\/p>\n<p>Ne, \u017e\u00e1dat pro kolegyni p\u0159\u00edsn\u00fd trest je neomluviteln\u00e9.<\/p>\n<p>Nev\u00edm, atmosf\u00e9ru 50. let dnes nedok\u00e1\u017eeme spravedliv\u011b posoudit.<\/p>\n<p>Celkem<br \/>\n\t\t\t\thlasovalo<br \/>\n\t\t\t\t178<br \/>\n\t\t\t\t\u010dten\u00e1\u0159\u016f.<\/p>\n","protected":false},"excerpt":{"rendered":"Narodila se 27.\u00a0listopadu 1923\u00a0v\u00a0Bratislav\u011b, ale \u010d\u00e1st d\u011btstv\u00ed pro\u017eila v\u00a0\u017dilin\u011b, kde tat\u00ednek pracoval jako vojensk\u00fd peka\u0159. Rodinu bral \u010dasto&hellip;\n","protected":false},"author":2,"featured_media":202743,"comment_status":"","ping_status":"","sticky":false,"template":"","format":"standard","meta":{"footnotes":"","_share_on_mastodon":"0"},"categories":[14],"tags":[1538,2432,2775,3330,79,14062,3331,8071,4175,6260,1465,192,2707,24796,27071,17898,80],"class_list":["post-202742","post","type-post","status-publish","format-standard","has-post-thumbnail","category-zabava","tag-celebrity","tag-ceske-celebrity","tag-cesky-herec","tag-divadlo-na-vinohradech","tag-entertainment","tag-jirina-jiraskova","tag-jirina-stepnickova","tag-jirina-svorcova","tag-komunismus","tag-lifestyle","tag-osobnost","tag-showbyznys","tag-skandal","tag-slavni","tag-vlasta-chramostova","tag-vlastimil-brodsky","tag-zabava"],"share_on_mastodon":{"url":"https:\/\/pubeurope.com\/@cz\/117213046401078983","error":""},"_links":{"self":[{"href":"https:\/\/www.europesays.com\/cz\/wp-json\/wp\/v2\/posts\/202742","targetHints":{"allow":["GET"]}}],"collection":[{"href":"https:\/\/www.europesays.com\/cz\/wp-json\/wp\/v2\/posts"}],"about":[{"href":"https:\/\/www.europesays.com\/cz\/wp-json\/wp\/v2\/types\/post"}],"author":[{"embeddable":true,"href":"https:\/\/www.europesays.com\/cz\/wp-json\/wp\/v2\/users\/2"}],"replies":[{"embeddable":true,"href":"https:\/\/www.europesays.com\/cz\/wp-json\/wp\/v2\/comments?post=202742"}],"version-history":[{"count":0,"href":"https:\/\/www.europesays.com\/cz\/wp-json\/wp\/v2\/posts\/202742\/revisions"}],"wp:featuredmedia":[{"embeddable":true,"href":"https:\/\/www.europesays.com\/cz\/wp-json\/wp\/v2\/media\/202743"}],"wp:attachment":[{"href":"https:\/\/www.europesays.com\/cz\/wp-json\/wp\/v2\/media?parent=202742"}],"wp:term":[{"taxonomy":"category","embeddable":true,"href":"https:\/\/www.europesays.com\/cz\/wp-json\/wp\/v2\/categories?post=202742"},{"taxonomy":"post_tag","embeddable":true,"href":"https:\/\/www.europesays.com\/cz\/wp-json\/wp\/v2\/tags?post=202742"}],"curies":[{"name":"wp","href":"https:\/\/api.w.org\/{rel}","templated":true}]}}