{"id":202748,"date":"2026-09-04T13:44:16","date_gmt":"2026-09-04T13:44:16","guid":{"rendered":"https:\/\/www.europesays.com\/cz\/202748\/"},"modified":"2026-09-04T13:44:16","modified_gmt":"2026-09-04T13:44:16","slug":"prvni-tramvaj-po-roce-a-ctvrt-linky-11-a-13-od-soboty-znovu-spoji-i-p-pavlova-s-vinohradskou","status":"publish","type":"post","link":"https:\/\/www.europesays.com\/cz\/202748\/","title":{"rendered":"Prvn\u00ed tramvaj po roce a\u00a0\u010dtvrt. Linky 11\u00a0a\u00a013\u00a0od soboty znovu spoj\u00ed I. P. Pavlova s\u00a0Vinohradskou"},"content":{"rendered":"<p class=\"c_bB\">\u201eOproti pl\u00e1nu se povedlo tramvajovou tra\u0165 Muzeum zprovoznit o\u00a0p\u016fl roku d\u0159\u00edve, p\u016fvodn\u011b m\u011bla b\u00fdt otev\u0159ena a\u017e spolu s\u00a0trat\u00ed na V\u00e1clavsk\u00e9m n\u00e1m\u011bst\u00ed. Rozsah rekonstruk\u010dn\u00edch \u010dinnost\u00ed tu byl ale o\u00a0n\u011bco men\u0161\u00ed a\u00a0poda\u0159ilo se je urychlit,\u201c \u0159ekl n\u00e1m\u011bstek prim\u00e1tora pro dopravu Jarom\u00edr Ber\u00e1nek (Pir\u00e1ti) v\u00a0p\u00e1tek p\u0159ed slavnostn\u00edm pr\u016fjezdem prvn\u00ed tramvaje. B\u011b\u017en\u00e9 linky se sem vracej\u00ed od soboty.<\/p>\n<p class=\"c_bB\">Odm\u00edtl, \u017ee by se jednalo o\u00a0p\u0159edvolebn\u00ed tah, kdy se politici r\u00e1di ukazuj\u00ed v\u00a0tom nejlep\u0161\u00edm sv\u011btle p\u0159i slavnostn\u00edm st\u0159\u00edh\u00e1n\u00ed p\u00e1sek. \u201eN\u00e1vrat pravideln\u00e9ho provozu linek 11\u00a0a\u00a013\u00a0byl prioritou bez ohledu na volby. Sna\u017e\u00edm se tyto aktivity urychlit v\u017edy, samoz\u0159ejm\u011b nikoliv na \u00fakor kvality,\u201c up\u0159esnil Novink\u00e1m v\u00a0takzvan\u00e9 Muzejn\u00ed o\u00e1ze, prostoru mezi ob\u011bma budovami N\u00e1rodn\u00edho muzea, odkud odpoledne startovala prvn\u00ed vyhl\u00eddkov\u00e1 j\u00edzda.<\/p>\n<p><a data-dot=\"atm-link\" target=\"_self\" href=\"https:\/\/www.novinky.cz\/clanek\/domaci-zpravy-hlavni-mesto-praha-kritizovane-cerne-sloupy-blokujici-vyhled-na-narodni-muzeum-budou-uprostred-vaclavaku-nejmene-rok-40586384\" class=\"c_I\" rel=\"nofollow noopener\"><img fetchpriority=\"high\" height=\"1125\" width=\"2000\" src=\"https:\/\/www.europesays.com\/cz\/wp-content\/uploads\/2026\/09\/1788529454_629_vaclavske-namesti-narodni-muzeum-sloupy-trakcni-vedeni.jpeg\" loading=\"eager\" decoding=\"sync\" class=\"c_t c_r\"\/><\/a><\/p>\n<p class=\"c_bB\">Pr\u00e1v\u011b z\u00a0o\u00e1zy u\u017e vedou koleje nejen nahoru k\u00a0Vinohradsk\u00e9 a\u00a0doprava k\u00a0I. P. Pavlova, nebo dol\u016f k\u00a0V\u00e1clavsk\u00e9mu n\u00e1m\u011bst\u00ed, ale tak\u00e9 odbo\u010duj\u00ed pod\u00e9l magistr\u00e1ly sm\u011brem k\u00a0hlavn\u00edmu n\u00e1dra\u017e\u00ed, zat\u00edm ale kon\u010d\u00ed p\u0159ed\u010dasn\u011b. \u201eTramvaje by tudy m\u011bly vozit cestuj\u00edc\u00ed a\u017e p\u0159ed odbavovac\u00ed halu v\u00a0horizontu p\u011bti a\u017e sedmi let,\u201c zm\u00ednil Ber\u00e1nek.<\/p>\n<p class=\"c_bB\">Novou podobu nyn\u00ed z\u00edskal prostor zast\u00e1vek Muzeum a\u00a0cel\u00e9 oblasti od k\u0159i\u017eovatky Legerovy a\u00a0Vinohradsk\u00e9 ulice a\u017e po \u0160kr\u00e9tovu, kter\u00fd byl kompletn\u011b p\u0159estav\u011bn. Zmizel zde tak\u00e9 p\u016fvodn\u00ed podchod pod magistr\u00e1lou. Nov\u00e9 tramvajov\u00e9 zast\u00e1vky nad muzeem jsou nov\u011b bezbari\u00e9rov\u00e9 a\u00a0um\u00edst\u011bny naproti sob\u011b. Jejich n\u00e1stupi\u0161t\u011b s\u00a0p\u0159echody pro chodce jsou kapacitn\u011bj\u0161\u00ed pro sou\u010dasn\u00e9 odbavov\u00e1n\u00ed i\u00a0dvou v\u00edce\u010dl\u00e1nkov\u00fdch tramvaj\u00ed.<\/p>\n<p>Nov\u00e9 sv\u011bteln\u00e9 p\u00e1sy<\/p>\n<p class=\"c_bB\">Pod\u00e9l kolej\u00ed, kde se p\u0159edpokl\u00e1d\u00e1 zv\u00fd\u0161en\u00fd v\u00fdskyt chodc\u016f zkracuj\u00edc\u00edch si cestu p\u0159es tra\u0165 sm\u011brem k\u00a0p\u0159echodu p\u0159es Legerovu ulici, je tak\u00e9 nov\u011b nainstalov\u00e1no p\u011bt sv\u011bteln\u00fdch p\u00e1s\u016f, kter\u00e9 za \u0161era a\u00a0tmy budou sv\u00edcen\u00edm a\u00a0blik\u00e1n\u00edm upozor\u0148ovat p\u011b\u0161\u00ed, \u017ee se bl\u00ed\u017e\u00ed tramvaj.<\/p>\n<p class=\"c_bB\">V\u00fdstavba nov\u00fdch trat\u00ed nad Muzeem a\u00a0p\u0159es horn\u00ed \u010d\u00e1st V\u00e1clavsk\u00e9ho n\u00e1m\u011bst\u00ed za\u010dala loni v\u00a0\u010dervnu, ta druh\u00e1 m\u00e1 b\u00fdt hotov\u00e1 v\u00a0\u010dervnu p\u0159\u00ed\u0161t\u00edho roku. \u201eSice r\u00e1di \u0159\u00edk\u00e1me, \u017ee ji pot\u0159ebujeme jako kapacitn\u00ed by-pass trasu kv\u016fli nedalek\u00e9 Je\u010dn\u00e9, ale hned od spu\u0161t\u011bn\u00ed provozu na V\u00e1clav\u00e1ku pl\u00e1nujeme rozs\u00e1hlou v\u00fdluku tramvaj\u00ed v\u00a0nem\u00e9n\u011b d\u016fle\u017eit\u00e9 Seifertov\u011b ulici,\u201c dodal n\u00e1m\u011bstek Ber\u00e1nek a\u00a0zm\u00ednil p\u00e1te\u0159n\u00ed tramvajovou tra\u0165 proch\u00e1zej\u00edc\u00ed v\u00a0Praze 3\u00a0od Hlavn\u00edho n\u00e1dra\u017e\u00ed \u017di\u017ekovem.<\/p>\n<p><a data-dot=\"atm-link\" target=\"_self\" href=\"https:\/\/www.novinky.cz\/clanek\/domaci-zpravy-hlavni-mesto-praha-prijizdejici-tramvaje-rozblikaji-v-centru-prahy-chodniky-varovani-cili-i-na-mobilni-zombie-40595360\" class=\"c_I\" rel=\"nofollow noopener\"><img height=\"1080\" width=\"1920\" src=\"https:\/\/www.europesays.com\/cz\/wp-content\/uploads\/2026\/09\/1788529455_502_tramvaj-praha-muzeum.jpeg\" loading=\"eager\" decoding=\"sync\" class=\"c_t c_r\"\/><\/a><\/p>\n<p class=\"c_bB\">Na V\u00e1clavsk\u00e9 n\u00e1m\u011bst\u00ed se potom podle Ber\u00e1nka p\u0159esunou do\u010dasn\u011b tramvajov\u00e9 linky 9\u00a0a\u00a026. \u201eCestuj\u00edc\u00ed m\u016f\u017ee z\u00a0dlouhodob\u00e9ho pohledu zaj\u00edmat zkr\u00e1cen\u00ed linky \u010d\u00edslo 6\u00a0z\u00a0Vr\u0161ovick\u00e9ho n\u00e1dra\u017e\u00ed, kter\u00e1 bude pokra\u010dovat po sv\u00e9 pravideln\u00e9 trase p\u0159es Masarykovo n\u00e1dra\u017e\u00ed, a\u00a0zcela nov\u00e1 linka 29\u00a0z\u00a0Kub\u00e1n\u011b na Malovanku a\u00a0v\u00fdhledov\u011b na Strahov,\u201c dodal.<\/p>\n<p class=\"c_bB\">V l\u00e9t\u011b pr\u00e1v\u011b podepsal dopravn\u00ed podnik smlouvu na rok a\u00a0p\u016fl trvaj\u00edc\u00ed stavbu prodlou\u017een\u00ed tramvajov\u00e9 trati z\u00a0B\u011blohorsk\u00e9 ulice od zast\u00e1vky Malovanka p\u0159es Van\u00ed\u010dkovu ulici s\u00a0kone\u010dnou zast\u00e1vkou v\u00a0dne\u0161n\u00edm obrati\u0161ti autobus\u016f u\u00a0Stadionu Strahov.<\/p>\n<p class=\"c_bB\">U\u017e p\u0159\u00ed\u0161t\u00ed rok m\u00e1 b\u00fdt hotov\u00e1 tra\u0165 v\u00a0Po\u010dernick\u00e9 ulici spojuj\u00edc\u00ed Vinohrady s\u00a0Male\u0161icemi, se kterou se po\u010d\u00edtalo u\u017e od vzniku s\u00eddli\u0161t\u011b v\u00a0polovin\u011b 50.\u00a0let, a\u00a0proto tu byl zachov\u00e1n p\u0159ipraven\u00fd st\u0159edov\u00fd p\u00e1s mezi vozovkami. V\u00a0tomto t\u00fddnu se tak\u00e9 za\u010dala ro\u010dn\u00ed stavba tramvajov\u00e9 trati, kter\u00e1 propoj\u00ed \u017di\u017ekov s\u00a0Jarovem p\u0159es are\u00e1l b\u00fdval\u00e9ho n\u00e1kladov\u00e9ho n\u00e1dra\u017e\u00ed.<\/p>\n<p><a data-dot=\"atm-link\" target=\"_self\" href=\"https:\/\/www.novinky.cz\/clanek\/domaci-zpravy-hlavni-mesto-praha-v-praze-dochazi-nejcasteji-ke-stretum-tramvaji-s-chodci-u-i-p-pavlova-40564358\" class=\"c_I\" rel=\"nofollow noopener\"><img height=\"1080\" width=\"1920\" src=\"https:\/\/www.europesays.com\/cz\/wp-content\/uploads\/2026\/09\/3eaf.jpeg\" loading=\"eager\" decoding=\"sync\" class=\"c_t c_r\"\/><\/a><img height=\"1589\"   width=\"2849\" src=\"https:\/\/www.europesays.com\/cz\/wp-content\/uploads\/2026\/09\/tramvaj-narodni-muzeum.jpeg\" loading=\"eager\" decoding=\"sync\" class=\"c_t c_r\"\/>Foto: Jan David, Novinky<\/p>\n","protected":false},"excerpt":{"rendered":"\u201eOproti pl\u00e1nu se povedlo tramvajovou tra\u0165 Muzeum zprovoznit o\u00a0p\u016fl roku d\u0159\u00edve, p\u016fvodn\u011b m\u011bla b\u00fdt otev\u0159ena a\u017e spolu s\u00a0trat\u00ed&hellip;\n","protected":false},"author":2,"featured_media":202749,"comment_status":"","ping_status":"","sticky":false,"template":"","format":"standard","meta":{"footnotes":"","_share_on_mastodon":"0"},"categories":[30],"tags":[6245,39024,26005,1696,30361,17956,4058,6513,98,99,27134,5004,14238,20111,3267,20112,2413,5958],"class_list":["post-202748","post","type-post","status-publish","format-standard","has-post-thumbnail","category-praha","tag-dopravni-podnik-hl-m-prahy-dpp","tag-i-p-pavlova","tag-jecna","tag-koleje","tag-legerova","tag-malesice","tag-mestska-hromadna-doprava-mhd","tag-narodni-muzeum","tag-prague","tag-praha","tag-strahov","tag-tramvaje","tag-tramvaje-na-vaclavskem-namesti","tag-tramvajove-krizovatky","tag-trat","tag-vinohradska","tag-vinohrady","tag-zizkov"],"share_on_mastodon":{"url":"https:\/\/pubeurope.com\/@cz\/117213073658496159","error":""},"_links":{"self":[{"href":"https:\/\/www.europesays.com\/cz\/wp-json\/wp\/v2\/posts\/202748","targetHints":{"allow":["GET"]}}],"collection":[{"href":"https:\/\/www.europesays.com\/cz\/wp-json\/wp\/v2\/posts"}],"about":[{"href":"https:\/\/www.europesays.com\/cz\/wp-json\/wp\/v2\/types\/post"}],"author":[{"embeddable":true,"href":"https:\/\/www.europesays.com\/cz\/wp-json\/wp\/v2\/users\/2"}],"replies":[{"embeddable":true,"href":"https:\/\/www.europesays.com\/cz\/wp-json\/wp\/v2\/comments?post=202748"}],"version-history":[{"count":0,"href":"https:\/\/www.europesays.com\/cz\/wp-json\/wp\/v2\/posts\/202748\/revisions"}],"wp:featuredmedia":[{"embeddable":true,"href":"https:\/\/www.europesays.com\/cz\/wp-json\/wp\/v2\/media\/202749"}],"wp:attachment":[{"href":"https:\/\/www.europesays.com\/cz\/wp-json\/wp\/v2\/media?parent=202748"}],"wp:term":[{"taxonomy":"category","embeddable":true,"href":"https:\/\/www.europesays.com\/cz\/wp-json\/wp\/v2\/categories?post=202748"},{"taxonomy":"post_tag","embeddable":true,"href":"https:\/\/www.europesays.com\/cz\/wp-json\/wp\/v2\/tags?post=202748"}],"curies":[{"name":"wp","href":"https:\/\/api.w.org\/{rel}","templated":true}]}}