{"id":202756,"date":"2026-09-04T13:50:14","date_gmt":"2026-09-04T13:50:14","guid":{"rendered":"https:\/\/www.europesays.com\/cz\/202756\/"},"modified":"2026-09-04T13:50:14","modified_gmt":"2026-09-04T13:50:14","slug":"kramny-neuspel-se-stiznosti-zpochybnoval-klicovy-znalecky-posudek","status":"publish","type":"post","link":"https:\/\/www.europesays.com\/cz\/202756\/","title":{"rendered":"Kramn\u00fd neusp\u011bl se st\u00ed\u017enost\u00ed, zpochyb\u0148oval kl\u00ed\u010dov\u00fd znaleck\u00fd posudek"},"content":{"rendered":"<p class=\"e_bX\">Petr Kramn\u00fd, kter\u00fd si odpyk\u00e1v\u00e1 28\u00a0let v\u011bzen\u00ed za vra\u017edu man\u017eelky a\u00a0dcery, neusp\u011bl s\u00a0kasa\u010dn\u00ed st\u00ed\u017enost\u00ed u\u00a0Nejvy\u0161\u0161\u00edho spr\u00e1vn\u00edho soudu (NSS). Zpochyb\u0148oval v\u00a0n\u00ed znaleck\u00e9 opr\u00e1vn\u011bn\u00ed Nemocnice \u010cesk\u00e9 Bud\u011bjovice, kter\u00e1 v\u00a0kauze zpracovala revizn\u00ed posudek. Kramn\u00fd podle spr\u00e1vn\u00edch soud\u016f nebyl v\u00a0postaven\u00ed, aby mohl podat z\u00e1sahovou \u017ealobu. N\u00e1mitky k\u00a0posudku m\u011bl uplatnit v\u00a0trestn\u00edm \u0159\u00edzen\u00ed. Rozsudek NSS je do\u010dasn\u011b zp\u0159\u00edstupn\u011bn\u00fd na <a data-dot=\"atm-link\" target=\"_blank\" rel=\"noopener nofollow\" href=\"https:\/\/www.nssoud.cz\/modalni-obsah\/rozhodovaci-cinnost\/rozhodnuti-427353?cHash=516435a1c3ac6a34edbe22956fc6d5fb\" class=\"e_n\">\u00fa\u0159edn\u00ed desce<\/a>.<\/p>\n<p class=\"e_bX\">Kramn\u00fd podle pravomocn\u00e9ho verdiktu zavra\u017edil v\u00a0roce 2013\u00a0v\u00a0hotelu v\u00a0Egypt\u011b svou man\u017eelku a\u00a0dceru elektrick\u00fdm proudem. \u0158e\u0161il tak \u00fadajn\u011b dlouhodob\u00e9 spory v\u00a0rodin\u011b. V\u00a0roce 2016\u00a0byl odsouzen na z\u00e1klad\u011b nep\u0159\u00edm\u00fdch d\u016fkaz\u016f. Vinu pop\u00edral. Rozsudek v\u00a0minulosti potvrdily Nejvy\u0161\u0161\u00ed i\u00a0\u00dastavn\u00ed soud.<\/p>\n<p class=\"e_bX\">V kauze vznikly protikladn\u00e9 znaleck\u00e9 posudky, ten kl\u00ed\u010dov\u00fd, revizn\u00ed, zpracovala jako znaleck\u00fd \u00fastav Nemocnice \u010cesk\u00e9 Bud\u011bjovice. Kramn\u00fd se s\u00a0desetilet\u00fdm odstupem dom\u00e1hal p\u0159ed M\u011bstsk\u00fdm soudem v\u00a0Praze ochrany p\u0159ed nez\u00e1konn\u00fdm z\u00e1sahem ministerstva spravedlnosti. Spat\u0159oval ho v\u00a0tom, \u017ee ministerstvo ud\u011blilo nemocnici status znaleck\u00e9ho \u00fastavu, a\u010dkoliv podle Kramn\u00e9ho nespl\u0148ovala z\u00e1konn\u00e9 podm\u00ednky.<\/p>\n<p class=\"e_bX\">M\u011bstsk\u00fd soud \u017ealobu odm\u00edtl. Dosp\u011bl k\u00a0z\u00e1v\u011bru, \u017ee Kramn\u00fd \u017ealobu podal opo\u017ed\u011bn\u011b, nav\u00edc k\u00a0tomu nem\u011bl opr\u00e1vn\u011bn\u00ed, co\u017e nyn\u00ed potvrdil i\u00a0NSS. \u201eV nyn\u00ed posuzovan\u00e9 v\u011bci m\u011bstsk\u00fd soud spr\u00e1vn\u011b dovodil, \u017ee st\u011b\u017eovatel zjevn\u011b nen\u00ed opr\u00e1vn\u011bn k\u00a0pod\u00e1n\u00ed z\u00e1sahov\u00e9 \u017ealoby, jeliko\u017e tvrzen\u00e9 z\u00e1sahy nebyly zam\u011b\u0159eny p\u0159\u00edmo proti n\u011bmu ani v\u00a0jejich d\u016fsledku proti n\u011bmu nebylo p\u0159\u00edmo zasa\u017eeno,\u201c uv\u00e1d\u00ed rozsudek.<\/p>\n<p class=\"e_bX\">NSS tak\u00e9 p\u0159ipomn\u011bl, \u017ee znaleck\u00fd \u00fastav p\u0159i zpracov\u00e1n\u00ed posudku nevystupuje jako spr\u00e1vn\u00ed org\u00e1n. \u201eSamotn\u00e9 proveden\u00ed a\u00a0hodnocen\u00ed tohoto d\u016fkazu v\u00a0trestn\u00edm \u0159\u00edzen\u00ed je pak v\u011bc\u00ed trestn\u00edho soudu, kter\u00fd o\u00a0vin\u011b \u010di nevin\u011b rozhoduje na z\u00e1klad\u011b proveden\u00fdch d\u016fkaz\u016f podle z\u00e1sady voln\u00e9ho hodnocen\u00ed d\u016fkaz\u016f,\u201c pokra\u010duje rozsudek.<\/p>\n<p class=\"e_bX\">Spolek \u0160alamoun, kter\u00fd v\u00a0kauze vystupuje ve prosp\u011bch Kramn\u00e9ho, dlouhodob\u011b tvrd\u00ed, \u017ee se nemocnice nikdy \u0159\u00e1dn\u011b nestala znaleck\u00fdm \u00fastavem a\u00a0nem\u011bla opr\u00e1vn\u011bn\u00ed pod\u00e1vat posudky v\u00a0trestn\u00edch \u0159\u00edzen\u00edch. Nemocnice v\u00a0roce 2020\u00a0jak\u00e9koliv zpochyb\u0148ov\u00e1n\u00ed odm\u00edtla. <a data-dot=\"atm-link\" target=\"_blank\" rel=\"noopener nofollow\" href=\"https:\/\/www.nemcb.cz\/aktuality\/prohlaseni-nemocnice-ceske-budejovice-a-s-k-opravneni-vykonavat-znaleckou-cinnost-jako-znalecky-ustav-zapsany-do-ii-oddilu-seznamu-znaleckych-ustavu\/\" class=\"e_n\">Zd\u016fraznila<\/a>, \u017ee spl\u0148uje a\u00a0spl\u0148ovala v\u0161echny z\u00e1konn\u00e9 podm\u00ednky. V\u00a0sou\u010dasnosti u\u017e jako znaleck\u00fd \u00fastav zapsan\u00e1 nen\u00ed. V\u00a0roce 2022\u00a0ukon\u010den\u00ed znaleck\u00e9 \u010dinnosti <a data-dot=\"atm-link\" target=\"_blank\" rel=\"noopener nofollow\" href=\"https:\/\/www.nemcb.cz\/aktuality\/informace-o-ukonceni-cinnosti-znaleckeho-ustavu-nemocnice-ceske-budejovice-a-s\/\" class=\"e_n\">zd\u016fvodnila<\/a> t\u00edm, \u017ee z\u00a0pozice prim\u00e1\u0159e soudn\u011bl\u00e9ka\u0159sk\u00e9ho odd\u011blen\u00ed ode\u0161el do d\u016fchodu Franti\u0161ek Vorel.<\/p>\n<p class=\"e_bX\">T\u011bla ob\u011bt\u00ed po p\u0159evozu z\u00a0Egypta do \u010ceska pitvali znalci z\u00a0\u00dastavu soudn\u00edho l\u00e9ka\u0159stv\u00ed v\u00a0Ostrav\u011b, kte\u0159\u00ed do\u0161li k\u00a0z\u00e1v\u011bru, \u017ee zem\u0159ely po z\u00e1sahu elektrick\u00fdm proudem. Podle znaleck\u00e9ho posudku, kter\u00fd si nechala vypracovat obhajoba, byla nejpravd\u011bpodobn\u011bj\u0161\u00ed p\u0159\u00ed\u010dinou smrti otrava. Soud si proto objednal revizn\u00ed posudek, kter\u00fd se p\u0159iklonil k\u00a0z\u00e1sahu elektrick\u00fdm proudem.<\/p>\n<p class=\"e_bX\">Kramn\u00fd se opakovan\u011b dom\u00e1h\u00e1 obnovy \u0159\u00edzen\u00ed, zat\u00edm bez \u00fasp\u011bchu. Jeho st\u00ed\u017enost loni zam\u00edtl tak\u00e9 Evropsk\u00fd soud pro lidsk\u00e1 pr\u00e1va.<\/p>\n<p><a data-dot=\"mol-article-card-media\" aria-hidden=\"true\" tabindex=\"-1\" href=\"https:\/\/www.seznamzpravy.cz\/clanek\/domaci-kauzy-upsal-bych-se-i-certu-kramny-se-vzeprel-svym-advokatum-a-chce-novy-proces-308231\" class=\"e_n f_l8\" rel=\"nofollow noopener\" target=\"_blank\"><img fetchpriority=\"high\" height=\"1012\"   width=\"1800\" src=\"https:\/\/www.europesays.com\/cz\/wp-content\/uploads\/2026\/09\/petr-kramny.jpeg\" loading=\"eager\" decoding=\"sync\" class=\"e_aa e_Z\"\/><\/a><a data-dot=\"mol-article-card-media\" aria-hidden=\"true\" tabindex=\"-1\" href=\"https:\/\/www.seznamzpravy.cz\/clanek\/kultura-kauza-kramny-o-vrazdach-v-egypte-nechtela-byt-bulvarni-ale-je-256367\" class=\"e_n f_l8\" rel=\"nofollow noopener\" target=\"_blank\"><img height=\"991\"   width=\"1761\" src=\"https:\/\/www.europesays.com\/cz\/wp-content\/uploads\/2026\/09\/kauza-kramny-dokuserie-voyo-tv-nova-petr-kramny.png\" loading=\"eager\" decoding=\"sync\" class=\"e_aa e_Z\"\/><\/a><\/p>\n","protected":false},"excerpt":{"rendered":"Petr Kramn\u00fd, kter\u00fd si odpyk\u00e1v\u00e1 28\u00a0let v\u011bzen\u00ed za vra\u017edu man\u017eelky a\u00a0dcery, neusp\u011bl s\u00a0kasa\u010dn\u00ed st\u00ed\u017enost\u00ed u\u00a0Nejvy\u0161\u0161\u00edho spr\u00e1vn\u00edho soudu (NSS).&hellip;\n","protected":false},"author":2,"featured_media":202757,"comment_status":"","ping_status":"","sticky":false,"template":"","format":"standard","meta":{"footnotes":"","_share_on_mastodon":"0"},"categories":[7],"tags":[43,42,41,40,31924,258,1624,1644],"class_list":["post-202756","post","type-post","status-publish","format-standard","has-post-thumbnail","category-cesko","tag-ceska-republika","tag-cesko","tag-czech-republic","tag-czechia","tag-petr-kramny","tag-soud","tag-vezeni","tag-vrazda"],"share_on_mastodon":{"url":"https:\/\/pubeurope.com\/@cz\/117213097312400186","error":""},"_links":{"self":[{"href":"https:\/\/www.europesays.com\/cz\/wp-json\/wp\/v2\/posts\/202756","targetHints":{"allow":["GET"]}}],"collection":[{"href":"https:\/\/www.europesays.com\/cz\/wp-json\/wp\/v2\/posts"}],"about":[{"href":"https:\/\/www.europesays.com\/cz\/wp-json\/wp\/v2\/types\/post"}],"author":[{"embeddable":true,"href":"https:\/\/www.europesays.com\/cz\/wp-json\/wp\/v2\/users\/2"}],"replies":[{"embeddable":true,"href":"https:\/\/www.europesays.com\/cz\/wp-json\/wp\/v2\/comments?post=202756"}],"version-history":[{"count":0,"href":"https:\/\/www.europesays.com\/cz\/wp-json\/wp\/v2\/posts\/202756\/revisions"}],"wp:featuredmedia":[{"embeddable":true,"href":"https:\/\/www.europesays.com\/cz\/wp-json\/wp\/v2\/media\/202757"}],"wp:attachment":[{"href":"https:\/\/www.europesays.com\/cz\/wp-json\/wp\/v2\/media?parent=202756"}],"wp:term":[{"taxonomy":"category","embeddable":true,"href":"https:\/\/www.europesays.com\/cz\/wp-json\/wp\/v2\/categories?post=202756"},{"taxonomy":"post_tag","embeddable":true,"href":"https:\/\/www.europesays.com\/cz\/wp-json\/wp\/v2\/tags?post=202756"}],"curies":[{"name":"wp","href":"https:\/\/api.w.org\/{rel}","templated":true}]}}