{"id":202760,"date":"2026-09-04T13:55:22","date_gmt":"2026-09-04T13:55:22","guid":{"rendered":"https:\/\/www.europesays.com\/cz\/202760\/"},"modified":"2026-09-04T13:55:22","modified_gmt":"2026-09-04T13:55:22","slug":"praha-se-zarazuje-mezi-evropska-chytra-mesta-viden-amsterdam-ci-barcelona-jsou-vsak-stale-o-parnik-jinde","status":"publish","type":"post","link":"https:\/\/www.europesays.com\/cz\/202760\/","title":{"rendered":"Praha se za\u0159azuje mezi evropsk\u00e1 chytr\u00e1 m\u011bsta. V\u00edde\u0148, Amsterdam \u010di Barcelona jsou v\u0161ak st\u00e1le o parn\u00edk jinde"},"content":{"rendered":"<p>Pod pojmem Smart City si mnoz\u00ed vybav\u00ed m\u011bsto pln\u00e9 senzor\u016f, kamer a aplikac\u00ed. Skute\u010dnost je v\u0161ak jin\u00e1. Podle expert\u016f jsou to toti\u017e zejm\u00e9na takov\u00e9 aglomerace, kter\u00e9 um\u011bj\u00ed vyu\u017e\u00edvat zejm\u00e9na data, technologie, urbanismus a modern\u00ed \u0159\u00edzen\u00ed tak, aby vytv\u00e1\u0159ela p\u0159\u00edjemn\u011bj\u0161\u00ed prost\u0159ed\u00ed pro \u017eivot. N\u011bkter\u00e1 \u010desk\u00e1 m\u011bsta se tak neboj\u00ed s p\u0159edstihem investovat do kvalitn\u00edch a p\u0159esn\u00fdch dat i n\u00e1stroj\u016f, d\u00edky \u010demu\u017e si vytv\u00e1\u0159ej\u00ed p\u0159ed ostatn\u00edmi n\u00e1skok.<\/p>\n<p>Podle Marka Vernarsk\u00e9ho z odboru region\u00e1ln\u00ed politiky ministerstva pro m\u00edstn\u00ed rozvoj je j\u00e1drem konceptu Smart Cities ob\u010dan a jeho kvalita \u017eivota. Technologie, jak tvrd\u00ed, pak p\u0159edstavuj\u00ed pouze prost\u0159edek a nikoliv c\u00edl.<\/p>\n<p>\u201eSmart \u0159e\u0161en\u00ed maj\u00ed p\u0159isp\u00edvat ke kvalitn\u011bj\u0161\u00edm ve\u0159ejn\u00fdm slu\u017eb\u00e1m, efektivn\u011bj\u0161\u00edmu vyu\u017e\u00edv\u00e1n\u00ed zdroj\u016f, lep\u0161\u00edmu \u017eivotn\u00edmu prost\u0159ed\u00ed, vy\u0161\u0161\u00ed bezpe\u010dnosti a v\u011bt\u0161\u00ed odolnosti m\u011bst a obc\u00ed v\u016f\u010di budouc\u00edm v\u00fdzv\u00e1m,\u201c <\/p>\n<p>tvrd\u00ed tento expert.<\/p>\n<p>Praha se dr\u017e\u00ed v pop\u0159ed\u00ed \u017eeb\u0159\u00ed\u010dku<\/p>\n<p>Na\u0161e hlavn\u00ed m\u011bsto se v leto\u0161n\u00edm \u017eeb\u0159\u00ed\u010dku IMD Smart City Index 2026 um\u00edstilo na 13. m\u00edst\u011b ze 148 hodnocen\u00fdch m\u011bst sv\u011bta. V\u00fdsledek potvrzuje, \u017ee Praha pat\u0159\u00ed mezi nejl\u00e9pe hodnocen\u00e1 m\u011bsta st\u0159edn\u00ed a v\u00fdchodn\u00ed Evropy.<\/p>\n<p>\u201eV sou\u010dasnosti se Praha soust\u0159ed\u00ed zejm\u00e9na na rozvoj datov\u011b \u0159\u00edzen\u00e9ho rozhodov\u00e1n\u00ed, chytr\u00e9 mobility, energetiky, digitalizace ve\u0159ejn\u00fdch slu\u017eeb a projekt\u016f podporuj\u00edc\u00edch klimatickou odolnost m\u011bsta,\u201c<\/p>\n<p>napsal LP-Life p\u0159edseda p\u0159edstavenstva m\u011bstsk\u00e9 spole\u010dnosti Oper\u00e1tor ICT Lubo\u0161 Kratochv\u00edl.<\/p>\n<p>Co si pod t\u00edm m\u016f\u017ee b\u011b\u017en\u00fd \u010dlov\u011bk konkr\u00e9tn\u011b p\u0159edstavit?<\/p>\n<p>Skv\u011bl\u00fdm p\u0159\u00edkladem jsou chytr\u00e9 popelnice, pr\u00e1ce s \u017eiv\u00fdmi dopravn\u00edmi daty nebo pr\u016fb\u011b\u017en\u00e9 hl\u00edd\u00e1n\u00ed \u010distoty vzduchu. <a href=\"https:\/\/smartprague.eu\/\" rel=\"nofollow noopener\" target=\"_blank\">Praha<\/a> ale nez\u016fst\u00e1v\u00e1 jen u sb\u011bru velk\u00fdch dat.<\/p>\n<p>V dohledn\u00e9 dob\u011b se chyst\u00e1 m\u011b\u0159it mikroklima v ulic\u00edch a d\u00e1le rozv\u00edjet Mapu o\u00e1z chladu. V\u016fbec nejv\u011bt\u0161\u00ed v\u00fdzvou je ale vznikaj\u00edc\u00ed digit\u00e1ln\u00ed dvoj\u010de metropole. Jde o detailn\u00ed 3D model m\u011bsta, do kter\u00e9ho se sb\u00edhaj\u00ed informace o budov\u00e1ch, doprava, energetika i data o pohybu lid\u00ed. M\u011bsto tak z\u00edsk\u00e1 n\u00e1stroj, na kter\u00e9m si dopady nov\u00e9 v\u00fdstavby nebo zm\u011bny v doprav\u011b nasimuluje je\u0161t\u011b p\u0159edt\u00edm, ne\u017e se kopa\u010dkami s\u00e1hne do zem\u011b. Model stav\u00ed na leteck\u00e9m sn\u00edmkov\u00e1n\u00ed i laserov\u00e9m skenov\u00e1n\u00ed a krom\u011b dom\u016f zachycuje i silnice, parky, pouli\u010dn\u00ed lampy nebo zna\u010dky.<\/p>\n<p>Brno tak\u00e9 inovuje<\/p>\n<p>Jihomoravsk\u00e1 metropole zase stav\u00ed na siln\u00e9m propojen\u00ed m\u011bsta, univerzit, firem a v\u00fdzkumn\u00e9ho prost\u0159ed\u00ed. Mezi nejv\u00fdrazn\u011bj\u0161\u00ed p\u0159\u00edklady chytr\u00fdch \u0159e\u0161en\u00ed zde pat\u0159\u00ed digit\u00e1ln\u00ed platforma <a href=\"https:\/\/www.brnoid.cz\/cs\/\" rel=\"nofollow noopener\" target=\"_blank\">Brno iD<\/a>, kter\u00e1 m\u00e1 p\u0159es 915 tis\u00edc registrovan\u00fdch u\u017eivatel\u016f a umo\u017e\u0148uje z jednoho \u00fa\u010dtu \u0159e\u0161it nap\u0159\u00edklad m\u011bstskou hromadnou dopravu, odpady, rezidentn\u00ed parkov\u00e1n\u00ed, m\u011bstsk\u00e9 slu\u017eby nebo participativn\u00ed projekty. Otev\u0159en\u00fd datov\u00fd port\u00e1l Data Brno zase zp\u0159\u00edstup\u0148uje m\u011bstsk\u00e1 data, mapy a anal\u00fdzy ve\u0159ejnosti, \u00fa\u0159edn\u00edk\u016fm i v\u00fdvoj\u00e1\u0159\u016fm.<\/p>\n<p>\u201eBrno se v tomto smyslu profiluje jako \u201a\u017eiv\u00e1 laborato\u0159\u2018, kde se nov\u00e9 p\u0159\u00edstupy testuj\u00ed v re\u00e1ln\u00e9m prost\u0159ed\u00ed a n\u00e1sledn\u011b zav\u00e1d\u011bj\u00ed do praxe,\u201c <\/p>\n<p>popsal situaci redakci mluv\u010d\u00ed tamn\u00edho magistr\u00e1tu Filip Po\u0148uch\u00e1lek.<\/p>\n<p>I n\u011bkter\u00e1 dal\u0161\u00ed na\u0161e m\u011bsta se sna\u017e\u00ed zlep\u0161ovat. Nap\u0159\u00edklad v P\u00edsku zavedli sd\u00edlen\u00e1 kola, sd\u00edlen\u00e9 elektroauto a upravilo syst\u00e9m m\u011bstsk\u00e9 hromadn\u00e9 dopravy. Vedle toho pak v digit\u00e1ln\u00edch slu\u017eb\u00e1ch rozv\u00edj\u00ed m\u011bstskou mobiln\u00ed aplikaci, kter\u00e1 obsahuje unik\u00e1tn\u00ed m\u011bstsk\u00fd e-shop, kde mohou obyvatel\u00e9 platit m\u00edstn\u00ed poplatky.<\/p>\n<p>Na \u0161pici z\u016fst\u00e1vaj\u00ed jin\u00e1 m\u011bsta<\/p>\n<p>Mezi nejv\u011bt\u0161\u00ed premianty pat\u0159\u00ed v \u017eeb\u0159\u00ed\u010dku IMD Smart City Indexu 2026 V\u00edde\u0148, Amsterdam nebo Barcelona. \u010c\u00edm si to zaslou\u017eili?<\/p>\n<p>M\u011bsto na Dunaji se nap\u0159\u00edklad zav\u00e1zalo, \u017ee do roku 2050 <a href=\"https:\/\/zahradaweb.cz\/viden-sazi-na-klima-do-zelene-budoucnosti-investuje-miliardu-eur\/\" rel=\"nofollow noopener\" target=\"_blank\">sn\u00ed\u017e\u00ed <\/a>CO2 z 3,1 tuny na obyvatele na 1 tunu. D\u00e1le chce do stejn\u00e9ho obdob\u00ed vyu\u017e\u00edvat a\u017e polovinu sv\u00e9 spot\u0159ebovan\u00e9 energie z obnoviteln\u00fdch zdroj\u016f a a zachovat 50procentn\u00ed pod\u00edl sv\u00fdch zelen\u00fdch ploch.<\/p>\n<p>Na ulic\u00edch Amsterdamu lze zase naj\u00edt t\u0159eba chytr\u00e9 pouli\u010dn\u00ed osv\u011btlen\u00ed, kter\u00e9 reaguje na vyt\u00ed\u017eenost ulic chodci. Na z\u00e1klad\u011b t\u011bchto informac\u00ed pak reguluje osv\u011btlen\u00ed a t\u00edm sni\u017euje jeho energetickou n\u00e1ro\u010dnost. M\u011bsto rovn\u011b\u017e vyvinulo aplikaci, kter\u00e1 umo\u017e\u0148uje majitel\u016fm parkovac\u00edch m\u00edst sv\u00e1 m\u00edsta za poplatek pronajmout dal\u0161\u00edm \u0159idi\u010d\u016fm nebo zjistit aktu\u00e1ln\u00ed vyt\u00ed\u017eenost parkovac\u00edch m\u00edst. Vedle toho tak\u00e9 monitoruje m\u011bstskou dopravu a v re\u00e1ln\u00e9m \u010dase d\u00e1v\u00e1 doporu\u010den\u00ed \u0159idi\u010d\u016fm, jakou trasu zvolit.<\/p>\n<p>Barcelona pak ve sv\u00fdch parc\u00edch monitoruje \u00farove\u0148 pot\u0159eby zavla\u017eov\u00e1n\u00ed rostlin. Pracovn\u00edci m\u011bsta d\u00edky tomu dost\u00e1vaj\u00ed informaci, kter\u00e1 oblast pot\u0159ebuje zavla\u017een\u00ed a kter\u00e1 ne a u\u0161et\u0159\u00ed tak ro\u010dn\u011b a\u017e 25 procent sv\u00fdch z\u00e1sob vody. V doprav\u011b pak vyu\u017e\u00edv\u00e1 chytr\u00e9 semafory, kter\u00e9 na vyt\u00ed\u017een\u00fdch tras\u00e1ch optimalizuj\u00ed po\u010dtu zelen\u00fdch sv\u011btel.<\/p>\n<p>\u00a0<\/p>\n<p>Zdroje: autorsk\u00fd \u010dl\u00e1nek, vlastn\u00ed dotazov\u00e1n\u00ed, Ministerstvo pro m\u00edstn\u00ed rozvopj \u010cR, Hlavn\u00ed m\u011bsto Praha, Brno, Wikipedia<\/p>\n<p>\u00a0<\/p>\n","protected":false},"excerpt":{"rendered":"Pod pojmem Smart City si mnoz\u00ed vybav\u00ed m\u011bsto pln\u00e9 senzor\u016f, kamer a aplikac\u00ed. Skute\u010dnost je v\u0161ak jin\u00e1. Podle&hellip;\n","protected":false},"author":2,"featured_media":202761,"comment_status":"","ping_status":"","sticky":false,"template":"","format":"standard","meta":{"footnotes":"","_share_on_mastodon":"0"},"categories":[30],"tags":[98,99],"class_list":["post-202760","post","type-post","status-publish","format-standard","has-post-thumbnail","category-praha","tag-prague","tag-praha"],"share_on_mastodon":{"url":"https:\/\/pubeurope.com\/@cz\/117213116754189453","error":""},"_links":{"self":[{"href":"https:\/\/www.europesays.com\/cz\/wp-json\/wp\/v2\/posts\/202760","targetHints":{"allow":["GET"]}}],"collection":[{"href":"https:\/\/www.europesays.com\/cz\/wp-json\/wp\/v2\/posts"}],"about":[{"href":"https:\/\/www.europesays.com\/cz\/wp-json\/wp\/v2\/types\/post"}],"author":[{"embeddable":true,"href":"https:\/\/www.europesays.com\/cz\/wp-json\/wp\/v2\/users\/2"}],"replies":[{"embeddable":true,"href":"https:\/\/www.europesays.com\/cz\/wp-json\/wp\/v2\/comments?post=202760"}],"version-history":[{"count":0,"href":"https:\/\/www.europesays.com\/cz\/wp-json\/wp\/v2\/posts\/202760\/revisions"}],"wp:featuredmedia":[{"embeddable":true,"href":"https:\/\/www.europesays.com\/cz\/wp-json\/wp\/v2\/media\/202761"}],"wp:attachment":[{"href":"https:\/\/www.europesays.com\/cz\/wp-json\/wp\/v2\/media?parent=202760"}],"wp:term":[{"taxonomy":"category","embeddable":true,"href":"https:\/\/www.europesays.com\/cz\/wp-json\/wp\/v2\/categories?post=202760"},{"taxonomy":"post_tag","embeddable":true,"href":"https:\/\/www.europesays.com\/cz\/wp-json\/wp\/v2\/tags?post=202760"}],"curies":[{"name":"wp","href":"https:\/\/api.w.org\/{rel}","templated":true}]}}