{"id":202774,"date":"2026-09-04T14:08:12","date_gmt":"2026-09-04T14:08:12","guid":{"rendered":"https:\/\/www.europesays.com\/cz\/202774\/"},"modified":"2026-09-04T14:08:12","modified_gmt":"2026-09-04T14:08:12","slug":"novy-predstavitel-krata-se-pochlubil-muskulaturou-nataceni-znovu-odstartuje-za-dva-mesice","status":"publish","type":"post","link":"https:\/\/www.europesays.com\/cz\/202774\/","title":{"rendered":"Nov\u00fd p\u0159edstavitel Krata se pochlubil muskulaturou. Nat\u00e1\u010den\u00ed znovu odstartuje za dva m\u011bs\u00edce"},"content":{"rendered":"<p class=\"c_bB\">Hlavn\u00ed roli Krata v\u00a0seri\u00e1lu God of War m\u011bl p\u016fvodn\u011b ztv\u00e1rnit Ryan Hurst, mj. p\u0159edstavitel Thora ve h\u0159e God of War: Ragnar\u00f6k, p\u0159i nat\u00e1\u010den\u00ed se ale zranil a\u00a0od projektu musel odstoupit. Amazon nyn\u00ed mus\u00ed p\u0159eto\u010dit nato\u010den\u00e9 \u010dty\u0159i d\u00edly, p\u0159i\u010dem\u017e do hlavn\u00ed role anga\u017eoval zn\u00e1m\u00e9ho herce a\u00a0b\u00fdval\u00e9ho wrestlera Davea Bautistu. <\/p>\n<p class=\"c_bB\">P\u0159edstavitel komiksov\u00e9ho hrdiny Draxe z\u00a0marvelovek a\u00a0z\u00e1rove\u0148 tak\u00e9 hv\u011bzda sn\u00edmk\u016f Arm\u00e1da mrtv\u00fdch \u010di Demoli\u010dn\u00ed \u010deta byl v\u00a0posledn\u00ed dob\u011b kritizov\u00e1n za \u0161patnou formu a\u00a0na n\u011bkter\u00fdch sn\u00edmc\u00edch p\u016fsobil pohuble.  <\/p>\n<p class=\"c_bB\">Tomu je ale konec, nebo\u0165 Bautista bere p\u0159\u00edpravu na roli kata \u0159eck\u00fdch i\u00a0seversk\u00fdch boh\u016f velmi v\u00e1\u017en\u011b. Pochlubil se videem z\u00a0posilovny, kde z\u00e1rove\u0148 zve\u0159ejnil, \u017ee obnoven\u00ed nat\u00e1\u010den\u00ed seri\u00e1lu God of War prob\u011bhne za dva m\u011bs\u00edce. <\/p>\n<p class=\"c_bB\">Bautista se v\u00a0seri\u00e1lu potk\u00e1 s\u00a0Callumen Vinsonem v\u00a0roli Kratova syna Atrea, dal\u0161\u00ed postavy si zahraj\u00ed nap\u0159\u00edklad Alastair Duncan (Mimir), Danny Woodburn (Brok), Jeff Guka (Sindri) \u010di Sonya Walgerov\u00e1 (Freya). Zlot\u0159il\u00e9 seversk\u00e9 bohy ztv\u00e1rn\u00ed Mandy Patinkin (Odin), \u00d3lafur Darri \u00d3lafsson (Thor) a\u00a0Ed Skrein (Baldur). <\/p>\n<p class=\"c_bB\">Seri\u00e1l God of War chyst\u00e1 showrunner Ronald D. Moore s\u00a0re\u017eis\u00e9rem Frederickem E. O. Toyem. Premi\u00e9ry by se m\u011bl do\u010dkat na sklonku p\u0159\u00ed\u0161t\u00edho roku. <\/p>\n<p><a data-dot=\"atm-link\" target=\"_self\" href=\"https:\/\/www.novinky.cz\/clanek\/kultura-tv-streaming-god-of-war-novym-serialovym-kratem-bude-nejspise-dave-bautista-40591051\" class=\"c_I\" rel=\"nofollow noopener\"><img fetchpriority=\"high\" height=\"675\" width=\"1200\" src=\"https:\/\/www.europesays.com\/cz\/wp-content\/uploads\/2026\/09\/dave-bautista-film-afterburn.jpeg\" loading=\"eager\" decoding=\"sync\" class=\"c_t c_r\"\/><\/a><\/p>\n","protected":false},"excerpt":{"rendered":"Hlavn\u00ed roli Krata v\u00a0seri\u00e1lu God of War m\u011bl p\u016fvodn\u011b ztv\u00e1rnit Ryan Hurst, mj. p\u0159edstavitel Thora ve h\u0159e God&hellip;\n","protected":false},"author":2,"featured_media":202775,"comment_status":"","ping_status":"","sticky":false,"template":"","format":"standard","meta":{"footnotes":"","_share_on_mastodon":"0"},"categories":[14],"tags":[876,41435,79,41434,41433,80],"class_list":["post-202774","post","type-post","status-publish","format-standard","has-post-thumbnail","category-zabava","tag-amazon-prime-video","tag-dave-bautista","tag-entertainment","tag-god-of-war-laufey-videohra","tag-god-of-war-ragnarok-videohra","tag-zabava"],"share_on_mastodon":{"url":"https:\/\/pubeurope.com\/@cz\/117213168320465904","error":""},"_links":{"self":[{"href":"https:\/\/www.europesays.com\/cz\/wp-json\/wp\/v2\/posts\/202774","targetHints":{"allow":["GET"]}}],"collection":[{"href":"https:\/\/www.europesays.com\/cz\/wp-json\/wp\/v2\/posts"}],"about":[{"href":"https:\/\/www.europesays.com\/cz\/wp-json\/wp\/v2\/types\/post"}],"author":[{"embeddable":true,"href":"https:\/\/www.europesays.com\/cz\/wp-json\/wp\/v2\/users\/2"}],"replies":[{"embeddable":true,"href":"https:\/\/www.europesays.com\/cz\/wp-json\/wp\/v2\/comments?post=202774"}],"version-history":[{"count":0,"href":"https:\/\/www.europesays.com\/cz\/wp-json\/wp\/v2\/posts\/202774\/revisions"}],"wp:featuredmedia":[{"embeddable":true,"href":"https:\/\/www.europesays.com\/cz\/wp-json\/wp\/v2\/media\/202775"}],"wp:attachment":[{"href":"https:\/\/www.europesays.com\/cz\/wp-json\/wp\/v2\/media?parent=202774"}],"wp:term":[{"taxonomy":"category","embeddable":true,"href":"https:\/\/www.europesays.com\/cz\/wp-json\/wp\/v2\/categories?post=202774"},{"taxonomy":"post_tag","embeddable":true,"href":"https:\/\/www.europesays.com\/cz\/wp-json\/wp\/v2\/tags?post=202774"}],"curies":[{"name":"wp","href":"https:\/\/api.w.org\/{rel}","templated":true}]}}