{"id":202784,"date":"2026-09-04T14:15:09","date_gmt":"2026-09-04T14:15:09","guid":{"rendered":"https:\/\/www.europesays.com\/cz\/202784\/"},"modified":"2026-09-04T14:15:09","modified_gmt":"2026-09-04T14:15:09","slug":"prima-rok-4-9-v-1540-salsa-festival-praha-prima-rok","status":"publish","type":"post","link":"https:\/\/www.europesays.com\/cz\/202784\/","title":{"rendered":"Prima ROK, 4.9. v 15:40 &#8211; Salsa festival Praha &#8211; Prima ROK"},"content":{"rendered":"<p>    Prima ROK, 4.9. v 15:40 &#8211; Salsa festival Praha &#8211; Prima ROK &#8211; CNN Prima NEWS<\/p>\n<p>                                        <a href=\"https:\/\/cnn.iprima.cz\/\" class=\"breadcrumbs-item no-underline text-dark-gray-text-3 inline-flex hover:underline shrink-0\" rel=\"nofollow noopener\" target=\"_blank\"><br \/>\n                    Dom\u016f<br \/>\n                <\/a><\/p>\n<p>                                        <a href=\"https:\/\/cnn.iprima.cz\/porady\" class=\"breadcrumbs-item no-underline text-dark-gray-text-3 inline-flex hover:underline shrink-0\" rel=\"nofollow noopener\" target=\"_blank\"><br \/>\n                    Po\u0159ady<br \/>\n                <\/a><\/p>\n<p>                                        <a href=\"https:\/\/cnn.iprima.cz\/porady\/prima-rok\" class=\"breadcrumbs-item no-underline text-dark-gray-text-3 inline-flex hover:underline shrink-0\" rel=\"nofollow noopener\" target=\"_blank\"><br \/>\n                    Prima ROK<br \/>\n                <\/a><\/p>\n<p>                    Prima ROK, 4.9. v 15:40 &#8211; Salsa festival Praha<\/p>\n<p>                        4. z\u00e1\u0159 2026, 15:40\n                    <\/p>\n<p>                    Dal\u0161\u00ed videa po\u0159adu<\/p>\n<p>                            <a href=\"https:\/\/cnn.iprima.cz\/porady\/prima-rok\/prima-rok-4-9-v-15-40\" rel=\"nofollow noopener\" target=\"_blank\"><br \/>\n                                    <\/a><\/p>\n<p>            <a href=\"https:\/\/cnn.iprima.cz\/porady\/prima-rok\/prima-rok-4-9-v-15-40\" rel=\"nofollow noopener\" target=\"_blank\"><\/p>\n<p>                        <img decoding=\"async\" src=\"https:\/\/www.europesays.com\/cz\/wp-content\/uploads\/2026\/09\/t_16x9_large_500_281.jpeg\" loading=\"lazy\" alt=\"Prima ROK, 4.9. v 15:40 - Salsa festival Praha\"\/><\/p>\n<p>                            <\/a><\/p>\n<p>                            <a href=\"https:\/\/cnn.iprima.cz\/porady\/prima-rok\/prima-rok-3-9-v-18-35\" rel=\"nofollow noopener\" target=\"_blank\"><br \/>\n                                    <\/a><\/p>\n<p>            <a href=\"https:\/\/cnn.iprima.cz\/porady\/prima-rok\/prima-rok-3-9-v-18-35\" rel=\"nofollow noopener\" target=\"_blank\"><\/p>\n<p>                        <img decoding=\"async\" src=\"https:\/\/www.europesays.com\/cz\/wp-content\/uploads\/2026\/09\/1788531308_526_t_16x9_large_500_281.jpeg\" loading=\"lazy\" alt=\"Prima ROK, 3.9. v 18:35 - Klatovy\"\/><\/p>\n<p>                            <\/a><\/p>\n<p>        Nejnov\u011bj\u0161\u00ed videa<\/p>\n<p>                            <a href=\"https:\/\/cnn.iprima.cz\/porady\/prima-rok\/prima-rok-4-9-v-15-40\" rel=\"nofollow noopener\" target=\"_blank\"><br \/>\n                                    <\/a><\/p>\n<p>            <a href=\"https:\/\/cnn.iprima.cz\/porady\/prima-rok\/prima-rok-4-9-v-15-40\" rel=\"nofollow noopener\" target=\"_blank\"><\/p>\n<p>                        <img decoding=\"async\" src=\"https:\/\/www.europesays.com\/cz\/wp-content\/uploads\/2026\/09\/t_16x9_large_500_281.jpeg\" loading=\"lazy\" alt=\"Prima ROK, 4.9. v 15:40 - Salsa festival Praha\"\/><\/p>\n<p>                            <\/a><\/p>\n<p>                            <a href=\"https:\/\/cnn.iprima.cz\/porady\/pocasi\/pocasi-4-9-v-15-14\" rel=\"nofollow noopener\" target=\"_blank\"><br \/>\n                                    <\/a><\/p>\n<p>            <a href=\"https:\/\/cnn.iprima.cz\/porady\/pocasi\/pocasi-4-9-v-15-14\" rel=\"nofollow noopener\" target=\"_blank\"><\/p>\n<p>                        <img decoding=\"async\" src=\"https:\/\/www.europesays.com\/cz\/wp-content\/uploads\/2026\/09\/1788531309_956_t_16x9_large_500_281.jpeg\" loading=\"lazy\" alt=\"PO\u010cAS\u00cd, 4.9. v 15:14\"\/><\/p>\n<p>                            <\/a><\/p>\n","protected":false},"excerpt":{"rendered":"Prima ROK, 4.9. v 15:40 &#8211; Salsa festival Praha &#8211; Prima ROK &#8211; CNN Prima NEWS Dom\u016f Po\u0159ady&hellip;\n","protected":false},"author":2,"featured_media":202785,"comment_status":"","ping_status":"","sticky":false,"template":"","format":"standard","meta":{"footnotes":"","_share_on_mastodon":"0"},"categories":[30],"tags":[46256,98,99,22651,424],"class_list":["post-202784","post","type-post","status-publish","format-standard","has-post-thumbnail","category-praha","tag-4-9-v-1540-salsa-festival-praha","tag-prague","tag-praha","tag-prima-rok","tag-video"],"share_on_mastodon":{"url":"https:\/\/pubeurope.com\/@cz\/117213195930169716","error":""},"_links":{"self":[{"href":"https:\/\/www.europesays.com\/cz\/wp-json\/wp\/v2\/posts\/202784","targetHints":{"allow":["GET"]}}],"collection":[{"href":"https:\/\/www.europesays.com\/cz\/wp-json\/wp\/v2\/posts"}],"about":[{"href":"https:\/\/www.europesays.com\/cz\/wp-json\/wp\/v2\/types\/post"}],"author":[{"embeddable":true,"href":"https:\/\/www.europesays.com\/cz\/wp-json\/wp\/v2\/users\/2"}],"replies":[{"embeddable":true,"href":"https:\/\/www.europesays.com\/cz\/wp-json\/wp\/v2\/comments?post=202784"}],"version-history":[{"count":0,"href":"https:\/\/www.europesays.com\/cz\/wp-json\/wp\/v2\/posts\/202784\/revisions"}],"wp:featuredmedia":[{"embeddable":true,"href":"https:\/\/www.europesays.com\/cz\/wp-json\/wp\/v2\/media\/202785"}],"wp:attachment":[{"href":"https:\/\/www.europesays.com\/cz\/wp-json\/wp\/v2\/media?parent=202784"}],"wp:term":[{"taxonomy":"category","embeddable":true,"href":"https:\/\/www.europesays.com\/cz\/wp-json\/wp\/v2\/categories?post=202784"},{"taxonomy":"post_tag","embeddable":true,"href":"https:\/\/www.europesays.com\/cz\/wp-json\/wp\/v2\/tags?post=202784"}],"curies":[{"name":"wp","href":"https:\/\/api.w.org\/{rel}","templated":true}]}}