{"id":202798,"date":"2026-09-04T14:28:11","date_gmt":"2026-09-04T14:28:11","guid":{"rendered":"https:\/\/www.europesays.com\/cz\/202798\/"},"modified":"2026-09-04T14:28:11","modified_gmt":"2026-09-04T14:28:11","slug":"priznivci-odsouzene-zubarky-z-kutnohorske-sekty-pro-ni-zadaji-milost","status":"publish","type":"post","link":"https:\/\/www.europesays.com\/cz\/202798\/","title":{"rendered":"P\u0159\u00edznivci odsouzen\u00e9 zuba\u0159ky z\u00a0kutnohorsk\u00e9 sekty pro ni \u017e\u00e1daj\u00ed\u00a0milost"},"content":{"rendered":"<p class=\"e_bX\">Facebookov\u00fd profil Spravedlnost pro Magdalenu ozn\u00e1mil, \u017ee \u017e\u00e1dost o\u00a0milost dostal prezident Petr Pavel p\u0159\u00edmo do rukou p\u0159i jeho \u00fatern\u00ed n\u00e1v\u0161t\u011bv\u011b na Konicku v\u00a0Olomouck\u00e9m kraji. Dokl\u00e1d\u00e1 to i\u00a0fotografie, kter\u00e1 je u\u00a0p\u0159\u00edsp\u011bvku. <\/p>\n<p class=\"e_bX\">\u201ePan\u00ed, kterou vid\u00edte na fotce, je kamar\u00e1dka Magdiny maminky. V\u00a0\u00fater\u00fd osobn\u011b p\u0159edala panu prezidentovi \u017e\u00e1dost o\u00a0milost pro Magdu (je to p\u0159esn\u011b ta ob\u00e1lka, kterou pan prezident dr\u017e\u00ed v\u00a0ruce). Pan prezident sl\u00edbil, \u017ee si v\u0161e prostuduje a\u00a0rozhodne,\u201c p\u00ed\u0161e se na profilu, kter\u00fd funguje od roku 2023.\u00a0Jeho spr\u00e1vci vystupuj\u00ed anonymn\u011b, ale je zjevn\u00e9, \u017ee jsou to lid\u00e9 bl\u00edzc\u00ed odsouzen\u00e9 l\u00e9ka\u0159ce. <\/p>\n<p class=\"e_bX\">Magdalenu \u0160ifferovou, kter\u00e1 byla partnerkou v\u016fdce kutnohorsk\u00e9 sekty Richarda a\u00a0p\u0159ijala i\u00a0jeho p\u0159\u00edjmen\u00ed, poslal soud na dev\u011bt let do v\u011bzen\u00ed a\u00a0po dobu \u010dty\u0159 let j\u00ed zak\u00e1zal p\u0159edepisovat sedativa a\u00a0hypnotika s\u00a0v\u00fdjimkou t\u011bch, kter\u00e1 se u\u017e\u00edvaj\u00ed v\u00a0zuba\u0159sk\u00e9 praxi. Spole\u010dn\u011b s\u00a0dal\u0161\u00ed b\u00fdvalou \u010dlenkou spole\u010denstv\u00ed u\u010ditelkou v\u00a0d\u016fchodu Irenou Stejskalovou dostaly tresty za to, \u017ee zavra\u017edily pr\u00e1v\u011b gurua Richarda. \u017deny se h\u00e1jily t\u00edm, \u017ee mu\u017e jim to s\u00e1m p\u0159ik\u00e1zal.<\/p>\n<p class=\"e_bX\">Hrad p\u0159ed\u00e1n\u00ed \u017e\u00e1dosti o\u00a0milost odm\u00edtl potvrdit. \u201eK jednotliv\u00fdm \u017eadatel\u016fm o\u00a0milost se s\u00a0ohledem na jejich soukrom\u00ed nevyjad\u0159ujeme,\u201c uvedl mluv\u010d\u00ed prezidenta Daniel Drake. <\/p>\n<p class=\"e_bX\">Na facebookov\u00e9m profilu u\u017e p\u00ed\u0161\u00ed lid\u00e9, \u017ee se na prezidenta kv\u016fli zuba\u0159ce, kter\u00e1 po propu\u0161t\u011bn\u00ed z\u00a0vazby za\u010dala znovu ordinovat, t\u00e9\u017e obr\u00e1t\u00ed. <\/p>\n<p class=\"e_bX\">\u201eCel\u00e1 moje rodina jsme Magdalenky paco\u0161i a\u00a0m\u00e1me ji moc r\u00e1di a\u00a0ona to v\u00ed. J\u00e1 dnes odpoledne p\u016fjdu na po\u0161tu s\u00a0dopisem na Hrad a\u00a0douf\u00e1m, \u017ee je na sv\u011bt\u011b je\u0161t\u011b trochu spravedlnosti,\u201c napsala nap\u0159\u00edklad Marcela Dost\u00e1lov\u00e1. <\/p>\n<p class=\"e_bX\">Ob\u017ealoba vra\u017edu sekt\u00e1\u0159sk\u00e9ho gurua popsala tak, \u017ee nejprve s\u00e1m dobrovoln\u011b spolkl l\u00e9k, kter\u00fd obstarala zuba\u0159ka a\u00a0kter\u00fd m\u011bl zklid\u0148uj\u00edc\u00ed a\u00a0hypnotick\u00e9 \u00fa\u010dinky. Pak ho jeho partnerka \u0159\u00edzla skalpelem do t\u0159\u00edsla a\u00a0do z\u00e1p\u011bst\u00ed a\u00a0vp\u00edchla mu celkov\u00e9 anestetikum. Pr\u00e1v\u011b na otravu touto l\u00e1tkou podle pitvy zem\u0159el.<\/p>\n<p><a data-dot=\"mol-article-card-media\" aria-hidden=\"true\" tabindex=\"-1\" href=\"https:\/\/www.seznamzpravy.cz\/clanek\/domaci-zivot-v-cesku-seniorka-a-zubarka-si-za-vrazdu-vudce-sekty-pravomocne-odpykaji-12-a-devet-let-309698\" class=\"e_n f_l8\" rel=\"nofollow noopener\" target=\"_blank\"><img fetchpriority=\"high\" height=\"1687\"   width=\"3000\" src=\"https:\/\/www.europesays.com\/cz\/wp-content\/uploads\/2026\/09\/soud-kutnohorska-sekta.jpeg\" loading=\"eager\" decoding=\"sync\" class=\"e_aa e_Z\"\/><\/a>B\u00e1la se ho<\/p>\n<p class=\"e_bX\">Vra\u017edu odsouzen\u00e9 \u017eeny vysv\u011btlovaly velmi bizarn\u011b. Tvrdily, \u017ee jim guru na\u0159\u00eddil, aby mu pomohly zem\u0159\u00edt a\u00a0dostat se tak do jin\u00e9ho sv\u011bta. Z\u00e1rove\u0148 jim m\u011bl napov\u00eddat, \u017ee a\u017e se to stane, jeho t\u011blo zmiz\u00ed a\u00a0pak si pro n\u011b p\u0159ijde a\u00a0p\u0159evede je do jin\u00e9 dimenze. Odsouzen\u00e9 \u010dlenky sekty tvrdily, \u017ee tomu v\u011b\u0159ily. Po jeho smrti skute\u010dn\u011b n\u011bkolik hodin \u010dekaly, a\u017e se to stane. Kdy\u017e t\u011blo nezmizelo, samy v\u0161e nakonec ohl\u00e1sily na policii. <\/p>\n<p class=\"e_bX\">Advok\u00e1ti stav\u011bli jejich obhajobu na tom, \u017ee byly ve chv\u00edli \u010dinu nep\u0159\u00ed\u010detn\u00e9 a\u00a0\u017ee trp\u011bly takzvan\u00fdm indukovan\u00fdm bludem. Tedy \u017ee p\u0159ejaly bludn\u00e9 chov\u00e1n\u00ed od Richarda \u0160iffera, kter\u00fd podle obhajoby touto psychickou chorobou trp\u011bl. Potvrzovaly to i\u00a0znaleck\u00e9 posudky, kter\u00e9 si obhajoba nechala vypracovat. <\/p>\n<p class=\"e_bX\">Byly ov\u0161em v\u00a0p\u0159\u00edm\u00e9m rozporu s\u00a0posudky vypracovan\u00fdmi pro policii a\u00a0soud, ve kter\u00fdch znalci naopak tvrdili, \u017ee \u017eeny m\u011bly rozpozn\u00e1vac\u00ed i\u00a0ovl\u00e1dac\u00ed schopnosti zachovan\u00e9. <\/p>\n<p>Druh\u00e1 v\u011btev p\u0159\u00edpadu &#8211; dal\u0161\u00ed dva mrtv\u00ed<\/p>\n<p class=\"e_bX\">Je\u0161t\u011b p\u0159ed smrt\u00ed Richarda \u0160iffera v\u00a0srpnu 2022\u00a0zem\u0159eli jin\u00ed dva \u010dlenov\u00e9 spole\u010denstv\u00ed. Dev\u011btapades\u00e1tilet\u00fd Ji\u0159\u00ed H. a\u00a0\u0161estapades\u00e1tilet\u00fd Franti\u0161ek J. Druh\u00fd jmenovan\u00fd podle z\u00e1v\u011br\u016f dlouh\u00e9ho vy\u0161et\u0159ov\u00e1n\u00ed sp\u00e1chal sebevra\u017edu. V\u00a0souvislosti s\u00a0prvn\u00edm \u00famrt\u00edm \u010del\u00ed ob\u017ealob\u011b \u0161estice b\u00fdval\u00fdch \u010dlen\u016f sekty, v\u010detn\u011b zuba\u0159ky Magdaleny \u0160ifferov\u00e9. A\u00a0to za\u00a0trestn\u00fd \u010din vyd\u00edr\u00e1n\u00ed a\u00a0neposkytnut\u00ed pomoci. <\/p>\n<p class=\"e_bX\">Podle ob\u017ealoby zem\u0159el Ji\u0159\u00ed H. na n\u00e1sledky lesn\u00edho ritu\u00e1lu. Odehr\u00e1val se v\u00a0les\u00edch u\u00a0\u010cesk\u00e9ho \u0160ternberku. Podle sv\u011bdeck\u00fdch v\u00fdpov\u011bd\u00ed byl b\u011bhem seance ml\u00e1cen d\u0159ev\u011bnou ty\u010d\u00ed do h\u00fd\u017ed\u00ed, ledvin a\u00a0hlavy. P\u0159esto\u017ee byl zran\u011bn\u00fd, musel na p\u0159\u00edkaz v\u016fdce sekty Richarda \u0160iffera z\u016fstat v\u00a0lese. Po n\u011bkolika dnech p\u0159ijeli dal\u0161\u00ed \u010dlenov\u00e9 sekty na kontrolu a\u00a0nalezli ho v\u00a0bezv\u011bdom\u00ed. M\u00edsto toho, aby p\u0159ivolali z\u00e1chranku, nalo\u017eili ho do auta a\u00a0odvezli k\u00a0plaveck\u00e9mu stadionu v\u00a0Kutn\u00e9 Ho\u0159e. Teprve tam zavolali pomoc. Bylo u\u017e ale pozd\u011b.<\/p>\n<p class=\"e_bX\">\u0160estici ob\u017ealovan\u00fdch hroz\u00ed r\u016fzn\u00e9 v\u00fd\u0161e trest\u016f, a\u00a0to od podm\u00ednky a\u017e po 11\u00a0let v\u011bzen\u00ed.<\/p>\n<p class=\"e_bX\">U l\u00e9ka\u0159ky Magdaleny \u0160ifferov\u00e9 jej\u00ed advok\u00e1t zd\u016fraz\u0148oval i\u00a0to, \u017ee ji partner brut\u00e1ln\u011b t\u00fdral a\u00a0ona z\u00a0n\u011bho m\u011bla strach. <\/p>\n<p class=\"e_bX\">\u201eD\u011blala to proto, \u017ee se b\u00e1la to neud\u011blat,\u201c \u0159ekl u\u00a0prvoinstan\u010dn\u00edho soudu jej\u00ed obh\u00e1jce Martin Bugaj. <\/p>\n<p>Vra\u017edu nelze akceptovat<\/p>\n<p class=\"e_bX\">Jen\u017ee z\u00a0pohledu st\u00e1tn\u00ed z\u00e1stupkyn\u011b Jany Mur\u00ednov\u00e9, kter\u00e1 vedla ob\u017ealobu, \u0161lo o\u00a0promy\u0161lenou a\u00a0dlouho p\u0159ipravovanou vra\u017edu. K\u00a0tomu se p\u0159iklonil i\u00a0soud. Ten nav\u00edc pova\u017euje za prok\u00e1zan\u00e9, \u017ee Richard \u0160iffer \u017e\u00e1dn\u00fdmi bludy netrp\u011bl a\u00a0manipuloval lidmi ze sv\u00e9ho spole\u010denstv\u00ed proto, aby z\u00edskal osobn\u00ed prosp\u011bch, p\u0159edev\u0161\u00edm finan\u010dn\u00ed. <\/p>\n<p><a data-dot=\"mol-article-card-media\" aria-hidden=\"true\" tabindex=\"-1\" href=\"https:\/\/www.seznamzpravy.cz\/clanek\/audio-podcast-5-59-kutnohorska-sekta-urezane-prsty-a-tri-mrtvi-guru-lidem-tvrdil-ze-je-buh-251759\" class=\"e_n f_l8\" rel=\"nofollow noopener\" target=\"_blank\"><img height=\"1080\"   width=\"1920\" src=\"https:\/\/www.europesays.com\/cz\/wp-content\/uploads\/2026\/09\/sekty-cz.jpeg\" loading=\"eager\" decoding=\"sync\" class=\"e_aa e_Z\"\/><\/a><\/p>\n<p class=\"e_bX\">Podle soudkyn\u011b prvoinstan\u010dn\u00edho soudu Danielly Sarah Sotol\u00e1\u0159ov\u00e9 \u017eeny nevyvi\u0148uje to, \u017ee v\u016fdci sekty bezmezn\u011b v\u011b\u0159ily.<\/p>\n<p class=\"e_bX\">\u201eNen\u00ed akceptovateln\u00e9, aby n\u011bkdo mohl vra\u017edit, kdy\u017e n\u011b\u010demu pevn\u011b v\u011b\u0159\u00ed,\u201c prohl\u00e1sila p\u0159i od\u016fvod\u0148ov\u00e1n\u00ed rozsudku Sotol\u00e1\u0159ov\u00e1. Verdikt tehdy zn\u011bl dvan\u00e1ct let pro Magdalenu \u0160ifferovou a\u00a0t\u0159in\u00e1ct pro Irenu Stejskalovou.<\/p>\n<p class=\"e_bX\">Odvolac\u00ed soud tresty n\u00e1sledn\u011b zm\u00edrnil na dev\u011bt a\u00a0dvan\u00e1ct let. Soudkyn\u011b op\u011bt zd\u016fraznila, \u017ee zuba\u0159ka jednala racion\u00e1ln\u011b.<\/p>\n<p class=\"e_bX\">\u201eM\u011bla mo\u017enost volby a\u00a0uv\u011bdomovala si existenci alternativn\u00edch \u0159e\u0161en\u00ed,\u201c komentovala rozsudek nad \u0160ifferovou soudkyn\u011b Jana Miklov\u00e1. Trest j\u00ed ale p\u0159eci jen sn\u00ed\u017eila dokonce pod z\u00e1konnou sazbu, proto\u017ee podle n\u00ed jednala za \u201eextr\u00e9mn\u011b v\u00fdjime\u010dn\u00fdch emo\u010dn\u00edch okolnost\u00ed\u201c.<\/p>\n","protected":false},"excerpt":{"rendered":"Facebookov\u00fd profil Spravedlnost pro Magdalenu ozn\u00e1mil, \u017ee \u017e\u00e1dost o\u00a0milost dostal prezident Petr Pavel p\u0159\u00edmo do rukou p\u0159i jeho&hellip;\n","protected":false},"author":2,"featured_media":202799,"comment_status":"","ping_status":"","sticky":false,"template":"","format":"standard","meta":{"footnotes":"","_share_on_mastodon":"0"},"categories":[15],"tags":[1386,46257,18970,1385,258,94,93,1624,1644],"class_list":["post-202798","post","type-post","status-publish","format-standard","has-post-thumbnail","category-sport","tag-kutnohorska-sekta","tag-magdalena-sifferova","tag-milost-prezidenta","tag-richard-siffer","tag-soud","tag-sport","tag-sports","tag-vezeni","tag-vrazda"],"share_on_mastodon":{"url":"https:\/\/pubeurope.com\/@cz\/117213246811081533","error":""},"_links":{"self":[{"href":"https:\/\/www.europesays.com\/cz\/wp-json\/wp\/v2\/posts\/202798","targetHints":{"allow":["GET"]}}],"collection":[{"href":"https:\/\/www.europesays.com\/cz\/wp-json\/wp\/v2\/posts"}],"about":[{"href":"https:\/\/www.europesays.com\/cz\/wp-json\/wp\/v2\/types\/post"}],"author":[{"embeddable":true,"href":"https:\/\/www.europesays.com\/cz\/wp-json\/wp\/v2\/users\/2"}],"replies":[{"embeddable":true,"href":"https:\/\/www.europesays.com\/cz\/wp-json\/wp\/v2\/comments?post=202798"}],"version-history":[{"count":0,"href":"https:\/\/www.europesays.com\/cz\/wp-json\/wp\/v2\/posts\/202798\/revisions"}],"wp:featuredmedia":[{"embeddable":true,"href":"https:\/\/www.europesays.com\/cz\/wp-json\/wp\/v2\/media\/202799"}],"wp:attachment":[{"href":"https:\/\/www.europesays.com\/cz\/wp-json\/wp\/v2\/media?parent=202798"}],"wp:term":[{"taxonomy":"category","embeddable":true,"href":"https:\/\/www.europesays.com\/cz\/wp-json\/wp\/v2\/categories?post=202798"},{"taxonomy":"post_tag","embeddable":true,"href":"https:\/\/www.europesays.com\/cz\/wp-json\/wp\/v2\/tags?post=202798"}],"curies":[{"name":"wp","href":"https:\/\/api.w.org\/{rel}","templated":true}]}}