{"id":202806,"date":"2026-09-04T14:37:08","date_gmt":"2026-09-04T14:37:08","guid":{"rendered":"https:\/\/www.europesays.com\/cz\/202806\/"},"modified":"2026-09-04T14:37:08","modified_gmt":"2026-09-04T14:37:08","slug":"poznejme-se-sousede-park-parukarka-20-9-2026-od-13-00-do-18-30-zpravy","status":"publish","type":"post","link":"https:\/\/www.europesays.com\/cz\/202806\/","title":{"rendered":"\u201ePoznejme se, soused\u00e9.\u201c Park Paruk\u00e1\u0159ka 20. 9. 2026 od 13.00 do 18.30 | Zpr\u00e1vy"},"content":{"rendered":"<p>  <a class=\"fancybox lazyload-wrapper\" data-fancybox=\"gallery\" rel=\"gallery nofollow noopener\" href=\"https:\/\/www.praha3.cz\/getFile\/id:843278\/type:large\/Poznejme se, soused\u00e9.JPG\" title=\"Poznejme se, soused\u00e9\" target=\"_blank\"> <img decoding=\"async\" class=\"img-responsive lazyload-img\" src=\"https:\/\/www.europesays.com\/cz\/wp-content\/uploads\/2026\/09\/Poznejme se, soused\u00e9.JPG\" data-lazyload=\"https:\/\/www.praha3.cz\/getFile\/id:843278\/type:large\/Poznejme se, soused\u00e9.JPG\" alt=\"Poznejme se, soused\u00e9\" loading=\"lazy\" width=\"900\" height=\"600\"\/> <\/a>  <\/p>\n<p>Pro d\u011bti budou p\u0159ipravena pohybov\u00e1, kreativn\u00ed a smyslov\u00e1 stanovi\u0161t\u011b, kter\u00e1 je hravou formou sezn\u00e1m\u00ed s kulturami Vietnamu, Ukrajiny, USA a Mongolska. \u010cekaj\u00ed je nejr\u016fzn\u011bj\u0161\u00ed \u00fakoly a aktivity, p\u0159i kter\u00fdch objev\u00ed zaj\u00edmavosti, tradice a zvyklosti t\u011bchto zem\u00ed. Za spln\u011bn\u00ed jednotliv\u00fdch \u00fakol\u016f z\u00edskaj\u00ed odm\u011bnu. Sou\u010d\u00e1st\u00ed stanovi\u0161\u0165 budou tak\u00e9 p\u0159\u00edb\u011bhy v\u00fdznamn\u00fdch historick\u00fdch osobnost\u00ed a zaj\u00edmav\u00fdch m\u00edst, kter\u00e1 maj\u00ed spojitost s Prahou 3.<\/p>\n<p>Program dopln\u00ed uk\u00e1zka \u010d\u00ednsk\u00e9 a japonsk\u00e9 vodn\u00ed kaligrafie, kterou si d\u011bti budou moci samy vyzkou\u0161et. V kreativn\u00ed d\u00edln\u011b si pak budou moci vyrobit vlastn\u00ed ko\u017een\u00fd amulet.<\/p>\n<p>Doprovodn\u00fd program pro d\u011bti nab\u00eddne poh\u00e1dkov\u00e9 dobrodru\u017estv\u00ed v podob\u011b tematick\u00e9 hry Poh\u00e1dkov\u00e1 zahrada. T\u011b\u0161it se mohou tak\u00e9 na d\u0159evorubeckou poh\u00e1dku z dalek\u00e9ho Japonska. Chyb\u011bt nebude ani workshop \u017eonglov\u00e1n\u00ed, airbrush tetov\u00e1n\u00ed nebo malov\u00e1n\u00ed na obli\u010dej. N\u00e1v\u0161t\u011bvn\u00edci si budou moci vytvo\u0159it tak\u00e9 tetov\u00e1n\u00ed hennou.<\/p>\n<p>Na sv\u00e9 si p\u0159ijdou tak\u00e9 milovn\u00edci dobr\u00e9ho j\u00eddla. Rodi\u010de i d\u011bti \u010dek\u00e1 pestr\u00e1 nab\u00eddka sv\u011btov\u00e9 kuchyn\u011b. Ochutnat budou moci speciality latinskoamerick\u00e9, jamajsk\u00e9, indick\u00e9 i \u010d\u00ednsk\u00e9 kuchyn\u011b a t\u011b\u0161it se mohou tak\u00e9 na kucha\u0159skou show. Nab\u00eddku dopln\u00ed vo\u0148av\u00e1 k\u00e1va, \u010daj, osv\u011b\u017euj\u00edc\u00ed limon\u00e1dy a sladk\u00e9 ob\u010derstven\u00ed.<\/p>\n<p>Sou\u010d\u00e1st\u00ed programu bude tak\u00e9 projekt DomAlma, kter\u00fd n\u00e1v\u0161t\u011bvn\u00edky prost\u0159ednictv\u00edm jednoduch\u00fdch ot\u00e1zek vyb\u00eddne ke sd\u00edlen\u00ed p\u0159\u00edb\u011bh\u016f, vzpom\u00ednek a obl\u00edben\u00fdch m\u00edst spojen\u00fdch s Prahou 3. Z\u00edskan\u00e9 odpov\u011bdi n\u00e1sledn\u011b vytvo\u0159\u00ed spole\u010dn\u00fd obraz Prahy 3 o\u010dima jej\u00edch obyvatel.<\/p>\n<p>Na p\u00f3diu zahraje kapela Pragas\u00f3n, ukrajinsk\u00e9 p\u00edsn\u011b p\u0159edstav\u00ed soubor Dreamers a vystoup\u00ed tak\u00e9 d\u011btsk\u00fd houslov\u00fd sbor. N\u00e1v\u0161t\u011bvn\u00edci se rovn\u011b\u017e mohou t\u011b\u0161it na uk\u00e1zku Dra\u010d\u00edho tance.<\/p>\n<p>\u00da\u010dastn\u00edci si budou moci zdokonalit sv\u00e9 tane\u010dn\u00ed dovednosti b\u011bhem workshopu salsy pod veden\u00edm instruktora Jorgeho Concepci\u00f3na.<\/p>\n<p>M\u011bstsk\u00e1 \u010d\u00e1st Praha 3 na akci spolupracuje s organizacemi InB\u00e1ze, Integra\u010dn\u00ed centrum Praha, SIMI, MigAct, Diakonie \u010cCE, Nov\u00e1 Trojka a Wushucentrum.<\/p>\n<p>Akce prob\u00edh\u00e1 v\u00a0r\u00e1mci projektu \u201ePraha 3 \u2013 Spole\u010dn\u00e9 sou\u017eit\u00ed 2026\u201c na podporu dr\u017eitel\u016f do\u010dasn\u00e9 ochrany spolufinancovan\u00e9ho Ministerstvem vnitra \u010cR a s\u00a0finan\u010dn\u00ed podporou hl. m. Prahy.<\/p>\n<p>\u00a0<\/p>\n","protected":false},"excerpt":{"rendered":"Pro d\u011bti budou p\u0159ipravena pohybov\u00e1, kreativn\u00ed a smyslov\u00e1 stanovi\u0161t\u011b, kter\u00e1 je hravou formou sezn\u00e1m\u00ed s kulturami Vietnamu, Ukrajiny,&hellip;\n","protected":false},"author":2,"featured_media":202807,"comment_status":"","ping_status":"","sticky":false,"template":"","format":"standard","meta":{"footnotes":"","_share_on_mastodon":"0"},"categories":[30],"tags":[46258,98,99,46259],"class_list":["post-202806","post","type-post","status-publish","format-standard","has-post-thumbnail","category-praha","tag-poznejme-se","tag-prague","tag-praha","tag-sousede-park-parukarka-20-9-2026-od-13-00-do-18-30-zpravy-praha-3"],"share_on_mastodon":{"url":"https:\/\/pubeurope.com\/@cz\/117213282104517824","error":""},"_links":{"self":[{"href":"https:\/\/www.europesays.com\/cz\/wp-json\/wp\/v2\/posts\/202806","targetHints":{"allow":["GET"]}}],"collection":[{"href":"https:\/\/www.europesays.com\/cz\/wp-json\/wp\/v2\/posts"}],"about":[{"href":"https:\/\/www.europesays.com\/cz\/wp-json\/wp\/v2\/types\/post"}],"author":[{"embeddable":true,"href":"https:\/\/www.europesays.com\/cz\/wp-json\/wp\/v2\/users\/2"}],"replies":[{"embeddable":true,"href":"https:\/\/www.europesays.com\/cz\/wp-json\/wp\/v2\/comments?post=202806"}],"version-history":[{"count":0,"href":"https:\/\/www.europesays.com\/cz\/wp-json\/wp\/v2\/posts\/202806\/revisions"}],"wp:featuredmedia":[{"embeddable":true,"href":"https:\/\/www.europesays.com\/cz\/wp-json\/wp\/v2\/media\/202807"}],"wp:attachment":[{"href":"https:\/\/www.europesays.com\/cz\/wp-json\/wp\/v2\/media?parent=202806"}],"wp:term":[{"taxonomy":"category","embeddable":true,"href":"https:\/\/www.europesays.com\/cz\/wp-json\/wp\/v2\/categories?post=202806"},{"taxonomy":"post_tag","embeddable":true,"href":"https:\/\/www.europesays.com\/cz\/wp-json\/wp\/v2\/tags?post=202806"}],"curies":[{"name":"wp","href":"https:\/\/api.w.org\/{rel}","templated":true}]}}