{"id":202816,"date":"2026-09-04T14:46:12","date_gmt":"2026-09-04T14:46:12","guid":{"rendered":"https:\/\/www.europesays.com\/cz\/202816\/"},"modified":"2026-09-04T14:46:12","modified_gmt":"2026-09-04T14:46:12","slug":"na-letisti-vaclava-havla-praha-dojde-k-navyseni-kapacity-hranicni-kontroly-v-terminalu-1","status":"publish","type":"post","link":"https:\/\/www.europesays.com\/cz\/202816\/","title":{"rendered":"Na Leti\u0161ti V\u00e1clava Havla Praha dojde k\u00a0nav\u00fd\u0161en\u00ed kapacity hrani\u010dn\u00ed kontroly v\u00a0Termin\u00e1lu 1"},"content":{"rendered":"<p class=\"wp-block-paragraph\">Praha, 4. z\u00e1\u0159\u00ed 2026<\/p>\n<p class=\"wp-block-paragraph\">Leti\u0161t\u011b Praha spolu s\u00a0Polici\u00ed \u010cesk\u00e9 republiky roz\u0161\u00ed\u0159\u00ed a zmodernizuj\u00ed prostor p\u0159\u00edletov\u00e9 hrani\u010dn\u00ed kontroly v Termin\u00e1lu 1. D\u016fvodem je pot\u0159eba zv\u00fd\u0161it jej\u00ed kapacitu zejm\u00e9na v provozn\u00edch \u0161pi\u010dk\u00e1ch a zkr\u00e1tit \u010dekac\u00ed doby cestuj\u00edc\u00edch. V\u00a0r\u00e1mci modernizace p\u0159ibude p\u011bt nov\u00fdch pasov\u00fdch p\u0159ep\u00e1\u017eek a \u010dty\u0159i samoobslu\u017en\u00e9 br\u00e1ny EasyGoGate (EGG), kter\u00e9 dod\u00e1 a nainstaluje Policie \u010cesk\u00e9 republiky. Zah\u00e1jen\u00ed prac\u00ed je pl\u00e1nov\u00e1no na prvn\u00ed polovinu z\u00e1\u0159\u00ed 2026, dokon\u010den\u00ed pak na konec dubna 2027.<\/p>\n<p><img loading=\"lazy\" decoding=\"async\" width=\"652\" height=\"462\" src=\"https:\/\/www.europesays.com\/cz\/wp-content\/uploads\/2026\/09\/letiste-.png\" alt=\"\" class=\"wp-image-227886\" style=\"aspect-ratio:1.411348088531187;width:368px;height:auto\"\/><\/p>\n<p class=\"wp-block-paragraph\">\u201eRoz\u0161\u00ed\u0159en\u00edm hrani\u010dn\u00ed kontroly reagujeme na rostouc\u00ed n\u00e1roky na jej\u00ed kapacitu, kter\u00e9 se v\u00fdrazn\u011bji projevily po zaveden\u00ed evropsk\u00e9ho syst\u00e9mu Entry\/Exit System v \u0159\u00edjnu lo\u0148sk\u00e9ho roku. Na\u0161\u00edm c\u00edlem je zv\u00fd\u0161it propustnost hrani\u010dn\u00ed kontroly a sou\u010dasn\u011b zlep\u0161it komfort cestuj\u00edc\u00edch, kte\u0159\u00ed na odbaven\u00ed \u010dekaj\u00ed. Roz\u0161\u00ed\u0159en\u00ed o nov\u00e9 pasov\u00e9 p\u0159ep\u00e1\u017eky a samoobslu\u017en\u00e9 br\u00e1ny umo\u017en\u00ed leti\u0161ti l\u00e9pe zvl\u00e1dat provozn\u00ed \u0161pi\u010dky a p\u0159isp\u011bt ke zkr\u00e1cen\u00ed \u010dekac\u00edch dob,\u201c \u0159\u00edk\u00e1 Martin Ku\u010dera, \u010dlen p\u0159edstavenstva Leti\u0161t\u011b Praha.<\/p>\n<p class=\"wp-block-paragraph\">V\u00a0Termin\u00e1lu 1 vznikne p\u011bt nov\u00fdch stanovi\u0161\u0165 p\u0159\u00edletov\u00e9 pasov\u00e9 kontroly a \u010dty\u0159i nov\u00e9 EasyGoGate (EGG), jejich\u017e dod\u00e1vku a instalaci zaji\u0161\u0165uje Policie \u010cesk\u00e9 republiky. Projekt z\u00e1rove\u0148 po\u010d\u00edt\u00e1 s roz\u0161\u00ed\u0159en\u00edm prostoru, ve kter\u00e9m cestuj\u00edc\u00ed p\u0159ed hrani\u010dn\u00ed kontrolou \u010dekaj\u00ed, a modernizac\u00ed projde tak\u00e9 kompletn\u00ed syst\u00e9m vzduchotechnick\u00fdch jednotek u cel\u00e9 pasov\u00e9 kontroly. Celkov\u00e9 n\u00e1klady investi\u010dn\u00ed akce, kter\u00e9 zahrnuj\u00ed realizaci stavby, in\u017een\u00fdrskou a projektovou \u010dinnost, technick\u00fd dozor stavebn\u00edka a koordinaci BOZP, jsou p\u0159edpokl\u00e1d\u00e1ny do v\u00fd\u0161e 290 milion\u016f korun.<\/p>\n<p class=\"wp-block-paragraph\">Roz\u0161\u00ed\u0159en\u00ed pasov\u00e9 kontroly je ji\u017e od p\u0159\u00edpravy projektu pr\u016fb\u011b\u017en\u011b koordinov\u00e1na s Polici\u00ed \u010cesk\u00e9 republiky. \u201cModernizace a stavebn\u00ed \u00fapravy v prostoru hrani\u010dn\u00ed kontroly na Termin\u00e1lu 1 p\u0159isp\u011bj\u00ed k dal\u0161\u00edmu pos\u00edlen\u00ed bezpe\u010dnosti vn\u011bj\u0161\u00ed schengensk\u00e9 hranice. Projekt je s n\u00e1mi od sam\u00e9ho po\u010d\u00e1tku pr\u016fb\u011b\u017en\u011b koordinov\u00e1n tak, aby nov\u00e9 prvky pln\u011b odpov\u00eddaly v\u0161em stanoven\u00fdm bezpe\u010dnostn\u00edm standard\u016fm a legislativn\u00edm po\u017eadavk\u016fm,\u201d \u0159\u00edk\u00e1 plk. Mgr. Tom\u00e1\u0161 Jel\u00ednek, vedouc\u00ed Inspektor\u00e1tu cizineck\u00e9 policie na Leti\u0161ti V\u00e1clava Havla Praha. \u00a0\u00a0<\/p>\n<p class=\"wp-block-paragraph\">I kdy\u017e budou pr\u00e1ce rozd\u011bleny do jednotliv\u00fdch etap tak, aby byl dopad na provoz leti\u0161t\u011b co nejmen\u0161\u00ed a omezen\u00ed kapacity hrani\u010dn\u00ed kontroly minim\u00e1ln\u00ed, m\u016f\u017ee v pr\u016fb\u011bhu p\u0159estavby doj\u00edt k do\u010dasn\u00e9mu omezen\u00ed pasov\u00e9 kontroly a vzniku front. Ob\u010dan\u00e9 Evropsk\u00e9 unie mohou j\u00edt p\u0159\u00edmo na p\u0159ep\u00e1\u017eky a EGG pro evropsk\u00e9 pasy, jeliko\u017e se jich evidence do syst\u00e9mu EES net\u00fdk\u00e1. B\u011bhem jedn\u00e9 etapy dojde k do\u010dasn\u00e9mu uzav\u0159en\u00ed t\u0159\u00ed pasov\u00fdch p\u0159ep\u00e1\u017eek, a proto je tato etapa pl\u00e1nov\u00e1na do obdob\u00ed s nejslab\u0161\u00edm provozem a sou\u010dasn\u011b s ni\u017e\u0161\u00edm pod\u00edlem cestuj\u00edc\u00edch ze zem\u00ed mimo schengensk\u00fd prostor. V pr\u016fb\u011bhu ostatn\u00edch etap bude doch\u00e1zet pouze k lok\u00e1ln\u00edm omezen\u00edm v prostoru p\u0159ed hrani\u010dn\u00ed kontrolou. Standardn\u00ed toky cestuj\u00edc\u00edch p\u0159es hrani\u010dn\u00ed kontrolu z\u016fstanou zachov\u00e1ny a budou pouze p\u0159izp\u016fsobeny aktu\u00e1ln\u00edm z\u00e1bor\u016fm v m\u00edst\u011b stavby. Na \u0159\u00edzen\u00ed toku cestuj\u00edc\u00edch se bude stejn\u011b jako dosud v\u00fdznamn\u011b pod\u00edlet tzv. Red Team, kter\u00fd koordinuje pohyb cestuj\u00edc\u00edch p\u0159ed hrani\u010dn\u00ed kontrolou a pom\u00e1h\u00e1 reagovat na aktu\u00e1ln\u00ed provozn\u00ed situaci.<\/p>\n<p class=\"wp-block-paragraph\">Dal\u0161\u00ed aktu\u00e1ln\u00ed informace naleznete tak\u00e9 na s\u00edti X Leti\u0161t\u011b Praha <a href=\"https:\/\/www.twitter.com\/pragueairport\" target=\"_blank\" rel=\"noopener nofollow\">@PragueAirport<\/a>.<\/p>\n<p>Sd\u00edlejte tento \u010dl\u00e1nek:<script async src=\"https:\/\/platform.twitter.com\/widgets.js\" charset=\"utf-8\"><\/script><\/p>\n","protected":false},"excerpt":{"rendered":"Praha, 4. z\u00e1\u0159\u00ed 2026 Leti\u0161t\u011b Praha spolu s\u00a0Polici\u00ed \u010cesk\u00e9 republiky roz\u0161\u00ed\u0159\u00ed a zmodernizuj\u00ed prostor p\u0159\u00edletov\u00e9 hrani\u010dn\u00ed kontroly v&hellip;\n","protected":false},"author":2,"featured_media":202817,"comment_status":"","ping_status":"","sticky":false,"template":"","format":"standard","meta":{"footnotes":"","_share_on_mastodon":"0"},"categories":[30],"tags":[98,99],"class_list":["post-202816","post","type-post","status-publish","format-standard","has-post-thumbnail","category-praha","tag-prague","tag-praha"],"share_on_mastodon":{"url":"https:\/\/pubeurope.com\/@cz\/117213318289673856","error":""},"_links":{"self":[{"href":"https:\/\/www.europesays.com\/cz\/wp-json\/wp\/v2\/posts\/202816","targetHints":{"allow":["GET"]}}],"collection":[{"href":"https:\/\/www.europesays.com\/cz\/wp-json\/wp\/v2\/posts"}],"about":[{"href":"https:\/\/www.europesays.com\/cz\/wp-json\/wp\/v2\/types\/post"}],"author":[{"embeddable":true,"href":"https:\/\/www.europesays.com\/cz\/wp-json\/wp\/v2\/users\/2"}],"replies":[{"embeddable":true,"href":"https:\/\/www.europesays.com\/cz\/wp-json\/wp\/v2\/comments?post=202816"}],"version-history":[{"count":0,"href":"https:\/\/www.europesays.com\/cz\/wp-json\/wp\/v2\/posts\/202816\/revisions"}],"wp:featuredmedia":[{"embeddable":true,"href":"https:\/\/www.europesays.com\/cz\/wp-json\/wp\/v2\/media\/202817"}],"wp:attachment":[{"href":"https:\/\/www.europesays.com\/cz\/wp-json\/wp\/v2\/media?parent=202816"}],"wp:term":[{"taxonomy":"category","embeddable":true,"href":"https:\/\/www.europesays.com\/cz\/wp-json\/wp\/v2\/categories?post=202816"},{"taxonomy":"post_tag","embeddable":true,"href":"https:\/\/www.europesays.com\/cz\/wp-json\/wp\/v2\/tags?post=202816"}],"curies":[{"name":"wp","href":"https:\/\/api.w.org\/{rel}","templated":true}]}}