{"id":202848,"date":"2026-09-04T15:15:16","date_gmt":"2026-09-04T15:15:16","guid":{"rendered":"https:\/\/www.europesays.com\/cz\/202848\/"},"modified":"2026-09-04T15:15:16","modified_gmt":"2026-09-04T15:15:16","slug":"lela-vemola-ma-nove-auto-gecko-to-sice-neni-zas-o-tolik-se-ale-uskromnit-nemusela","status":"publish","type":"post","link":"https:\/\/www.europesays.com\/cz\/202848\/","title":{"rendered":"Lela V\u00e9mola m\u00e1 nov\u00e9 auto! G\u00e9\u010dko to sice nen\u00ed, zas o\u00a0tolik se ale uskromnit nemusela"},"content":{"rendered":"<p class=\"b_bs\">Lela V\u00e9mola se v\u00a0posledn\u00edch t\u00fddnech na soci\u00e1ln\u00edch s\u00edt\u00edch <a data-dot=\"atm-link\" target=\"_blank\" rel=\"noopener nofollow\" href=\"https:\/\/www.super.cz\/clanek\/celebrity-poprve-na-verejnosti-v-nove-image-lela-vemola-si-vyraznou-zmenu-chvali-pomohla-ji-k-dulezitemu-kroku-1527656\" class=\"b_X\">pochlubila nejednou zm\u011bnou<\/a>. P\u0159est\u011bhovala se, stala se z\u00a0n\u00ed brunetka a\u00a0uspo\u0159\u00e1dala v\u00fdprodej sv\u00e9ho luxusn\u00edho \u0161atn\u00edku. Jen u\u00a0toho ale po jarn\u00edm rozchodu s\u00a0Karlosem nez\u016fstalo.<\/p>\n<p><a data-dot=\"atm-link\" aria-hidden=\"true\" tabindex=\"-1\" href=\"https:\/\/www.garaz.cz\/clanek\/zajimavosti-prodej-aut-vyprodej-u-karlose-nekonci-vemola-se-zbavuje-dalsiho-auta-21017591\" class=\"b_X o_g7\" rel=\"nofollow noopener\" target=\"_blank\"><img fetchpriority=\"high\" height=\"814\"   width=\"1448\" src=\"https:\/\/www.europesays.com\/cz\/wp-content\/uploads\/2026\/09\/bmw-x7-vemola.jpeg\" loading=\"eager\" decoding=\"sync\" class=\"b_D b_B\"\/><\/a><\/p>\n<p class=\"b_bs\">Nyn\u00ed se toti\u017e nechala zv\u011b\u010dnit se sv\u00fdm nov\u00fdm autem. Vozov\u00fd park V\u00e9mol\u016f je prop\u00edran\u00fdm t\u00e9matem od chv\u00edle, kdy Karlos od nov\u00e9ho bydli\u0161t\u011b Lely nechal jej\u00ed luxusn\u00ed <a data-dot=\"atm-tag-link\" href=\"https:\/\/www.garaz.cz\/tag\/mercedes-benz-tridy-g-83053\" class=\"b_X atm-tag-link\" rel=\"nofollow noopener\" target=\"_blank\">Mercedes-Benz t\u0159\u00eddy G<\/a> odt\u00e1hnout.<\/p>\n<p class=\"b_bs\">BMW X7\u00a0v\u00a0na\u0161em d\u0159\u00edv\u011bj\u0161\u00edm testu.Video: Honza Koubek<\/p>\n<p class=\"b_bs\">Lela tak musela n\u011bjak\u00fd \u010das jezdit v\u0161edn\u00edm komb\u00edkem p\u016fj\u010den\u00fdm od kamar\u00e1dky, pot\u00e9 si od zn\u00e1m\u00e9 p\u016fj\u010dila BMW X5, a\u017e se na ni (a jej\u00ed t\u0159i d\u011bti) zase usm\u00e1lo \u0161t\u011bst\u00ed. Spole\u010dn\u011b toti\u017e mohou nasednout na palubu luxusn\u00edho SUV <a data-dot=\"atm-tag-link\" href=\"https:\/\/www.garaz.cz\/tag\/bmw-x7-79807\" class=\"b_X atm-tag-link\" rel=\"nofollow noopener\" target=\"_blank\">BMW X7<\/a>, kter\u00e9 j\u00ed p\u0159edala firma Cartop.<\/p>\n<p class=\"b_bs\">\u201eDne\u0161n\u00ed p\u0159ed\u00e1n\u00ed nov\u00e9 X7\u00a0a\u00a0dal\u0161\u00ed velmi spokojen\u00e1 z\u00e1kaznice,\u201c napsal Cartop ke sv\u00e9mu videu na soci\u00e1ln\u00edch s\u00edt\u00edch. I\u00a0kdy\u017e Lela za volantem nen\u00ed dost dob\u0159e vid\u011bt, kr\u00e1tce po p\u0159ed\u00e1n\u00ed u\u017e s\u00edt\u011b oblet\u011bly prvn\u00ed sn\u00edmky spokojen\u00e9 majitelky za volantem.<\/p>\n<p><a data-dot=\"atm-link\" aria-hidden=\"true\" tabindex=\"-1\" href=\"https:\/\/www.super.cz\/clanek\/celebrity-rozvodova-bitva-karlose-vemoly-a-lely-se-rozhorela-naplno-chci-stridavou-peci-rekl-zapasnik-mma-1527706\" class=\"b_X o_g7\" rel=\"nofollow noopener\" target=\"_blank\"><img height=\"1080\"   width=\"1920\" src=\"https:\/\/www.europesays.com\/cz\/wp-content\/uploads\/2026\/09\/1788534915_847_karlos-vemola.jpeg\" loading=\"eager\" decoding=\"sync\" class=\"b_D b_B\"\/><\/a><\/p>\n<p class=\"b_bs\">Je toto definitivn\u00ed te\u010dka za turbulentn\u00edm obdob\u00edm Lely a\u00a0Karlose? To uk\u00e1\u017e\u00ed a\u017e p\u0159\u00ed\u0161t\u00ed t\u00fddny a\u00a0m\u011bs\u00edce. Lele ka\u017edop\u00e1dn\u011b za volantem p\u0159ejeme mnoho \u0161\u0165astn\u00fdch a\u00a0klidn\u00fdch kilometr\u016f!<\/p>\n<p><a data-dot=\"atm-link\" aria-hidden=\"true\" tabindex=\"-1\" href=\"https:\/\/www.garaz.cz\/clanek\/zajimavosti-prodej-aut-karlos-vemola-prodava-svoji-bestii-auto-po-terminatorovi-by-se-mohlo-libit-filipovi-turkovi-21017547\" class=\"b_X o_g7\" rel=\"nofollow noopener\" target=\"_blank\"><img height=\"787\"   width=\"1400\" src=\"https:\/\/www.europesays.com\/cz\/wp-content\/uploads\/2026\/09\/mercedes-amg-vemola.jpeg\" loading=\"eager\" decoding=\"sync\" class=\"b_D b_B\"\/><\/a><\/p>\n","protected":false},"excerpt":{"rendered":"Lela V\u00e9mola se v\u00a0posledn\u00edch t\u00fddnech na soci\u00e1ln\u00edch s\u00edt\u00edch pochlubila nejednou zm\u011bnou. P\u0159est\u011bhovala se, stala se z\u00a0n\u00ed brunetka a\u00a0uspo\u0159\u00e1dala&hellip;\n","protected":false},"author":2,"featured_media":202849,"comment_status":"","ping_status":"","sticky":false,"template":"","format":"standard","meta":{"footnotes":"","_share_on_mastodon":"0"},"categories":[10],"tags":[13244,17,21,1801,1800,22317,16,18,19,22,20],"class_list":["post-202848","post","type-post","status-publish","format-standard","has-post-thumbnail","category-zpravy","tag-bmw-x7","tag-headlines","tag-hlavni-udalosti","tag-karlos-vemola","tag-lela-vemola","tag-mercedes-benz-tridy-g","tag-news","tag-top-news","tag-top-stories","tag-udalosti-dne","tag-zpravy"],"share_on_mastodon":{"url":"https:\/\/pubeurope.com\/@cz\/117213431648824532","error":""},"_links":{"self":[{"href":"https:\/\/www.europesays.com\/cz\/wp-json\/wp\/v2\/posts\/202848","targetHints":{"allow":["GET"]}}],"collection":[{"href":"https:\/\/www.europesays.com\/cz\/wp-json\/wp\/v2\/posts"}],"about":[{"href":"https:\/\/www.europesays.com\/cz\/wp-json\/wp\/v2\/types\/post"}],"author":[{"embeddable":true,"href":"https:\/\/www.europesays.com\/cz\/wp-json\/wp\/v2\/users\/2"}],"replies":[{"embeddable":true,"href":"https:\/\/www.europesays.com\/cz\/wp-json\/wp\/v2\/comments?post=202848"}],"version-history":[{"count":0,"href":"https:\/\/www.europesays.com\/cz\/wp-json\/wp\/v2\/posts\/202848\/revisions"}],"wp:featuredmedia":[{"embeddable":true,"href":"https:\/\/www.europesays.com\/cz\/wp-json\/wp\/v2\/media\/202849"}],"wp:attachment":[{"href":"https:\/\/www.europesays.com\/cz\/wp-json\/wp\/v2\/media?parent=202848"}],"wp:term":[{"taxonomy":"category","embeddable":true,"href":"https:\/\/www.europesays.com\/cz\/wp-json\/wp\/v2\/categories?post=202848"},{"taxonomy":"post_tag","embeddable":true,"href":"https:\/\/www.europesays.com\/cz\/wp-json\/wp\/v2\/tags?post=202848"}],"curies":[{"name":"wp","href":"https:\/\/api.w.org\/{rel}","templated":true}]}}