{"id":202880,"date":"2026-09-04T15:44:10","date_gmt":"2026-09-04T15:44:10","guid":{"rendered":"https:\/\/www.europesays.com\/cz\/202880\/"},"modified":"2026-09-04T15:44:10","modified_gmt":"2026-09-04T15:44:10","slug":"bezecke-zavody-v-sobotu-omezi-dopravu-v-centru-prahy","status":"publish","type":"post","link":"https:\/\/www.europesays.com\/cz\/202880\/","title":{"rendered":"B\u011b\u017eeck\u00e9 z\u00e1vody v sobotu omez\u00ed dopravu v centru Prahy"},"content":{"rendered":"<p>Prvn\u00ed z\u00e1vod \u017een na p\u011bt kilometr\u016f odstartuje v 18:00 z n\u00e1m\u011bst\u00ed Republiky u Obecn\u00edho domu, hlavn\u00ed Birell B\u011bh na deset kilometr\u016f za\u010dne v 19:30 na stejn\u00e9m m\u00edst\u011b. C\u00edl obou z\u00e1vod\u016f bude znovu na n\u00e1m\u011bst\u00ed Republiky.<\/p>\n<p>Uzav\u00edrky v trase z\u00e1vodu za\u010dnou platit u\u017e s p\u0159edstihem, upozornil mluv\u010d\u00ed magistr\u00e1tu V\u00edt Hofman. Jednotliv\u00e9 ulice pot\u00e9 budou policist\u00e9 ve spolupr\u00e1ci se str\u00e1\u017en\u00edky postupn\u011b otev\u00edrat ihned po prob\u011bhnut\u00ed posledn\u00edho b\u011b\u017ece.<\/p>\n<p>Uzav\u00edrky pro automobily se budou od 16:30 do 22:00 t\u00fdkat doln\u00ed poloviny V\u00e1clavsk\u00e9ho n\u00e1m\u011bst\u00ed, ulice Na P\u0159\u00edkop\u011b a n\u00e1m\u011bst\u00ed Republiky. Od 17:30 do 21:00 budou nepr\u016fjezdn\u00e9 ulice Revolu\u010dn\u00ed, n\u00e1b\u0159e\u017e\u00ed Edvarda Bene\u0161e, \u0160tef\u00e1nik\u016fv a \u010cech\u016fv most, n\u00e1b\u0159e\u017e\u00ed Kpt. Jaro\u0161e ve sm\u011bru do centra a Letensk\u00fd tunel. Od 19:20 bude podle pr\u016fb\u011bhu z\u00e1vodu do\u010dasn\u011b uzav\u0159eno tak\u00e9 Rohansk\u00e9 a Dvo\u0159\u00e1kovo n\u00e1b\u0159e\u017e\u00ed, n\u00e1b\u0159e\u017e\u00ed Ludv\u00edka Svobody, T\u011b\u0161novsk\u00fd tunel, Lannova ulice a Nov\u00e9 ml\u00fdny.<\/p>\n<p>V cel\u00e9 trase obou z\u00e1vod\u016f bude platit z\u00e1kaz zastaven\u00ed. Kv\u016fli vybudov\u00e1n\u00ed z\u00e1zem\u00ed bude nav\u00edc tento z\u00e1kaz roz\u0161\u00ed\u0159en v oblasti n\u00e1m\u011bst\u00ed Republiky, Hybernsk\u00e1 a Na P\u0159\u00edkop\u011b, kde bude platit u\u017e od dne\u0161n\u00edch 18:00 do sobotn\u00ed p\u016flnoci. &#8222;Z\u00e1kaz zastaven\u00ed bude platit od soboty 5. z\u00e1\u0159\u00ed 2026 u\u017e od 00:01 do 23:00 hodin tak\u00e9 v ulici Revolu\u010dn\u00ed a od 12:00 do 22:00 hodin na n\u00e1b\u0159e\u017e\u00ed Edvarda Bene\u0161e, n\u00e1b\u0159e\u017e\u00ed Kpt. Jaro\u0161e i na Dvo\u0159\u00e1kov\u011b a Rohansk\u00e9m n\u00e1b\u0159e\u017e\u00ed nebo v podjezdech \u010cechova a \u0160tef\u00e1nikova mostu,&#8220; dodal mluv\u010d\u00ed magistr\u00e1tu.<\/p>\n<p>Zm\u011bny se dotknou i povrchov\u00fdch linek MHD, proto m\u011bsto doporu\u010duje vyu\u017e\u00edvat v centru m\u011bsta metro. V den z\u00e1vodu bude zhruba od 16:00 do 21:30 obousm\u011brn\u011b p\u0159eru\u0161en provoz tramvaj\u00ed v oblasti n\u00e1m\u011bst\u00ed Republiky, Revolu\u010dn\u00ed ulice, \u0160tef\u00e1nikova a \u010cechova mostu a n\u00e1b\u0159e\u017e\u00ed Edvarda Bene\u0161e. Zm\u011bny se budou t\u00fdkat tramvajov\u00fdch linek \u010d\u00edslo 6, 8, 15, 17, 26, 41, 42 a autobusov\u00fdch spoj\u016f \u010d\u00edslo 194 a 207. V\u00edce informac\u00ed najdou cestuj\u00edc\u00ed na webu pra\u017esk\u00e9ho dopravn\u00edho podniku. Pro dotazy t\u00fdkaj\u00edc\u00edch se dopravn\u00edch omezen\u00ed bude fungovat bezplatn\u00e1 informa\u010dn\u00ed linka na \u010d\u00edsle 800 165 102. Bli\u017e\u0161\u00ed informace k b\u011b\u017eeck\u00fdm z\u00e1vod\u016fm jsou na webu po\u0159adatele.<\/p>\n","protected":false},"excerpt":{"rendered":"Prvn\u00ed z\u00e1vod \u017een na p\u011bt kilometr\u016f odstartuje v 18:00 z n\u00e1m\u011bst\u00ed Republiky u Obecn\u00edho domu, hlavn\u00ed Birell B\u011bh&hellip;\n","protected":false},"author":2,"featured_media":202881,"comment_status":"","ping_status":"","sticky":false,"template":"","format":"standard","meta":{"footnotes":"","_share_on_mastodon":"0"},"categories":[30],"tags":[98,99],"class_list":["post-202880","post","type-post","status-publish","format-standard","has-post-thumbnail","category-praha","tag-prague","tag-praha"],"share_on_mastodon":{"url":"https:\/\/pubeurope.com\/@cz\/117213545788726359","error":""},"_links":{"self":[{"href":"https:\/\/www.europesays.com\/cz\/wp-json\/wp\/v2\/posts\/202880","targetHints":{"allow":["GET"]}}],"collection":[{"href":"https:\/\/www.europesays.com\/cz\/wp-json\/wp\/v2\/posts"}],"about":[{"href":"https:\/\/www.europesays.com\/cz\/wp-json\/wp\/v2\/types\/post"}],"author":[{"embeddable":true,"href":"https:\/\/www.europesays.com\/cz\/wp-json\/wp\/v2\/users\/2"}],"replies":[{"embeddable":true,"href":"https:\/\/www.europesays.com\/cz\/wp-json\/wp\/v2\/comments?post=202880"}],"version-history":[{"count":0,"href":"https:\/\/www.europesays.com\/cz\/wp-json\/wp\/v2\/posts\/202880\/revisions"}],"wp:featuredmedia":[{"embeddable":true,"href":"https:\/\/www.europesays.com\/cz\/wp-json\/wp\/v2\/media\/202881"}],"wp:attachment":[{"href":"https:\/\/www.europesays.com\/cz\/wp-json\/wp\/v2\/media?parent=202880"}],"wp:term":[{"taxonomy":"category","embeddable":true,"href":"https:\/\/www.europesays.com\/cz\/wp-json\/wp\/v2\/categories?post=202880"},{"taxonomy":"post_tag","embeddable":true,"href":"https:\/\/www.europesays.com\/cz\/wp-json\/wp\/v2\/tags?post=202880"}],"curies":[{"name":"wp","href":"https:\/\/api.w.org\/{rel}","templated":true}]}}