{"id":202892,"date":"2026-09-04T16:02:24","date_gmt":"2026-09-04T16:02:24","guid":{"rendered":"https:\/\/www.europesays.com\/cz\/202892\/"},"modified":"2026-09-04T16:02:24","modified_gmt":"2026-09-04T16:02:24","slug":"uplne-se-v-tom-placaji-superdavka-ma-problem-i-s-vyplatou-doplatku","status":"publish","type":"post","link":"https:\/\/www.europesays.com\/cz\/202892\/","title":{"rendered":"\u201e\u00dapln\u011b se v\u00a0tom pl\u00e1caj\u00ed.\u201c Superd\u00e1vka m\u00e1 probl\u00e9m i\u00a0s v\u00fdplatou doplatk\u016f"},"content":{"rendered":"<p class=\"e_bX\">Na za\u010d\u00e1tku se stala nedopat\u0159en\u00edm chyba. Kdy\u017e Petra, matka dvou d\u011bt\u00ed, za\u017e\u00e1dala v\u00a0b\u0159eznu o\u00a0superd\u00e1vku, omylem odeslal zam\u011bstnavatel \u00fa\u0159adu p\u0159\u00edjmy jin\u00e9ho zam\u011bstnance.<\/p>\n<p class=\"e_bX\">Re\u00e1ln\u011b ov\u0161em kv\u016fli tomu byla Pet\u0159e p\u0159iznan\u00e1 d\u00e1vka o\u00a07,5\u00a0tis\u00edce ni\u017e\u0161\u00ed. Petra probl\u00e9m rychle podchytila, odvolala se a\u00a0\u00fa\u0159ad pr\u00e1ce j\u00ed nav\u00fd\u0161en\u00ed v\u00a0\u010dervnu potvrdil.<\/p>\n<p class=\"e_bX\">Dodnes ov\u0161em Petra bojuje o\u00a0takzvan\u00fd doplatek, tedy rozd\u00edl za t\u0159i m\u011bs\u00edce, kdy m\u011bla pob\u00edrat v\u00edce jak 13\u00a0tis\u00edc korun, ale fakticky dost\u00e1vala jen m\u00e9n\u011b ne\u017e \u0161est tis\u00edc korun. Celkov\u011b jde o\u00a0\u010d\u00e1stku p\u0159esahuj\u00edc\u00ed 22\u00a0tis\u00edc korun.<\/p>\n<p class=\"e_bX\">Na doplatek Petra \u010dek\u00e1 od konce \u010dervna. Redakce nezve\u0159ej\u0148uje kv\u016fli citlivosti cel\u00e9 jm\u00e9no klientky, m\u00e1 k\u00a0dispozici \u0159adu dokument\u016f od rozhodnut\u00ed a\u017e po vy\u0159\u00edzen\u00e9 odvol\u00e1n\u00ed.<\/p>\n<p class=\"e_bX\">\u201eVelmi r\u00e1di bychom V\u00e1m V\u00e1\u0161 doplatek na superd\u00e1vce vyplatili, nicm\u00e9n\u011b na z\u00e1klad\u011b vyj\u00e1d\u0159en\u00ed z\u00a0Gener\u00e1ln\u00edho \u0159editelstv\u00ed\u2026 funkce doplatk\u016f v\u00a0aplika\u010dn\u00edm programu pro superd\u00e1vku zat\u00edm nefunguje,\u201c stoj\u00ed v\u00a0reakci, kterou Petra dostala od \u00fa\u0159adu pr\u00e1ce.<\/p>\n<p class=\"e_bX\">\u201eRoz\u010diluje m\u011b, \u017ee vym\u00fd\u0161l\u00ed dal\u0161\u00ed zm\u011bny a\u00a0evidentn\u011b jim nefunguje ani z\u00e1klad. \u00dapln\u011b se v\u00a0tom pl\u00e1caj\u00ed,\u201c \u0159\u00edk\u00e1 Petra.<\/p>\n<p><a data-dot=\"mol-article-card-media\" aria-hidden=\"true\" tabindex=\"-1\" href=\"https:\/\/www.seznamzpravy.cz\/clanek\/domaci-zivot-v-cesku-druhy-rodic-neplati-vyzivne-superdavka-tresta-nektere-samozivitelky-313883\" class=\"e_n f_l8\" rel=\"nofollow noopener\" target=\"_blank\"><img fetchpriority=\"high\" height=\"2304\"   width=\"4096\" src=\"https:\/\/www.europesays.com\/cz\/wp-content\/uploads\/2026\/09\/samozivitel-samozivitelka.jpeg\" loading=\"eager\" decoding=\"sync\" class=\"e_aa e_Z\"\/><\/a><\/p>\n<p class=\"e_bX\">Popisuje, \u017ee doplatek pro ni znamen\u00e1 mnoho. \u201eT\u0159i m\u011bs\u00edce mi pom\u00e1hala potravinov\u00e1 banka, abych to zvl\u00e1dala,\u201c \u0159\u00edk\u00e1 k\u00a0obdob\u00ed, kdy musela vy\u017e\u00edt se sn\u00ed\u017eenou d\u00e1vkou, rodi\u010dovsk\u00fdm p\u0159\u00edsp\u011bvkem necel\u00fdch deset tis\u00edc korun a\u00a0alimenty, a\u00a0p\u0159itom platit n\u00e1jem 18\u00a0tis\u00edc korun.<\/p>\n<p class=\"e_bX\">Redakci potvrdilo i\u00a0ministerstvo pr\u00e1ce a\u00a0soci\u00e1ln\u00edch v\u011bc\u00ed, \u017ee skute\u010dn\u011b zat\u00edm tato funkce nefunguje. \u201eV\u00a0sou\u010dasn\u00e9 dob\u011b prob\u00edhaj\u00ed dokon\u010dovac\u00ed pr\u00e1ce na \u0159e\u0161en\u00ed v\u00fdplaty t\u011bchto doplatk\u016f v\u00a0nov\u00e9m syst\u00e9mu,\u201c \u0159\u00edk\u00e1 mluv\u010d\u00ed Anna Vackov\u00e1. Dod\u00e1v\u00e1, \u017ee proto m\u016f\u017ee doch\u00e1zet ke zpo\u017ed\u011bn\u00ed.<\/p>\n<p class=\"e_bX\">\u201ePrioritou ministerstva pr\u00e1ce a\u00a0soci\u00e1ln\u00edch v\u011bc\u00ed i\u00a0\u00da\u0159adu pr\u00e1ce \u010cR je zajistit, \u017ee v\u0161echny opr\u00e1vn\u011bn\u00e9 doplatky budou klient\u016fm vyplaceny co nejd\u0159\u00edve. Jedn\u00e1 se pouze o\u00a0ot\u00e1zku realizace do-v\u00fdplaty, kter\u00e1 bude vy\u0159e\u0161ena v\u00a0nejbli\u017e\u0161\u00edch dnech,\u201c tvrd\u00ed Vackov\u00e1 a\u00a0uji\u0161\u0165uje, \u017ee klient o\u00a0doplatek nep\u0159ijde.<\/p>\n<p>Chyb\u011bj\u00edc\u00ed \u201etla\u010d\u00edtko\u201c<\/p>\n<p class=\"e_bX\">Na probl\u00e9m s\u00a0t\u00edm, \u017ee \u00fa\u0159ady pr\u00e1ce zat\u00edm neum\u00ed dopl\u00e1cet d\u00e1vky, by podle informac\u00ed Seznam Zpr\u00e1v mohly narazit des\u00edtky prvn\u00edch klient\u016f.<\/p>\n<p class=\"e_bX\">Dal\u0161\u00ed klienti toti\u017e narazili na situaci, kdy \u010dekaj\u00ed na reakci \u00fa\u0159ad\u016f na jejich odvol\u00e1n\u00ed.<\/p>\n<p class=\"e_bX\">Ostatn\u011b i\u00a0to byl argument, kter\u00fd padl v\u00a0p\u0159\u00edpad\u011b Petry. Kdy\u017e se dom\u00e1hala vy\u0159\u00edzen\u00ed sv\u00e9ho odvol\u00e1n\u00ed, dostala odpov\u011b\u010f od ministersk\u00e9ho \u00fa\u0159edn\u00edka, \u017ee \u201es ohledem na n\u011bkolikasetprocentn\u00ed n\u00e1r\u016fst odvolac\u00ed agendy souvisej\u00edc\u00ed s\u00a0p\u0159echodem na d\u00e1vku st\u00e1tn\u00ed soci\u00e1ln\u00ed pomoci\u201c byl jej\u00ed probl\u00e9m vy\u0159e\u0161en velmi rychle.<\/p>\n<p class=\"e_bX\">Nat\u00e1lie \u010capkov\u00e1, kter\u00e1 spravuje n\u011bkolik facebookov\u00fdch skupin v\u011bnuj\u00edc\u00edch se problematice superd\u00e1vky a\u00a0sb\u00edr\u00e1 informace od des\u00edtek tis\u00edc u\u017eivatel\u016f, potvrzuje, \u017ee \u0159ada klient\u016f \u010dek\u00e1 na rozhodnut\u00ed ministerstva. A\u00a0zmi\u0148uje i\u00a0dal\u0161\u00ed z\u00e1drhel. Syst\u00e9m nezvl\u00e1d\u00e1 ani ukon\u010dov\u00e1n\u00ed d\u00e1vek na \u017e\u00e1dost klienta.<\/p>\n<p><a data-dot=\"mol-article-card-media\" aria-hidden=\"true\" tabindex=\"-1\" href=\"https:\/\/www.seznamzpravy.cz\/clanek\/radce-superdavka-kdy-znovu-zadat-podminky-2026-311837\" class=\"e_n f_l8\" rel=\"nofollow noopener\" target=\"_blank\"><img height=\"2304\"   width=\"4096\" src=\"https:\/\/www.europesays.com\/cz\/wp-content\/uploads\/2026\/09\/zena-pocitac-zklamana-hrnek.jpeg\" loading=\"eager\" decoding=\"sync\" class=\"e_aa e_Z\"\/><\/a><\/p>\n<p class=\"e_bX\">\u201eObch\u00e1z\u00ed se to nespln\u011bn\u00edm \u00fakolu, \u010d\u00edm\u017e dojde k\u00a0zam\u00edtnut\u00ed pro nedolo\u017een\u00ed,\u201c \u0159\u00edk\u00e1.<\/p>\n<p class=\"e_bX\">Analytik Mikol\u00e1\u0161 Opletal z\u00a0Platformy pro soci\u00e1ln\u00ed bydlen\u00ed popisuje, \u017ee podle jeho informac\u00ed syst\u00e9mu superd\u00e1vky chyb\u00ed i\u00a0dal\u0161\u00ed funkce. Nap\u0159\u00edklad takzvan\u00e1 p\u0159\u00edm\u00e1 \u00fahrada, tedy situace, kdy d\u00e1vka putuje ne klientovi, ale p\u0159\u00edmo na \u00fahradu n\u00e1jmu.<\/p>\n<p class=\"e_bX\">\u201eV z\u00e1kon\u011b je, \u017ee slo\u017eka bydlen\u00ed z\u00a0d\u00e1vky m\u016f\u017ee j\u00edt rovnou pronaj\u00edmateli. \u010c\u00e1stka ur\u010den\u00e1 na n\u00e1jem jde rovnou na \u00fa\u010det pronaj\u00edmatele. Bylo to hodn\u011b pou\u017e\u00edvan\u00e9 a\u00a0te\u010f to tla\u010d\u00edtko chyb\u00ed,\u201c \u0159\u00edk\u00e1 Mikol\u00e1\u0161 Opletal.<\/p>\n<p class=\"e_bX\">Funkce p\u0159itom slou\u017e\u00ed pro situace, kdy existuje podez\u0159en\u00ed, \u017ee lid\u00e9 pen\u00edze nedok\u00e1\u017eou vyu\u017e\u00edt spr\u00e1vn\u011b. T\u0159eba proto, \u017ee maj\u00ed v\u00a0pr\u00e1ci s\u00a0pen\u011bzi sn\u00ed\u017een\u00e9 kompetence.<\/p>\n<p class=\"e_bX\">\u201eJsou tam lid\u00e9 s\u00a0du\u0161evn\u00edm onemocn\u011bn\u00edm, typicky v\u00a0n\u011bjak\u00fdch zabydlovac\u00edch programech, kte\u0159\u00ed fakt tu kompetenci nemaj\u00ed,\u201c p\u0159ibli\u017euje analytik. P\u0159\u00edmou platbu podle Opletala vyu\u017e\u00edvaly i\u00a0obce nebo nap\u0159\u00edklad azylov\u00e9 domy.<\/p>\n<p class=\"e_bX\">Podle ve\u0159ejn\u011b dostupn\u00fdch statistik bylo v\u00a0\u010dervenci vyplaceno 50\u00a0900\u00a0d\u00e1vek st\u00e1tn\u00ed soci\u00e1ln\u00ed pomoci, pro kter\u00e9 se v\u017eilo ozna\u010den\u00ed superd\u00e1vka. Od za\u010d\u00e1tku roku pak na d\u00e1vku putovalo 1,58\u00a0miliardy korun.<\/p>\n","protected":false},"excerpt":{"rendered":"Na za\u010d\u00e1tku se stala nedopat\u0159en\u00edm chyba. Kdy\u017e Petra, matka dvou d\u011bt\u00ed, za\u017e\u00e1dala v\u00a0b\u0159eznu o\u00a0superd\u00e1vku, omylem odeslal zam\u011bstnavatel \u00fa\u0159adu&hellip;\n","protected":false},"author":2,"featured_media":202893,"comment_status":"","ping_status":"","sticky":false,"template":"","format":"standard","meta":{"footnotes":"","_share_on_mastodon":"0"},"categories":[7],"tags":[43,42,41,40,7470,1477,888,7837,1530],"class_list":["post-202892","post","type-post","status-publish","format-standard","has-post-thumbnail","category-cesko","tag-ceska-republika","tag-cesko","tag-czech-republic","tag-czechia","tag-klienti","tag-ministerstvo-prace-a-socialnich-veci-mpsv","tag-najem","tag-superdavka","tag-urad-prace"],"share_on_mastodon":{"url":"https:\/\/pubeurope.com\/@cz\/117213616440334888","error":""},"_links":{"self":[{"href":"https:\/\/www.europesays.com\/cz\/wp-json\/wp\/v2\/posts\/202892","targetHints":{"allow":["GET"]}}],"collection":[{"href":"https:\/\/www.europesays.com\/cz\/wp-json\/wp\/v2\/posts"}],"about":[{"href":"https:\/\/www.europesays.com\/cz\/wp-json\/wp\/v2\/types\/post"}],"author":[{"embeddable":true,"href":"https:\/\/www.europesays.com\/cz\/wp-json\/wp\/v2\/users\/2"}],"replies":[{"embeddable":true,"href":"https:\/\/www.europesays.com\/cz\/wp-json\/wp\/v2\/comments?post=202892"}],"version-history":[{"count":0,"href":"https:\/\/www.europesays.com\/cz\/wp-json\/wp\/v2\/posts\/202892\/revisions"}],"wp:featuredmedia":[{"embeddable":true,"href":"https:\/\/www.europesays.com\/cz\/wp-json\/wp\/v2\/media\/202893"}],"wp:attachment":[{"href":"https:\/\/www.europesays.com\/cz\/wp-json\/wp\/v2\/media?parent=202892"}],"wp:term":[{"taxonomy":"category","embeddable":true,"href":"https:\/\/www.europesays.com\/cz\/wp-json\/wp\/v2\/categories?post=202892"},{"taxonomy":"post_tag","embeddable":true,"href":"https:\/\/www.europesays.com\/cz\/wp-json\/wp\/v2\/tags?post=202892"}],"curies":[{"name":"wp","href":"https:\/\/api.w.org\/{rel}","templated":true}]}}