{"id":202894,"date":"2026-09-04T16:05:11","date_gmt":"2026-09-04T16:05:11","guid":{"rendered":"https:\/\/www.europesays.com\/cz\/202894\/"},"modified":"2026-09-04T16:05:11","modified_gmt":"2026-09-04T16:05:11","slug":"praha-financne-podpori-vystavbu-a-rekonstrukci-kapli-ve-vazebnich-veznicich-na-pankraci-a-v-ruzyni-cysnews","status":"publish","type":"post","link":"https:\/\/www.europesays.com\/cz\/202894\/","title":{"rendered":"Praha finan\u010dn\u011b podpo\u0159\u00ed v\u00fdstavbu a rekonstrukci kapl\u00ed ve vazebn\u00edch v\u011bznic\u00edch na Pankr\u00e1ci a v Ruzyni \u2013 Cysnews"},"content":{"rendered":"<p>&#13;<br \/>\n&#13;<br \/>\n\t&#13;<br \/>\n\t&#13;<br \/>\n\t&#13;<br \/>\n\t&#13;<\/p>\n<p>\tPraha finan\u010dn\u011b podpo\u0159\u00ed v\u00fdstavbu a rekonstrukci kapl\u00ed ve vazebn\u00edch v\u011bznic\u00edch na Pankr\u00e1ci a v Ruzyni \u2013 Cysnews<\/p>\n<p>\t&#13;<br \/>\n&#13;<\/p>\n<p>&#13;<br \/>\n&#13;<br \/>\n&#13;<br \/>\n&#13;<br \/>\n&#13;<br \/>\n&#13;<br \/>\n\t&#13;<br \/>\n&#13;<br \/>\n\t&#13;<\/p>\n<p>\t\t\t\t<a href=\"https:\/\/www.cysnews.cz\/\" class=\"custom-logo-link\" rel=\"home nofollow noopener\" target=\"_blank\"><img loading=\"lazy\" width=\"182\" height=\"90\" src=\"https:\/\/www.europesays.com\/cz\/wp-content\/uploads\/2026\/09\/1788537910_417_cropped-Cysnews-zpravodajsky-web-scaled-1.jpg\" class=\"custom-logo\" alt=\"Cysnews\" decoding=\"async\"   data-attachment-id=\"94192\" data-permalink=\"https:\/\/www.cysnews.cz\/cropped-cysnews-zpravodajsky-web-scaled-1-jpg\/\" data-orig-file=\"https:\/\/www.europesays.com\/cz\/wp-content\/uploads\/2026\/09\/1788537910_417_cropped-Cysnews-zpravodajsky-web-scaled-1.jpg\" data-orig-size=\"182,90\" data-comments-opened=\"0\" data-image-meta=\"{&quot;aperture&quot;:&quot;0&quot;,&quot;credit&quot;:&quot;&quot;,&quot;camera&quot;:&quot;&quot;,&quot;caption&quot;:&quot;&quot;,&quot;created_timestamp&quot;:&quot;0&quot;,&quot;copyright&quot;:&quot;&quot;,&quot;focal_length&quot;:&quot;0&quot;,&quot;iso&quot;:&quot;0&quot;,&quot;shutter_speed&quot;:&quot;0&quot;,&quot;title&quot;:&quot;&quot;,&quot;orientation&quot;:&quot;0&quot;}\" data-image-title=\"cropped-Cysnews-zpravodajsky-web-scaled-1.jpg\" data-image-description=\"&lt;p&gt;https:\/\/www.cysnews-new.cz\/wp-content\/uploads\/2020\/12\/cropped-Cysnews-zpravodajsky-web-scaled-1.jpg&lt;\/p&gt;&#10;\" data-image-caption=\"\" data-large-file=\"https:\/\/www.europesays.com\/cz\/wp-content\/uploads\/2026\/09\/1788537910_417_cropped-Cysnews-zpravodajsky-web-scaled-1.jpg\"\/><\/a><\/p>\n<p>\t\t\t&#13;<br \/>\n\t\t &#13;<br \/>\n\t &#13;<br \/>\n&#13;<br \/>\n\t&#13;<br \/>\n\t&#13;<br \/>\n&#13;<br \/>\n&#13;<br \/>\n\t&#13;<br \/>\n\t\t&#13;<br \/>\n&#13;<br \/>\n\t&#13;<br \/>\n&#13;<br \/>\n&#13;<br \/>\n\t&#13;<br \/>\n               &#13;<br \/>\n\t&#13;<br \/>\n&#13;<\/p>\n<p>        &#13;<\/p>\n<p>    &#13;<br \/>\n              <img width=\"1200\" height=\"510\" src=\"https:\/\/www.europesays.com\/cz\/wp-content\/uploads\/2026\/09\/a69b54a4-3e03-d701-c67a-69ff7a5414af-e1788520398551.jpg\" class=\"attachment-full size-full wp-post-image\" alt=\"\" decoding=\"async\" fetchpriority=\"high\" data-attachment-id=\"311761\" data-permalink=\"https:\/\/www.cysnews.cz\/top-clanky\/praha-financne-podpori-vystavbu-a-rekonstrukci-kapli-ve-vazebnich-veznicich-na-pankraci-a-v-ruzyni\/attachment\/a69b54a4-3e03-d701-c67a-69ff7a5414af\/\" data-orig-file=\"https:\/\/www.europesays.com\/cz\/wp-content\/uploads\/2026\/09\/a69b54a4-3e03-d701-c67a-69ff7a5414af-e1788520398551.jpg\" data-orig-size=\"1200,510\" data-comments-opened=\"0\" data-image-meta=\"{&quot;aperture&quot;:&quot;7.1&quot;,&quot;credit&quot;:&quot;&quot;,&quot;camera&quot;:&quot;Canon EOS 650D&quot;,&quot;caption&quot;:&quot;&quot;,&quot;created_timestamp&quot;:&quot;1408645145&quot;,&quot;copyright&quot;:&quot;&quot;,&quot;focal_length&quot;:&quot;26&quot;,&quot;iso&quot;:&quot;100&quot;,&quot;shutter_speed&quot;:&quot;0.01&quot;,&quot;title&quot;:&quot;&quot;,&quot;orientation&quot;:&quot;0&quot;,&quot;alt&quot;:&quot;&quot;}\" data-image-title=\"a69b54a4-3e03-d701-c67a-69ff7a5414af\" data-image-description=\"\" data-image-caption=\"\" data-large-file=\"https:\/\/i0.wp.com\/www.cysnews-new.cz\/wp-content\/uploads\/2026\/09\/a69b54a4-3e03-d701-c67a-69ff7a5414af-e1788520398551.jpg?fit=640%2C272&amp;ssl=1\"\/>       &#13;<\/p>\n<p>    &#13;<\/p>\n<p>Rada hl. m. Prahy schv\u00e1lila poskytnut\u00ed finan\u010dn\u00edho daru v celkov\u00e9 v\u00fd\u0161i 660 000 K\u010d V\u011bze\u0148sk\u00e9 slu\u017eb\u011b \u010cesk\u00e9 republiky. Z\u00a0toho 380\u00a0000 K\u010d poputuje na v\u00fdstavbu nov\u00e9 kaple ve vazebn\u00ed v\u011bznici na Pankr\u00e1ci a 280\u00a0000 K\u010d je ur\u010deno na rekonstrukci kaple ve vazebn\u00ed v\u011bznici v\u00a0Ruzyni. Smyslem tohoto kroku je podporovat pozitivn\u00ed zm\u011bnu v\u011bzn\u011bn\u00fdch osob a jejich \u00fasp\u011b\u0161nou reintegraci po propu\u0161t\u011bn\u00ed.<\/p>\n<p>P\u0159\u00edprava na nov\u00fd za\u010d\u00e1tek<\/p>\n<p>\u201e\u010clov\u011bk, kter\u00fd opou\u0161t\u00ed v\u011bzen\u00ed, se zpravidla vrac\u00ed zp\u011bt mezi n\u00e1s. Je proto v z\u00e1jmu cel\u00e9 spole\u010dnosti, aby se vracel p\u0159ipraven\u00fd p\u0159evz\u00edt odpov\u011bdnost za sv\u016fj \u017eivot a dok\u00e1zal v n\u011bm za\u010d\u00edt znovu. Duchovn\u00ed p\u00e9\u010de m\u016f\u017ee b\u00fdt d\u016fle\u017eitou sou\u010d\u00e1st\u00ed t\u00e9to zm\u011bny. Podpora kapl\u00ed na Pankr\u00e1ci a v Ruzyni tak nen\u00ed jen pomoc\u00ed lidem ve v\u00fdkonu trestu, ale tak\u00e9 investic\u00ed do jejich \u00fasp\u011b\u0161n\u00e9ho n\u00e1vratu a do bezpe\u010dn\u011bj\u0161\u00edho m\u011bsta,\u201c \u0159\u00edk\u00e1 prim\u00e1tor hl. m. Prahy Bohuslav Svoboda.<\/p>\n<p>Duchovn\u00ed p\u00e9\u010de <\/p>\n<p>Ned\u00edlnou sou\u010d\u00e1st\u00ed odborn\u00e9ho zach\u00e1zen\u00ed s v\u011bzn\u011bn\u00fdmi osobami je pro V\u011bze\u0148skou slu\u017ebu \u010cesk\u00e9 republiky poskytov\u00e1n\u00ed duchovn\u00ed p\u00e9\u010de, kter\u00e1 v\u00fdznamn\u011b p\u0159isp\u00edv\u00e1 ke stabilizaci osob ve v\u00fdkonu vazby a trestu, k podpo\u0159e jejich osobn\u00ed odpov\u011bdnosti, posilov\u00e1n\u00ed prosoci\u00e1ln\u00edch postoj\u016f a k p\u0159\u00edprav\u011b na n\u00e1vrat do b\u011b\u017en\u00e9ho \u017eivota.<\/p>\n<p>Nov\u00e9 kaple pro v\u011bznice<\/p>\n<p>Sou\u010dasn\u00fd stav kaple ve Vazebn\u00ed v\u011bznici Prahy Ruzyn\u011b ji\u017e ale neodpov\u00edd\u00e1 pot\u0159eb\u00e1m jej\u00edho vyu\u017e\u00edv\u00e1n\u00ed a ve Vazebn\u00ed v\u011bznici a \u00dastavu pro v\u00fdkon zabezpe\u010dovac\u00ed detence Prahy Pankr\u00e1c takov\u00fd odpov\u00eddaj\u00edc\u00ed prostor zcela chyb\u00ed. V\u011bze\u0148sk\u00e1 slu\u017eba \u010cesk\u00e9 republiky proto po\u017e\u00e1dala hlavn\u00ed m\u011bsto o finan\u010dn\u00ed podporu na v\u00fdstavbu nov\u00e9 kaple na Pankr\u00e1ci a na rekonstrukci kaple v Ruzyni v\u00a0celkov\u00e9 v\u00fd\u0161i 660\u00a0000 K\u010d.<\/p>\n<p>N\u00e1klady<\/p>\n<p>P\u0159edpokl\u00e1dan\u00e9 n\u00e1klady na realizaci nov\u00e9 kaple na Pankr\u00e1ci \u010din\u00ed p\u0159ibli\u017en\u011b 380 000 K\u010d a na rekonstrukci kaple v Ruzyni jsou odhadov\u00e1ny na 280\u00a0000 K\u010d. V\u011bze\u0148sk\u00e1 slu\u017eba sou\u010dasn\u011b po\u010d\u00edt\u00e1 s vlastn\u00edm pod\u00edlem na realizaci obou projekt\u016f, zejm\u00e9na formou zaji\u0161t\u011bn\u00ed \u010d\u00e1sti stavebn\u00edch a pomocn\u00fdch prac\u00ed prost\u0159ednictv\u00edm pracovn\u011b za\u0159azen\u00fdch odsouzen\u00fdch.<\/p>\n<p>Investice do bezpe\u010dn\u011bj\u0161\u00ed Prahy<\/p>\n<p>V\u00fdznam t\u011bchto projekt\u016f podtrhuje tak\u00e9 skute\u010dnost, \u017ee p\u0159ibli\u017en\u011b 45 % v\u011bzn\u011bn\u00fdch osob um\u00edst\u011bn\u00fdch ve v\u00fd\u0161e uveden\u00fdch pra\u017esk\u00fdch v\u011bznic\u00edch tvo\u0159\u00ed osoby s trval\u00fdm pobytem na \u00fazem\u00ed hlavn\u00edho m\u011bsta. Tato investice hlavn\u00edho m\u011bsta do vytv\u00e1\u0159en\u00ed podm\u00ednek podporuj\u00edc\u00edch jejich pozitivn\u00ed zm\u011bnu a \u00fasp\u011b\u0161nou reintegraci po propu\u0161t\u011bn\u00ed tak p\u0159edstavuje p\u0159\u00ednos nejen pro samotn\u00e9 v\u011bzn\u011bn\u00e9 osoby, ale i pro m\u00edstn\u00ed komunity a bezpe\u010dnost obyvatel Prahy.<\/p>\n<p>S\u00edly pro krizov\u00e9 situace<\/p>\n<p>V\u011bze\u0148sk\u00e1 slu\u017eba \u010cR se v r\u00e1mci vz\u00e1jemn\u00e9 spolupr\u00e1ce naopak zapojuje pr\u00e1v\u011b prost\u0159ednictv\u00edm v\u011bznic Pankr\u00e1c a Ruzyn\u011b do bezpe\u010dnostn\u00edho syst\u00e9mu hlavn\u00edho m\u011bsta, kdy je v\u00a0p\u0159\u00edpad\u011b pot\u0159eby schopna operativn\u011b nasadit s\u00edly z\u00a0\u0159ad odsouzen\u00fdch k\u00a0prov\u00e1d\u011bn\u00ed v\u00fdstavby protipovod\u0148ov\u00fdch opat\u0159en\u00ed. V\u00a0roce 2026 byl tento mechanismus prov\u011b\u0159en p\u0159i cvi\u010dn\u00e9 v\u00fdstavb\u011b protipovod\u0148ov\u00e9 ochrany v\u00a0Hole\u0161ovic\u00edch.\u00a0<\/p>\n<p>Zdroj: <a style=\"color: #0000ff;\" title=\"http:\/\/www.praha.eu\" href=\"http:\/\/www.praha.eu\/\" target=\"_blank\" rel=\"noopener nofollow\" aria-label=\"http:\/\/www.praha.eu\">www.praha.eu<\/a><\/p>\n<p>\n\tSouvisej\u00edc\u00ed\n<\/p>\n<p>      &#13;<br \/>\n           &#13;<\/p>\n<p>            <a href=\"https:\/\/www.cysnews.cz\/author\/emrazova\/\" rel=\"nofollow noopener\" target=\"_blank\"><img loading=\"lazy\" alt=\"\" src=\"https:\/\/www.europesays.com\/cz\/wp-content\/uploads\/2026\/09\/1788537911_881_a9a1b6e5e83d6876d6959dcecf038967ceb7edf067d20dadb1b8e1c5d6f828ad.jpeg\"  class=\"avatar avatar-75 photo\" height=\"75\" width=\"75\" decoding=\"async\"\/><\/a><\/p>\n<p>          &#13;<\/p>\n<p>&#13;<br \/>\n&#13;<br \/>\n\t&#13;<\/p>\n<p>\t\tCYSNEWS.CZ<\/p>\n<p>\tOchrana osobn\u00edch \u00fadaj\u016f a soubory cookie: Tato str\u00e1nka pou\u017e\u00edv\u00e1 soubory cookie. Pokra\u010dov\u00e1n\u00edm v pou\u017e\u00edv\u00e1n\u00ed t\u00e9to str\u00e1nky vyjad\u0159ujete souhlas s jejich pou\u017e\u00edv\u00e1n\u00edm.<\/p>\n<p>Dal\u0161\u00ed informace, v\u010detn\u011b toho, jak soubory cookie spravovat, najdete zde:<br \/>\n\t\t<a href=\"https:\/\/www.cysnews.cz\/zasady-ochrany-osobnich-udaju\/\" rel=\"nofollow noopener\" target=\"_blank\"><br \/>\n\t\tZ\u00e1sady pou\u017e\u00edv\u00e1n\u00ed soubor\u016f cookie\t<\/a>\n<\/p>\n<p>\t&#13;<br \/>\n\t&#13;<\/p>\n<p>&#13;<br \/>\n\t\t\t        \tCysnews.cz \u00a9 &#8211; To co jinde najdete, u n\u00e1s hrav\u011b naleznetene\t\t<\/p>\n<p>&#13;<br \/>\n\t\t &#13;<br \/>\n\t\t&#13;<\/p>\n<p>\t&#13;<\/p>\n","protected":false},"excerpt":{"rendered":"&#13; &#13; &#13; &#13; &#13; &#13; Praha finan\u010dn\u011b podpo\u0159\u00ed v\u00fdstavbu a rekonstrukci kapl\u00ed ve vazebn\u00edch v\u011bznic\u00edch na Pankr\u00e1ci&hellip;\n","protected":false},"author":2,"featured_media":202895,"comment_status":"","ping_status":"","sticky":false,"template":"","format":"standard","meta":{"footnotes":"","_share_on_mastodon":"0"},"categories":[30],"tags":[98,99],"class_list":["post-202894","post","type-post","status-publish","format-standard","has-post-thumbnail","category-praha","tag-prague","tag-praha"],"share_on_mastodon":{"url":"https:\/\/pubeurope.com\/@cz\/117213628539514655","error":""},"_links":{"self":[{"href":"https:\/\/www.europesays.com\/cz\/wp-json\/wp\/v2\/posts\/202894","targetHints":{"allow":["GET"]}}],"collection":[{"href":"https:\/\/www.europesays.com\/cz\/wp-json\/wp\/v2\/posts"}],"about":[{"href":"https:\/\/www.europesays.com\/cz\/wp-json\/wp\/v2\/types\/post"}],"author":[{"embeddable":true,"href":"https:\/\/www.europesays.com\/cz\/wp-json\/wp\/v2\/users\/2"}],"replies":[{"embeddable":true,"href":"https:\/\/www.europesays.com\/cz\/wp-json\/wp\/v2\/comments?post=202894"}],"version-history":[{"count":0,"href":"https:\/\/www.europesays.com\/cz\/wp-json\/wp\/v2\/posts\/202894\/revisions"}],"wp:featuredmedia":[{"embeddable":true,"href":"https:\/\/www.europesays.com\/cz\/wp-json\/wp\/v2\/media\/202895"}],"wp:attachment":[{"href":"https:\/\/www.europesays.com\/cz\/wp-json\/wp\/v2\/media?parent=202894"}],"wp:term":[{"taxonomy":"category","embeddable":true,"href":"https:\/\/www.europesays.com\/cz\/wp-json\/wp\/v2\/categories?post=202894"},{"taxonomy":"post_tag","embeddable":true,"href":"https:\/\/www.europesays.com\/cz\/wp-json\/wp\/v2\/tags?post=202894"}],"curies":[{"name":"wp","href":"https:\/\/api.w.org\/{rel}","templated":true}]}}