{"id":202898,"date":"2026-09-04T16:10:13","date_gmt":"2026-09-04T16:10:13","guid":{"rendered":"https:\/\/www.europesays.com\/cz\/202898\/"},"modified":"2026-09-04T16:10:13","modified_gmt":"2026-09-04T16:10:13","slug":"andrewa-tatea-v-rumunsku-obzalovali-z-obchodu-a-sexu-s-nezletilymi","status":"publish","type":"post","link":"https:\/\/www.europesays.com\/cz\/202898\/","title":{"rendered":"Andrewa Tatea v\u00a0Rumunsku ob\u017ealovali z\u00a0obchodu a\u00a0sexu s\u00a0nezletil\u00fdmi"},"content":{"rendered":"<p class=\"c_bB\">Ob\u017ealoba je v\u00fdsledkem n\u011bkolikalet\u00e9ho vy\u0161et\u0159ov\u00e1n\u00ed, uv\u00e1d\u00ed agentura <a data-dot=\"atm-link\" target=\"_blank\" rel=\"noopener nofollow\" href=\"https:\/\/www.reuters.com\/world\/romanian-prosecutors-indict-andrew-tate-trafficking-minors-money-laundering-2026-09-04\/\" class=\"c_I\">Reuters<\/a>. Tateovi v\u00a0Rumunsku \u017eij\u00ed od roku 2017, p\u0159i\u010dem\u017e p\u0159est\u011bhov\u00e1n\u00ed do v\u00fdchodoevropsk\u00e9 zem\u011b Andrew Tate vysv\u011btloval tamn\u00edmi laxn\u011bj\u0161\u00edmi z\u00e1kony. Pro podez\u0159en\u00ed z\u00a0obchodu s\u00a0lidmi byli tamn\u00edmi \u00fa\u0159ady vy\u0161et\u0159ov\u00e1ni od prosince 2022.\u00a0B\u00fdval\u00ed kickboxe\u0159i obvin\u011bn\u00ed odm\u00edtaj\u00ed.<\/p>\n<p class=\"c_bB\">Rumun\u0161t\u00ed prokur\u00e1to\u0159i uv\u00e1d\u011bj\u00ed, \u017ee brat\u0159i Tateovi sv\u00e9 ob\u011bti nejprve svedli a\u00a0nalhali jim, \u017ee s\u00a0nimi cht\u011bj\u00ed dlouhodob\u00fd vztah nebo s\u0148atek. Pak je donutili nat\u00e1\u010det pornografick\u00fd obsah pro jejich webkamerov\u00fd byznys.<\/p>\n<p class=\"c_bB\">\u201eKa\u017ed\u00fd aspekt ob\u017ealoby p\u0159ezkoum\u00e1me se stejnou m\u00edrou pe\u010dlivosti a\u00a0v odpov\u00eddaj\u00edc\u00edm soudn\u00edm \u0159\u00edzen\u00ed napadneme jak\u00e9koliv d\u016fkazov\u00e9, postupov\u00e9 nebo pr\u00e1vn\u00ed nedostatky. Na\u0161i klienti obvin\u011bn\u00ed proti nim d\u00e1l odm\u00edtaj\u00ed,\u201c uvedl rumunsk\u00fd advok\u00e1t ob\u017ealovan\u00fdch influencer\u016f Eugen Vidineac.<\/p>\n<p><a data-dot=\"atm-link\" target=\"_self\" href=\"https:\/\/www.novinky.cz\/clanek\/zahranicni-tateovo-kuplirske-imperium-jeho-prvni-obeti-byla-nezletila-slovenka-40583098\" class=\"c_I\" rel=\"nofollow noopener\"><img fetchpriority=\"high\" height=\"2304\" width=\"4096\" src=\"https:\/\/www.europesays.com\/cz\/wp-content\/uploads\/2026\/09\/andrew-tate-tristan-tate-rumunsko-influencer-soud-obchod-s-lidmi.jpeg\" loading=\"eager\" decoding=\"sync\" class=\"c_t c_r\"\/><\/a><\/p>\n<p class=\"c_bB\">Brat\u0159i Tatetovi jsou od \u010dervence ve vazb\u011b v\u00a0americk\u00e9m Miami, kde \u010dekaj\u00ed na rozhodnut\u00ed o\u00a0vyd\u00e1n\u00ed do Brit\u00e1nie. Tam \u010del\u00ed ob\u017ealob\u011b z\u00a0n\u011bkolika zn\u00e1siln\u011bn\u00ed. Zda o\u00a0jejich vyd\u00e1n\u00ed po\u017e\u00e1d\u00e1 i\u00a0Rumunsko, nen\u00ed v\u00a0tuto chv\u00edli jasn\u00e9. Rumunsk\u00e9 z\u00e1kony toti\u017e umo\u017e\u0148uj\u00ed soud v\u00a0nep\u0159\u00edtomnosti ob\u017ealovan\u00fdch.<\/p>\n<p class=\"c_bB\">Kontroverzn\u00ed influence\u0159i, kte\u0159\u00ed se sami ozna\u010duj\u00ed za misogyny, si na internetu vybudovali velkou z\u00e1kladnu fanou\u0161k\u016f, slo\u017eenou hlavn\u011b z\u00a0mlad\u00fdch mu\u017e\u016f. T\u011bm se prezentuj\u00ed p\u0159epychov\u00fdm \u017eivotn\u00edm stylem, pln\u00fdm rychl\u00fdch aut a\u00a0kr\u00e1sn\u00fdch \u017een.<\/p>\n<p class=\"c_bB\">Jejich sou\u010dasn\u00e1 obhajoba p\u0159ed americk\u00fdm soudem ale z\u00e1vis\u00ed na tom, \u017ee jimi p\u0159edkl\u00e1dan\u00fd \u017eivotn\u00ed styl je fiktivn\u00ed a\u00a0luxusn\u00ed auta ve vide\u00edch vyp\u016fj\u010den\u00e1. Brat\u0159i Tateovi toti\u017e podle jejich obhajoby museli vypadat extr\u00e9mn\u011b bohat\u00ed, aby jejich publikum bylo ochotn\u00e9 zaplatit za jejich finan\u010dn\u00ed a\u00a0\u017eivotn\u00ed rady.<\/p>\n<p><a data-dot=\"atm-link\" target=\"_self\" href=\"https:\/\/www.novinky.cz\/clanek\/zahranicni-amerika-andrew-tate-a-jeho-bratr-zustanou-ve-vazbe-rozhodl-americky-soud-40590019\" class=\"c_I\" rel=\"nofollow noopener\"><img height=\"2214\" width=\"3936\" src=\"https:\/\/www.europesays.com\/cz\/wp-content\/uploads\/2026\/09\/02d8.jpeg\" loading=\"eager\" decoding=\"sync\" class=\"c_t c_r\"\/><\/a><\/p>\n","protected":false},"excerpt":{"rendered":"Ob\u017ealoba je v\u00fdsledkem n\u011bkolikalet\u00e9ho vy\u0161et\u0159ov\u00e1n\u00ed, uv\u00e1d\u00ed agentura Reuters. Tateovi v\u00a0Rumunsku \u017eij\u00ed od roku 2017, p\u0159i\u010dem\u017e p\u0159est\u011bhov\u00e1n\u00ed do v\u00fdchodoevropsk\u00e9&hellip;\n","protected":false},"author":2,"featured_media":202899,"comment_status":"","ping_status":"","sticky":false,"template":"","format":"standard","meta":{"footnotes":"","_share_on_mastodon":"0"},"categories":[11],"tags":[33083,2431,3424,13747,2404,620,4430,6908,2889,619,54,46270,113,1136,53,52,2152],"class_list":["post-202898","post","type-post","status-publish","format-standard","has-post-thumbnail","category-svet","tag-andrew-tate","tag-influenceri","tag-miami","tag-misogynie","tag-nezletili","tag-obchod-s-lidmi","tag-obzaloba","tag-prani-penez","tag-rumunsko","tag-sexualni-zneuzivani","tag-svet","tag-tristan-tate","tag-usa","tag-velka-britanie","tag-world","tag-world-news","tag-znasilneni"],"share_on_mastodon":{"url":"https:\/\/pubeurope.com\/@cz\/117213647860947158","error":""},"_links":{"self":[{"href":"https:\/\/www.europesays.com\/cz\/wp-json\/wp\/v2\/posts\/202898","targetHints":{"allow":["GET"]}}],"collection":[{"href":"https:\/\/www.europesays.com\/cz\/wp-json\/wp\/v2\/posts"}],"about":[{"href":"https:\/\/www.europesays.com\/cz\/wp-json\/wp\/v2\/types\/post"}],"author":[{"embeddable":true,"href":"https:\/\/www.europesays.com\/cz\/wp-json\/wp\/v2\/users\/2"}],"replies":[{"embeddable":true,"href":"https:\/\/www.europesays.com\/cz\/wp-json\/wp\/v2\/comments?post=202898"}],"version-history":[{"count":0,"href":"https:\/\/www.europesays.com\/cz\/wp-json\/wp\/v2\/posts\/202898\/revisions"}],"wp:featuredmedia":[{"embeddable":true,"href":"https:\/\/www.europesays.com\/cz\/wp-json\/wp\/v2\/media\/202899"}],"wp:attachment":[{"href":"https:\/\/www.europesays.com\/cz\/wp-json\/wp\/v2\/media?parent=202898"}],"wp:term":[{"taxonomy":"category","embeddable":true,"href":"https:\/\/www.europesays.com\/cz\/wp-json\/wp\/v2\/categories?post=202898"},{"taxonomy":"post_tag","embeddable":true,"href":"https:\/\/www.europesays.com\/cz\/wp-json\/wp\/v2\/tags?post=202898"}],"curies":[{"name":"wp","href":"https:\/\/api.w.org\/{rel}","templated":true}]}}