{"id":202900,"date":"2026-09-04T16:11:14","date_gmt":"2026-09-04T16:11:14","guid":{"rendered":"https:\/\/www.europesays.com\/cz\/202900\/"},"modified":"2026-09-04T16:11:14","modified_gmt":"2026-09-04T16:11:14","slug":"neprijatelne-riziko-torzo-vyskove-budovy-34-ve-zline-se-zachranovat-nebude","status":"publish","type":"post","link":"https:\/\/www.europesays.com\/cz\/202900\/","title":{"rendered":"Nep\u0159ijateln\u00e9 riziko. Torzo v\u00fd\u0161kov\u00e9 budovy 34\u00a0ve Zl\u00edn\u011b se zachra\u0148ovat nebude"},"content":{"rendered":"<p class=\"c_bB\">O zachov\u00e1n\u00ed \u010d\u00e1sti jeden\u00e1ctipatrov\u00e9 budovy o\u00a0rozm\u011brech zhruba 24\u00a0kr\u00e1t 12\u00a0metr\u016f (co\u017e odpov\u00edd\u00e1 dv\u011bma \u0159ad\u00e1m \u010dty\u0159 tradi\u010dn\u00edch stavebn\u00edch ba\u0165ovsk\u00fdch modul\u016f) usiloval vlastn\u00edk objektu, spole\u010dnost Cream Group spolu s\u00a0dal\u0161\u00edmi odborn\u00edky. C\u00edlem bylo uchovat autentickou p\u0159ipom\u00ednku p\u016fvodn\u00ed ba\u0165ovsk\u00e9 architektury.<\/p>\n<p class=\"c_bB\">\u201eOdborn\u00e1 expertn\u00ed skupina, kter\u00e1 v\u00a0posledn\u00edch dvou t\u00fddnech detailn\u011b prov\u011b\u0159ovala technick\u00e9 mo\u017enosti, v\u010detn\u011b anal\u00fdzy sloup\u016f pomoc\u00ed dron\u016f a\u00a0posudku experta na betonov\u00e9 konstrukce, v\u0161ak dosp\u011bla k\u00a0z\u00e1v\u011bru, \u017ee zachov\u00e1n\u00ed severov\u00fdchodn\u00edho fragmentu budovy 34\u00a0p\u0159edstavuje nep\u0159ijateln\u00e9 riziko z\u00a0hlediska bezpe\u010dnosti pr\u00e1ce. Statici proto dal\u0161\u00ed pr\u00e1ce sm\u011b\u0159uj\u00edc\u00ed k\u00a0jeho z\u00e1chran\u011b zak\u00e1zali,\u201c sd\u011blil Novink\u00e1m Marcel Schmidt ze spole\u010dnosti Cream Group.<\/p>\n<p class=\"c_bB\">Krom\u011b bezpe\u010dnostn\u00edch a\u00a0technick\u00fdch rizik p\u0159edstavovala p\u0159ek\u00e1\u017eku i\u00a0legislativa stavebn\u00edho \u00fa\u0159adu. \u201eSt\u00e1vaj\u00edc\u00ed rozhodnut\u00ed stavebn\u00edho \u00fa\u0159adu toti\u017e na\u0159izuje neodkladn\u00e9 odstran\u011bn\u00ed cel\u00e9 stavby ve ve\u0159ejn\u00e9m z\u00e1jmu a\u00a0p\u0159\u00edpadn\u00e9 vyjmut\u00ed \u010d\u00e1sti objektu by si vy\u017e\u00e1dalo dal\u0161\u00ed spr\u00e1vn\u00ed \u0159\u00edzen\u00ed,\u201c podotkl Schmidt s\u00a0t\u00edm, \u017ee na m\u00edst\u011b prob\u011bhla i\u00a0jedn\u00e1n\u00ed se z\u00e1stupci odboru stavebn\u00edch a\u00a0dopravn\u00edch \u0159\u00edzen\u00ed zl\u00ednsk\u00e9ho magistr\u00e1tu, N\u00e1rodn\u00edho pam\u00e1tkov\u00e9ho \u00fastavu v\u00a0Krom\u011b\u0159\u00ed\u017ei a\u00a0m\u011bstsk\u00e9ho odboru kultury a\u00a0pam\u00e1tkov\u00e9 p\u00e9\u010de.<\/p>\n<p><a data-dot=\"atm-link\" target=\"_self\" href=\"https:\/\/www.novinky.cz\/clanek\/domaci-zpravy-zlinsky-kraj-demolice-vyhorele-budovy-ve-zline-se-zastavila-cast-ikonicke-stavby-ma-zustat-jako-memento-40594376\" class=\"c_I\" rel=\"nofollow noopener\"><img fetchpriority=\"high\" height=\"1125\" width=\"2000\" src=\"https:\/\/www.europesays.com\/cz\/wp-content\/uploads\/2026\/09\/budova-34.jpeg\" loading=\"eager\" decoding=\"sync\" class=\"c_t c_r\"\/><\/a><\/p>\n<p class=\"c_bB\">P\u0159esto\u017ee budova bude kompletn\u011b zbour\u00e1na, jej\u00ed podoba nezmiz\u00ed \u00fapln\u011b. Spole\u010dnost Cream zajistila detailn\u00ed 3D sken cel\u00e9 v\u00fdchodn\u00ed fas\u00e1dy, kter\u00fd poslou\u017e\u00ed jako digit\u00e1ln\u00ed dokumentace pro budouc\u00ed generace i\u00a0jako podklad pro dal\u0161\u00ed architektonick\u00e9 zpracov\u00e1n\u00ed tohoto m\u00edsta. Developer z\u00e1rove\u0148 deklaroval, \u017ee se p\u0159\u00edpravou nov\u00e9ho \u0159e\u0161en\u00ed pokus\u00ed nav\u00e1zat na historii a\u00a0odkaz p\u016fvodn\u00ed ba\u0165ovsk\u00e9 architektury.<\/p>\n<p class=\"c_bB\">Budova 34\u00a0v\u00a0b\u00fdval\u00e9m are\u00e1lu ba\u0165ovsk\u00fdch obuvnick\u00fdch z\u00e1vod\u016f za\u010dala ho\u0159et ve \u010dtvrtek 9.\u00a0\u010dervence. B\u011bhem prvn\u00edho dne do\u0161lo i\u00a0ke z\u0159\u00edcen\u00ed t\u00e9m\u011b\u0159 dvou t\u0159etin jeden\u00e1ctipodla\u017en\u00edho v\u00fd\u0161kov\u00e9ho domu o\u00a0p\u016fdorysu 78\u00a0kr\u00e1t 72\u00a0metr\u016f.<\/p>\n<p class=\"c_bB\">Zji\u0161\u0165ov\u00e1n\u00ed p\u0159\u00ed\u010din po\u017e\u00e1ru m\u016f\u017ee hasi\u010d\u016fm i\u00a0policii zabrat n\u011bkolik dal\u0161\u00edch m\u011bs\u00edc\u016f. Policie ud\u00e1lost prov\u011b\u0159uje pro podez\u0159en\u00ed ze sp\u00e1ch\u00e1n\u00ed trestn\u00e9ho \u010dinu obecn\u00e9ho ohro\u017een\u00ed z\u00a0nedbalosti. P\u0159\u00edpadn\u00e9mu vin\u00edkovi za n\u011bj hroz\u00ed a\u017e p\u011btilet\u00e9 v\u011bzen\u00ed. Zn\u00e1m\u00e1 zat\u00edm nen\u00ed ani v\u00fd\u0161e zp\u016fsoben\u00e9 \u0161kody.<\/p>\n<p><a data-dot=\"atm-link\" target=\"_self\" href=\"https:\/\/www.novinky.cz\/clanek\/domaci-zpravy-zlinsky-kraj-stotunovy-bagr-v-akci-torzo-vyhorele-vyskove-budovy-ve-zline-zmizi-do-konce-srpna-40593805\" class=\"c_I\" rel=\"nofollow noopener\"><img fetchpriority=\"high\" height=\"1125\" width=\"2000\" src=\"https:\/\/www.europesays.com\/cz\/wp-content\/uploads\/2026\/09\/budova-34.jpeg\" loading=\"eager\" decoding=\"sync\" class=\"c_t c_r\"\/><\/a><\/p>\n<p class=\"c_bB\">Ho\u0159et za\u010dalo nejsp\u00ed\u0161e v\u00a0dev\u00e1t\u00e9m pat\u0159e ve skladu obuvi, kter\u00fd m\u011bla pronajat\u00fd firma Vasky. Odtamtud se po\u017e\u00e1r roz\u0161\u00ed\u0159il do dal\u0161\u00edch pater a\u00a0na st\u0159echu. Pot\u00e9, co se budova na dvou m\u00edstech z\u0159\u00edtila, z\u016fst\u00e1v\u00e1 st\u00e1t p\u0159ibli\u017en\u011b jej\u00ed polovina.<\/p>\n<p class=\"c_bB\">Majitel a\u00a0zakladatel Vasky V\u00e1clav Stan\u011bk \u0159ekl, \u017ee ve skladu, kter\u00fd v\u00a0budov\u011b m\u011bli, bylo zhruba 75\u00a0tis\u00edc p\u00e1r\u016f obuvi, oble\u010den\u00ed i\u00a0dopl\u0148k\u016f zna\u010dek Vasky a\u00a0Botas v\u00a0prodejn\u00ed hodnot\u011b 150\u00a0a\u017e 180\u00a0milion\u016f korun. Firma Alpine Pro, kter\u00e1 obl\u00e9k\u00e1 \u010desk\u00fd olympijsk\u00fd t\u00fdm, m\u011bla podle majitele V\u00e1clava Hrbka v\u00a0objektu uskladn\u011bn\u00e9 zbo\u017e\u00ed za v\u00edc ne\u017e p\u016fl miliardy korun.<\/p>\n<p class=\"c_bB\">Skupin\u011b Packeta provozuj\u00edc\u00ed slu\u017ebu Z\u00e1silkovna z\u016fstalo v\u00a0objektu okolo dev\u00edti tis\u00edc z\u00e1silek. V\u00fd\u0161i \u0161kody neup\u0159esnila. Po\u017e\u00e1r po\u0161kodil tak\u00e9 firmu Equator Cycling, kter\u00e1 se zab\u00fdv\u00e1 v\u00fdrobou a\u00a0servisem j\u00edzdn\u00edch kol. Podle jej\u00edho majitele Milana \u0160imka vznikla podniku \u0161koda mezi p\u011bti a\u017e deseti miliony korun. Po\u017e\u00e1r se dotkl i\u00a0prodejce sportovn\u00edho vybaven\u00ed Sportisimo.<\/p>\n<p class=\"c_bB\">\u010casosb\u011brn\u00e9 video z\u00a0demolice torza budovy 34\u00a0ve Zl\u00edn\u011bVideo: Ale\u0161 Fuksa, Novinky<\/p>\n<p><a data-dot=\"atm-link\" target=\"_self\" href=\"https:\/\/www.novinky.cz\/clanek\/ekonomika-alpine-pro-i-vasky-po-pozaru-uz-prodavaji-z-novych-skladu-40595643\" class=\"c_I\" rel=\"nofollow noopener\"><img height=\"1080\" width=\"1920\" src=\"https:\/\/www.europesays.com\/cz\/wp-content\/uploads\/2026\/09\/1788538274_317_dron-zlin-pozar.jpeg\" loading=\"eager\" decoding=\"sync\" class=\"c_t c_r\"\/><\/a><\/p>\n","protected":false},"excerpt":{"rendered":"O zachov\u00e1n\u00ed \u010d\u00e1sti jeden\u00e1ctipatrov\u00e9 budovy o\u00a0rozm\u011brech zhruba 24\u00a0kr\u00e1t 12\u00a0metr\u016f (co\u017e odpov\u00edd\u00e1 dv\u011bma \u0159ad\u00e1m \u010dty\u0159 tradi\u010dn\u00edch stavebn\u00edch ba\u0165ovsk\u00fdch modul\u016f)&hellip;\n","protected":false},"author":2,"featured_media":202901,"comment_status":"","ping_status":"","sticky":false,"template":"","format":"standard","meta":{"footnotes":"","_share_on_mastodon":"0"},"categories":[7],"tags":[7464,43,42,41,40,8137,734,325,735,37564,2564],"class_list":["post-202900","post","type-post","status-publish","format-standard","has-post-thumbnail","category-cesko","tag-bata","tag-ceska-republika","tag-cesko","tag-czech-republic","tag-czechia","tag-demolice","tag-hasici","tag-policie","tag-pozar","tag-pozar-ve-zline","tag-zlin"],"share_on_mastodon":{"url":"https:\/\/pubeurope.com\/@cz\/117213651680977325","error":""},"_links":{"self":[{"href":"https:\/\/www.europesays.com\/cz\/wp-json\/wp\/v2\/posts\/202900","targetHints":{"allow":["GET"]}}],"collection":[{"href":"https:\/\/www.europesays.com\/cz\/wp-json\/wp\/v2\/posts"}],"about":[{"href":"https:\/\/www.europesays.com\/cz\/wp-json\/wp\/v2\/types\/post"}],"author":[{"embeddable":true,"href":"https:\/\/www.europesays.com\/cz\/wp-json\/wp\/v2\/users\/2"}],"replies":[{"embeddable":true,"href":"https:\/\/www.europesays.com\/cz\/wp-json\/wp\/v2\/comments?post=202900"}],"version-history":[{"count":0,"href":"https:\/\/www.europesays.com\/cz\/wp-json\/wp\/v2\/posts\/202900\/revisions"}],"wp:featuredmedia":[{"embeddable":true,"href":"https:\/\/www.europesays.com\/cz\/wp-json\/wp\/v2\/media\/202901"}],"wp:attachment":[{"href":"https:\/\/www.europesays.com\/cz\/wp-json\/wp\/v2\/media?parent=202900"}],"wp:term":[{"taxonomy":"category","embeddable":true,"href":"https:\/\/www.europesays.com\/cz\/wp-json\/wp\/v2\/categories?post=202900"},{"taxonomy":"post_tag","embeddable":true,"href":"https:\/\/www.europesays.com\/cz\/wp-json\/wp\/v2\/tags?post=202900"}],"curies":[{"name":"wp","href":"https:\/\/api.w.org\/{rel}","templated":true}]}}