{"id":202902,"date":"2026-09-04T16:14:10","date_gmt":"2026-09-04T16:14:10","guid":{"rendered":"https:\/\/www.europesays.com\/cz\/202902\/"},"modified":"2026-09-04T16:14:10","modified_gmt":"2026-09-04T16:14:10","slug":"vikendove-tipy-kam-v-praze-vyrazit-metropole-je-plna-skvelych-akci-prazsky-denik","status":"publish","type":"post","link":"https:\/\/www.europesays.com\/cz\/202902\/","title":{"rendered":"V\u00edkendov\u00e9 tipy: Kam v Praze vyrazit? Metropole je pln\u00e1 skv\u011bl\u00fdch akc\u00ed \u2013 Pra\u017esk\u00fd den\u00edk"},"content":{"rendered":"<p>Sobota 5. z\u00e1\u0159\u00ed<\/p>\n<p id=\"paragraphBlock-3\">Krausberry: Dvojkoncert<br \/>Kdy: Od 20.30<br \/>Kde: <a href=\"https:\/\/www.malostranska-beseda.cz\/\" class=\"external\" target=\"_blank\" rel=\"nofollow noopener\">Malostransk\u00e1 beseda<\/a>, Malostransk\u00e9 n\u00e1m\u011bst\u00ed 35, Praha 1<br \/>Za kolik: P\u0159edprodej 400 K\u010d, na m\u00edst\u011b 450<br \/>Kapela, kterou v roce 1984 zalo\u017eil zp\u011bv\u00e1k a kytarista Martin Kraus, pat\u0159\u00ed k dlouhodob\u011b p\u016fsob\u00edc\u00edm formac\u00edm \u010desk\u00e9 rockov\u00e9 sc\u00e9ny. Jej\u00ed reperto\u00e1r tvo\u0159\u00ed p\u0159edev\u0161\u00edm bluesov\u011b lad\u011bn\u00e9 skladby s v\u00fdrazn\u00fdm d\u016frazem na rytmus a text. Koncert za\u010dne ve ve\u010dern\u00edch hodin\u00e1ch a nab\u00eddne pr\u016f\u0159ez dosavadn\u00ed tvorbou skupiny.<\/p>\n<p id=\"paragraphBlock-2\">Vinobran\u00ed na St\u0159el\u00e1ku<br \/>Kdy: 12-22<br \/>Kde: St\u0159eleck\u00fd ostrov, Praha 1<br \/>Za kolik: Vstup zdarma<br \/>Dva dny pln\u00e9 v\u00edna, skv\u011bl\u00e9ho j\u00eddla, hudby a pohodov\u00e9 atmosf\u00e9ry p\u0159\u00edmo v centru Prahy. \u010cek\u00e1 v\u00e1s v\u00fdb\u011br moravsk\u00fdch i sv\u011btov\u00fdch v\u00edn, bohat\u00e1 gastro z\u00f3na, \u017eiv\u00e9 kapely, DJ a doprovodn\u00fd program po cel\u00fd den.<\/p>\n<p id=\"paragraphBlock-4\">Mezin\u00e1rodn\u00ed veletrh Sb\u011bratel<br \/>Kdy: 10-16<br \/>Kde: V\u00fdstavi\u0161t\u011b PVA Expo Let\u0148any, Beranov\u00fdch 667, Praha 9<br \/>Za kolik: 150 K\u010d, \u017eeny a ml\u00e1de\u017e do 18 let zdarma<br \/>Po\u0161tovn\u00ed zn\u00e1mky, mince, medaile, bankovky, pohlednice, ale t\u0159eba tak\u00e9 star\u00e9 akcie nebo autogramy bude nab\u00edzet p\u0159es 250 vystavovatel\u016f z cel\u00e9ho sv\u011bta. Z toho \u0159ada se do Prahy chyst\u00e1 v\u016fbec poprv\u00e9. Na n\u00e1v\u0161t\u011bvn\u00edky pak \u010dek\u00e1 tak\u00e9 zaj\u00edmav\u00fd doprovodn\u00fd program. I letos bude Sb\u011bratele po oba dva dny prov\u00e1zet veletrh Miner\u00e1ly a drah\u00e9 kameny a v sobotu pak burza gramodesek a c\u00e9d\u00e9\u010dek Vinyl and Stereo Expo. A pozor! Poprv\u00e9 v sobotu tak\u00e9 nov\u00fd veletrh All Cards Arena zam\u011b\u0159en\u00fd na sv\u011bt TCG karet jako jsou Pok\u00e9moni nebo Magic: The Gathering a sb\u011bratelsk\u00e9 sportovn\u00ed karty.<\/p>\n<p><a href=\"https:\/\/prazsky.denik.cz\/fotbal\/fotbal-praha-program-na-vikend-zizkov-derby-sparta-slavia\/\" class=\"shrink-0 no-underline w-[7.5rem] h-20 sm:w-[13.125rem] sm:h-[8.75rem] \" data-click-measurement=\"true\" data-module=\"related_articles\" data-type=\"article\" data-name=\"article_related_articles\" data-text=\"Pra\u017esk\u00fd fotbal o v\u00edkendu: Chytne se \u017di\u017ekov na P\u0159\u00edbrami? Jak dopadne derby \u017een?\" data-position=\"1\" rel=\"nofollow noopener\" target=\"_blank\"><img decoding=\"async\" src=\"https:\/\/www.europesays.com\/cz\/wp-content\/uploads\/2026\/09\/7b45ffd6-0d5a-4aa8-98f5-3aaa9fa00bbf.webp\" alt=\"Pra\u017esk\u00fd fotbal o v\u00edkendu: Chytne se \u017di\u017ekov na P\u0159\u00edbrami? Jak dopadne derby \u017een?\" title=\"Pra\u017esk\u00fd fotbal o v\u00edkendu: Chytne se \u017di\u017ekov na P\u0159\u00edbrami? Jak dopadne derby \u017een?\" class=\"object-cover aspect-3x2 w-full object-center mx-auto max-h-[40rem] bg-grey-1 e2e-imel\" data-id=\"\" data-aspect-ratio=\"aspect-3x2\" data-lightbox-url=\"\/images\/api\/image\/1366x910\/7b4\/7b45ffd6-0d5a-4aa8-98f5-3aaa9fa00bbf.webp\" loading=\"lazy\" width=\"210\" height=\"140\"\/><\/a><\/p>\n<p id=\"paragraphBlock-5\">Nomad beer festival<br \/>Kdy: 10-21<br \/>Kde: N\u00e1plavka, Ra\u0161\u00ednovo n\u00e1b\u0159e\u017e\u00ed, Praha 2<br \/>Za kolik: Vstup zdarma<br \/>Objevte kouzlo \u201el\u00e9taj\u00edc\u00edch\u201c (ko\u010dovn\u00fdch) pivovar\u016f, kter\u00e9 sice nemaj\u00ed vlastn\u00ed tanky, ale o to v\u00edc srdce a kreativity d\u00e1vaj\u00ed do ka\u017ed\u00e9 v\u00e1rky. P\u0159ij\u010fte cestovat v ruce s Pivn\u00edm pasem po jednotliv\u00fdch pivovarech a hledat i ochutn\u00e1vat tekut\u00e9 klenoty od pivn\u00edch dobrodruh\u016f, kte\u0159\u00ed dokazuj\u00ed, \u017ee k uva\u0159en\u00ed geni\u00e1ln\u00edho piva vlastn\u00ed pivovar nepot\u0159ebujete!<\/p>\n<p id=\"paragraphBlock-6\">Bubbles piknik fest<br \/>Kdy: 12-21<br \/>Kde: Park u B\u0159evnovsk\u00e9ho kl\u00e1\u0161tera, Mark\u00e9tsk\u00e1 1, Praha 6<br \/>Za kolik: Degusta\u010dn\u00ed skleni\u010dka 195 K\u010d<br \/>\u201eV sezon\u011b 2026 se znovu potk\u00e1v\u00e1me na Bubbles Piknik Festu, kter\u00fd posouv\u00e1me je\u0161t\u011b d\u00e1l! P\u0159in\u00e1\u0161\u00edme v\u00e1m v\u00edce bublin, nov\u011b tak\u00e9 piknikov\u00e9 ko\u0161e na objedn\u00e1vku a ji\u017e tradi\u010dn\u00ed Prosecco Academy. Co v\u00e1s \u010dek\u00e1? Je\u0161t\u011b \u0161ir\u0161\u00ed nab\u00eddka \u0161umiv\u00fdch v\u00edn prosecco a cr\u00e9mant\u016f. Nov\u00e9 signature koktejly, dom\u00e1c\u00ed limon\u00e1dy a osv\u011b\u017euj\u00edc\u00ed spritzy. Kvalitn\u00ed gurm\u00e1nsk\u00e9 pochoutky ke sklenici dob\u0159e vychlazen\u00fdch bublin. Skv\u011bl\u00e1 hudba \u2013 DJs po celou dobu a v sobotu nav\u00edc \u017eiv\u00e1 kapela pro dokonalou atmosf\u00e9ru,\u201c zvou po\u0159adatel\u00e9 t\u00e9to akce.<\/p>\n<p id=\"paragraphBlock-7\">Festival Spor\u0165\u00e1\u010dek<br \/>Kdy: 10-17<br \/>Kde: Sportovn\u00ed are\u00e1l Hamr Bran\u00edk (Vltavan\u016f 1542) a Branick\u00e1 louka, Praha 4<br \/>Za kolik: Vstup zdarma<br \/>Tradi\u010dn\u00ed sportovn\u00ed akce. Na d\u011bti bude \u010dekat pestr\u00fd den pln\u00fd pohybu, zkou\u0161en\u00ed a sportovn\u00ed inspirace. Nebude chyb\u011bt mo\u017enost proj\u00edt si stanovi\u0161t\u011b sportovn\u00edch klub\u016f, vyzkou\u0161et si r\u016fzn\u00e9 sporty na vlastn\u00ed k\u016f\u017ei a za\u017e\u00edt i doprovodn\u00e9 atrakce, kter\u00e9 ke Spor\u0165\u00e1\u010dku pat\u0159\u00ed. T\u011b\u0161it se m\u016f\u017eete nap\u0159\u00edklad na sportovn\u00ed stanovi\u0161t\u011b, sout\u011b\u017ee, obl\u00edben\u00fd Ninja race, laserov\u00fd biatlon, setk\u00e1n\u00ed se zn\u00e1m\u00fdmi sportovn\u00edmi osobnostmi a dal\u0161\u00ed aktivity pro d\u011bti v\u0161ech v\u011bkov\u00fdch kategori\u00ed.<\/p>\n<p id=\"paragraphBlock-8\">Den Leti\u0161t\u011b Let\u0148any<br \/>Kdy: 9-18<br \/>Kde: Leti\u0161t\u011b Let\u0148any, Praha 9<br \/>Za kolik: Vstup zdarma<br \/>Leto\u0161n\u00ed ro\u010dn\u00edk, nesouc\u00ed podtitul \u201eTrainer Legends\u201c (Legend\u00e1rn\u00ed typy cvi\u010dn\u00fdch letadel), je zam\u011b\u0159en pr\u00e1v\u011b na jednu z nejv\u00fdznamn\u011bj\u0161\u00edch kapitol historie leti\u0161t\u011b \u2013 v\u00fdcvik pilot\u016f v obdob\u00ed druh\u00e9 sv\u011btov\u00e9 v\u00e1lky a v pov\u00e1le\u010dn\u00fdch letech. Pr\u00e1v\u011b tehdy zaznamenalo leti\u0161t\u011b jedno z nejintenzivn\u011bj\u0161\u00edch a nejd\u016fle\u017eit\u011bj\u0161\u00edch vyu\u017eit\u00ed v cel\u00e9 sv\u00e9 historii. N\u00e1v\u0161t\u011bvn\u00edci se mohou t\u011b\u0161it na unik\u00e1tn\u00ed pr\u016f\u0159ez touto \u00e9rou i na p\u0159edstaven\u00ed m\u00e9n\u011b v\u00eddan\u00fdch historick\u00fdch stroj\u016f z \u010cesk\u00e9 republiky i cel\u00e9 Evropy.<\/p>\n<p><a href=\"https:\/\/prazsky.denik.cz\/volny-cas\/praha-v-desti-i-mlze-okouzluje-prinejmensim-na-snimcich-fotografa-horaka\/\" class=\"shrink-0 no-underline w-[7.5rem] h-20 sm:w-[13.125rem] sm:h-[8.75rem] relative\" data-click-measurement=\"true\" data-module=\"related_articles\" data-type=\"article\" data-name=\"article_related_articles\" data-text=\"Praha v de\u0161ti i mlze okouzluje. P\u0159inejmen\u0161\u00edm na sn\u00edmc\u00edch fotografa Hor\u00e1ka\" data-position=\"2\" rel=\"nofollow noopener\" target=\"_blank\"><img decoding=\"async\" src=\"https:\/\/www.europesays.com\/cz\/wp-content\/uploads\/2026\/09\/6f846d38-298b-4b38-94ea-df623a41d53d.webp\" alt=\"Praha v de\u0161ti i mlze okouzluje. P\u0159inejmen\u0161\u00edm na sn\u00edmc\u00edch fotografa Hor\u00e1ka\" title=\"Praha v de\u0161ti i mlze okouzluje. P\u0159inejmen\u0161\u00edm na sn\u00edmc\u00edch fotografa Hor\u00e1ka\" class=\"object-cover aspect-3x2 w-full object-center mx-auto max-h-[40rem] bg-grey-1 e2e-imel\" data-id=\"\" data-aspect-ratio=\"aspect-3x2\" data-lightbox-url=\"\/images\/api\/image\/1366x910\/6f8\/6f846d38-298b-4b38-94ea-df623a41d53d.webp\" loading=\"lazy\" width=\"210\" height=\"140\"\/><\/a>Ned\u011ble 6. z\u00e1\u0159\u00ed<\/p>\n<p id=\"paragraphBlock-10\">Mint Market: Bab\u00ed l\u00e9to<br \/>Kdy: 10-17<br \/>Kde: Ra\u0161\u00ednovo n\u00e1b\u0159e\u017e\u00ed, Praha 2<br \/>Za kolik: Vstup zdarma<br \/>V ned\u011bli zapln\u00ed Ra\u0161\u00ednovo n\u00e1b\u0159e\u017e\u00ed dal\u0161\u00ed Mint Market. \u010cek\u00e1 v\u00e1s v\u00edce ne\u017e 130 design\u00e9r\u016f a zna\u010dek z cel\u00e9 republiky. Autorsk\u00e1 m\u00f3da, \u0161perky, design, dobroty i m\u00f3dn\u00ed p\u0159ehl\u00eddky p\u0159\u00edmo na N\u00e1plavce. Zastavte se jen na chv\u00edli\u2026 a klidn\u011b odejd\u011bte s ta\u0161kou plnou radosti.<\/p>\n<p id=\"paragraphBlock-9\">O hol\u010di\u010dce, kter\u00e1 zlobila<br \/>Kdy: 10.30-11.30<br \/>Kde: Vod\u00e1rensk\u00e1 v\u011b\u017e Letn\u00e1, Na V\u00fd\u0161in\u00e1ch 1, Praha 7<br \/>Za kolik: 90 K\u010d<br \/>Ned\u011bln\u00ed poh\u00e1dka pro d\u011bti&#8230; \u201eTaky se v\u00e1m ob\u010das stane, \u017ee se prost\u011b neudr\u017e\u00edte a mus\u00edte zlobit? Sko\u010d\u00ed v\u00e1m na z\u00e1da \u0160kare\u010f\u00e1k Vztek nebo baba Zlomysln\u00e1 a sk\u0159\u00edtek Neposlucha do ou\u0161ka na\u0161ept\u00e1v\u00e1 cosi o Kr\u00e1lovstv\u00ed divo\u010din, kde je mo\u017en\u00e9 divo\u010dit a zlobit od r\u00e1na do ve\u010dera? To se l\u00edb\u00ed na\u0161\u00ed neposlu\u0161n\u00e9 hol\u010di\u010dce Bo\u017eence. Ona se chce st\u00e1t kr\u00e1lovnou v\u0161ech divo\u010din a tak zlob\u00ed a zlob\u00ed&#8230; Jen\u017ee na sc\u00e9nu p\u0159ich\u00e1z\u00ed pan\u00ed Truda, kter\u00e1 nem\u00e1 r\u00e1da d\u011bti zlobiv\u00e9 a um\u00ed vyl\u00e9\u010dit v\u0161echny d\u011btsk\u00e9 \u201e\u201cnemoci\u201c\u201c! Autorsk\u00fd p\u0159\u00edb\u011bh pln\u00fd legr\u00e1cek, zloben\u00ed a odpu\u0161t\u011bn\u00ed. To v\u0161e za hudebn\u00edho doprovodu excelentn\u00edho dua Ukulela Aju\u0161 a Ivu\u0161. Inscenaci podpo\u0159ila Nadace \u017divot um\u011blce.<\/p>\n<p id=\"paragraphBlock-11\">Zp\u00e1tky do \u0161koly<br \/>Kdy: 10-16<br \/>Kde: <a href=\"https:\/\/www.obcanskaplovarna.cz\/cs\/zpatky-do-skoly\" class=\"external\" target=\"_blank\" rel=\"nofollow noopener\">Ob\u010dansk\u00e1 plov\u00e1rna<\/a>, U Plov\u00e1rny 1, Praha 1<br \/>Za kolik: Vstup zdarma<br \/>\u201eP\u0159ij\u010fte si s n\u00e1mi u\u017e\u00edt Zp\u00e1tky do \u0161koly na Ob\u010dansk\u00e9 plov\u00e1rn\u011b a str\u00e1vit p\u0159\u00edjemn\u00fd den venku u Vltavy. \u010cek\u00e1 v\u00e1s pohodov\u00e1 atmosf\u00e9ra, spousta z\u00e1bavy a sout\u011b\u017e\u00ed pro d\u011bti a ide\u00e1ln\u00ed p\u0159\u00edle\u017eitost str\u00e1vit spole\u010dn\u00fd \u010das na Ob\u010dansk\u00e9 plov\u00e1rn\u011b. T\u011b\u0161it se m\u016f\u017eete na pestr\u00fd program pln\u00fd d\u011btsk\u00fdch aktivit, sout\u011b\u017e\u00ed a z\u00e1\u017eitk\u016f. Po cel\u00fd den bude p\u0159ipraveno dobr\u00e9 j\u00eddlo a pit\u00ed, DJ a moder\u00e1tor, sk\u00e1kac\u00ed hrad, malov\u00e1n\u00ed na obli\u010dej i sout\u011b\u017en\u00ed stanovi\u0161t\u011b. Nebudou chyb\u011bt ani uk\u00e1zky pr\u00e1ce slo\u017eek IZS \u2013 hasi\u010di, po\u0159\u00ed\u010dn\u00ed \u00fatvar a m\u011bstsk\u00e1 policie. Pro d\u011bti i dosp\u011bl\u00e9 budou p\u0159ipraveny nap\u0159\u00edklad uk\u00e1zky Po\u0159\u00ed\u010dn\u00edho \u00fatvaru nebo plavby po Vltav\u011b na lodi Atlantida. Akce se kon\u00e1 za ka\u017ed\u00e9ho po\u010das\u00ed, a pokud by n\u00e1m po\u010das\u00ed nep\u0159\u00e1lo, je k dispozici i z\u00e1zem\u00ed vnit\u0159n\u00edch prostor nebo venkovn\u00ed zast\u0159e\u0161en\u00fd stan,\u201c zvou po\u0159adatel\u00e9 akce.<\/p>\n<p id=\"paragraphBlock-12\">Ta\u0165ka fest<br \/>Kdy: 14-18<br \/>Kde: Beachklub L\u00e1dv\u00ed, \u017dernoseck\u00e1 2, Praha 8<br \/>Za kolik: Vstup zdarma<br \/>\u201eKdy\u017e se \u0159ekne Mistrovstv\u00ed \u010cesk\u00e9 republiky v beachvolejbalu, v\u011bt\u0161ina fanou\u0161k\u016f si p\u0159edstav\u00ed \u0161pi\u010dkov\u00e9 sportovn\u00ed v\u00fdkony. Letos ale nab\u00eddne mnohem v\u00edc. V r\u00e1mci doprovodn\u00e9ho programu jsme p\u0159ipravili Ta\u0165ka Fest 2026 \u2013 rodinn\u00e9 odpoledne pln\u00e9 sportu, z\u00e1bavy a z\u00e1\u017eitk\u016f, kter\u00e9 se uskute\u010dn\u00ed v ned\u011bli 6. z\u00e1\u0159\u00ed od 14:00 do 18:00 hodin p\u0159\u00edmo ve fanz\u00f3n\u011b \u010cEZ Mistrovstv\u00ed \u010cR v beachvolejbalu v Beachklubu L\u00e1dv\u00ed. Program je ur\u010den p\u0159edev\u0161\u00edm rodin\u00e1m s d\u011btmi a vstup je pro v\u0161echny zdarma. Fanz\u00f3na nab\u00eddne atrakce, sportovn\u00ed stanovi\u0161t\u011b, odpo\u010dinkov\u00e9 z\u00f3ny i ob\u010derstven\u00ed po cel\u00fd v\u00edkend mistrovstv\u00ed,\u201c zvou po\u0159adatel\u00e9 na Ta\u0165ka fest. V\u00edce <a href=\"https:\/\/beachklubladvi.cz\/tatka-fest-2026-rodinne-odpoledne-ve-fanzone-mistrovstvi-cr-v-beachvolejbalu\/\" class=\"external\" target=\"_blank\" rel=\"nofollow noopener\">zde<\/a>.<\/p>\n<p> Milan Holakovsk\u00fd \/ Den\u00edk | Zku\u0161enost se star\u0161\u00edm sourozencem ve \u0161kole je p\u0159i n\u00e1stupu prv\u0148\u00e1\u010dka v\u00fdhoda, potvrzuje maminka.<\/p>\n<p>V\u00edcedenn\u00ed akce<\/p>\n<p id=\"paragraphBlock-14\">\u017di\u017eCon: Festival deskov\u00fdch her<br \/>Kdy: Sobota a ned\u011ble 12-18<br \/>Kde: TJ Sokol Zl\u00edchov, Nad Zl\u00edchovem 7, Praha 5<br \/>Za kolik: Denn\u00ed od 120 K\u010d, celofestivalov\u00e9 od 500 K\u010d<br \/>Festival deskov\u00fdch a spole\u010densk\u00fdch her \u017di\u017econ v\u00e1m nab\u00eddne skv\u011blou z\u00e1bavu a\u0165 u\u017e jste sta\u0159\u00ed hern\u00ed veter\u00e1ni nebo nov\u00e1\u010dci. V\u00edce informac\u00ed na webu <a href=\"https:\/\/www.zizcon.cz\/\" class=\"external\" target=\"_blank\" rel=\"nofollow noopener\">zde<\/a>.<\/p>\n<p id=\"paragraphBlock-13\">Harry Potter: The Exhibition<br \/>Kdy: Do 21. b\u0159ezna, denn\u011b, pond\u011bl\u00ed a\u017e p\u00e1tek 10-20, v\u00edkendy 9-20.30<br \/>Kde: V\u00fdstavi\u0161t\u011b PVA Expo Let\u0148any, Beranov\u00fdch 667, Praha 9<br \/>Za kolik: Od 450 K\u010d<br \/>Pr\u016flomov\u00e1 putovn\u00ed v\u00fdstava, kter\u00e1 oslavuje jedine\u010dn\u00fd sv\u011bt Harryho Pottera a dal\u0161\u00edch film\u016f. N\u00e1v\u0161t\u011bvn\u00edky nadchne d\u00edky poutav\u00e9mu vypr\u00e1v\u011bn\u00ed a inovativn\u00edm technologi\u00edm, autentick\u00fdm rekvizit\u00e1m a origin\u00e1ln\u00edm kost\u00fdm\u016fm. Objevte, jak o\u017e\u00edvaj\u00ed va\u0161e obl\u00edben\u00e9 sc\u00e9ny, postavy a m\u00edsta z filmov\u00fdch s\u00e9ri\u00ed Harry Potter a Fantastick\u00e1 zv\u00ed\u0159ata, stejn\u011b jako z divadeln\u00ed hry Harry Potter a Proklet\u00e9 d\u00edt\u011b. Vyzkou\u0161ejte si sv\u00e9 dovednosti ve famfrp\u00e1lu, uva\u0159te lektvar, p\u0159esa\u010fte mandragoru a prozkoumejte v\u0161echny bradavick\u00e9 koleje. Z\u00e1rove\u0148 p\u0159itom nahl\u00e9dn\u011bte do z\u00e1kulis\u00ed nat\u00e1\u010den\u00ed filmov\u00e9 s\u00e9rie a mnoho dal\u0161\u00edho.<\/p>\n<p id=\"paragraphBlock-15\">Czech press photo 2025<br \/>Kdy: Denn\u011b do 30. listopadu 10-18<br \/>Kde:\u00a0Nov\u00e1 budova N\u00e1rodn\u00edho muzea,\u00a0Vinohradsk\u00e1 1, Praha 1<br \/>Za kolik: Od 100 K\u010d, klasick\u00e1 vstupenka 200 K\u010d<br \/>Czech Press Photo 2025 p\u0159edstavuje v\u00a0Nov\u00e9 budov\u011b N\u00e1rodn\u00edho muzea v\u00fdb\u011br t\u00e9m\u011b\u0159 800 nejlep\u0161\u00edch novin\u00e1\u0159sk\u00fdch fotografi\u00ed, kter\u00e9 zachycuj\u00ed kl\u00ed\u010dov\u00e9 ud\u00e1losti uplynul\u00e9ho obdob\u00ed v\u00a0\u010cesk\u00e9 republice i\u00a0ve sv\u011bt\u011b. Presti\u017en\u00ed sout\u011b\u017e Czech Press Photo je ur\u010dena profesion\u00e1ln\u00edm \u010desk\u00fdm a\u00a0od tohoto ro\u010dn\u00edku tak\u00e9 evropsk\u00fdm foto\u017eurnalist\u016fm a\u00a0dlouhodob\u011b p\u0159in\u00e1\u0161\u00ed v\u00fdjime\u010dn\u00e9 obrazov\u00e9 sv\u011bdectv\u00ed sv\u00e9 doby.<\/p>\n<p><a href=\"https:\/\/prazsky.denik.cz\/volny-cas\/dlouhou-skluzavku-na-julisce-se-uzijete-v-sedmi-letech-i-v-sedmdesati-sedmi\/\" class=\"shrink-0 no-underline w-[7.5rem] h-20 sm:w-[13.125rem] sm:h-[8.75rem] \" data-click-measurement=\"true\" data-module=\"related_articles\" data-type=\"article\" data-name=\"article_related_articles\" data-text=\"Dlouhou skluzavku na Julisce si u\u017eijete v sedmi letech \u2013 i v sedmdes\u00e1ti sedmi\" data-position=\"3\" rel=\"nofollow noopener\" target=\"_blank\"><img decoding=\"async\" src=\"https:\/\/www.europesays.com\/cz\/wp-content\/uploads\/2026\/09\/fb4c74bd-b9cf-4294-8351-efb5208fa9e5.webp\" alt=\"Dlouhou skluzavku na Julisce si u\u017eijete v sedmi letech \u2013 i v sedmdes\u00e1ti sedmi\" title=\"Dlouhou skluzavku na Julisce si u\u017eijete v sedmi letech \u2013 i v sedmdes\u00e1ti sedmi\" class=\"object-cover aspect-3x2 w-full object-center mx-auto max-h-[40rem] bg-grey-1 e2e-imel\" data-id=\"\" data-aspect-ratio=\"aspect-3x2\" data-lightbox-url=\"\/images\/api\/image\/1366x910\/fb4\/fb4c74bd-b9cf-4294-8351-efb5208fa9e5.webp\" loading=\"lazy\" width=\"210\" height=\"140\"\/><\/a><\/p>\n<p id=\"paragraphBlock-16\">Dary pro prezidenta z daleka i z bl\u00edzka II<br \/>Kdy: Po cel\u00fd rok 2026, denn\u011b 9-16<br \/>Kde: Pra\u017esk\u00fd hrad (Ro\u017embersk\u00fd pal\u00e1c), Praha 1<br \/>Za kolik: Vstupn\u00e9 zdarma<br \/>V\u00fdstava \u201eDary pro prezidenta z daleka i bl\u00edzka II.\u201c nab\u00edz\u00ed jedine\u010dn\u00fd pohled na roli dar\u016f ve sv\u011bt\u011b diplomacie i m\u00edstn\u00edch tradic. Vybran\u00e9 expon\u00e1ty jsou v\u00fdb\u011brem z protokol\u00e1rn\u00ed i osobn\u00ed dar\u016f, kter\u00e9 prezident Petr Pavel obdr\u017eel od zahrani\u010dn\u00edch st\u00e1tn\u00edk\u016f, p\u0159edstavitel\u016f region\u016f i ob\u010dan\u016f v roce 2025. Sou\u010d\u00e1st\u00ed v\u00fdb\u011bru jsou tak\u00e9 n\u011bkter\u00e9 dary v\u011bnovan\u00e9 prvn\u00ed d\u00e1m\u011b Ev\u011b Pavlov\u00e9. Expozice ukazuje roli dar\u016f v diplomacii i osobn\u00edch setk\u00e1n\u00edch. Od p\u0159edm\u011bt\u016f vysok\u00e9 \u0159emesln\u00e9 a um\u011bleck\u00e9 hodnoty a\u017e po dary s ryze osobn\u00edm poselstv\u00edm. Ka\u017ed\u00fd z nich vypr\u00e1v\u00ed p\u0159\u00edb\u011bh o kultu\u0159e, tradic\u00edch a vztaz\u00edch, kter\u00e9 stoj\u00ed za ofici\u00e1ln\u00edmi i neofici\u00e1ln\u00edmi setk\u00e1n\u00edmi hlavy st\u00e1tu.<\/p>\n<p id=\"paragraphBlock-17\">Sv\u011bt med\u00faz<br \/>Kdy:\u00a0Denn\u011b 9-21<br \/>Kde:\u00a0OC Ark\u00e1dy Pankr\u00e1c, Na Pankr\u00e1ci 86, Praha 4<br \/>Za kolik:\u00a0Od 170 K\u010d, dosp\u011bl\u00ed 260 K\u010d<br \/>Sv\u011bt med\u00faz vznikl jako zcela unik\u00e1tni\u0301 sv\u011btov\u00fd projekt, kde se pod jednou st\u0159echou prol\u00edna\u0301 ohromuj\u00edci\u0301 \u017eivot medu\u0301z s audiovizua\u0301ln\u00edmi\u0301 efekty. Na prostoru p\u0159es 700 metr\u016f \u010dtvere\u010dn\u00edch najdete 38 akv\u00e1ri\u00ed, ve kter\u00fdch je k vid\u011bn\u00ed p\u0159es 30 druh\u016f med\u00faz. Mal\u00ed i velc\u00ed n\u00e1v\u0161t\u011bvn\u00edci se mohou t\u011b\u0161it tak\u00e9 na videomaping a unik\u00e1tn\u00ed atrakce.<\/p>\n<p id=\"paragraphBlock-18\">Muzeum fantastick\u00fdch iluz\u00ed<br \/>Kdy:\u00a0Denn\u011b 9-19 (posledn\u00ed vstup v 18)<br \/>Kde:\u00a0Muzeum fantastick\u00fdch iluz\u00ed, Vodi\u010dkova 31, Praha 1<br \/>Za kolik:\u00a0Od 179 K\u010d<br \/>V\u00edtejte v magick\u00e9m sv\u011bt\u011b optick\u00fdch iluz\u00ed! Muzeum fantastick\u00fdch iluz\u00ed Pavla Ko\u017e\u00ed\u0161ka m\u00e1 u n\u00e1v\u0161t\u011bvn\u00edk\u016f obrovsk\u00fd \u00fasp\u011bch a nyn\u00ed je nov\u011b dvakr\u00e1t v\u011bt\u0161\u00ed a xkr\u00e1t z\u00e1bavn\u011bj\u0161\u00ed! Sta\u0148te se sou\u010d\u00e1st\u00ed strhuj\u00edc\u00ed expozice fantastick\u00fdch optick\u00fdch klam\u016f a velkoform\u00e1tov\u00fdch trikov\u00fdch obraz\u016f. Vydejte se za jedine\u010dn\u00fdm z\u00e1\u017eitkem do toho nejz\u00e1bavn\u011bj\u0161\u00edho \u010desk\u00e9ho muzea, kde si nav\u00edc je\u0161t\u011b po\u0159\u00edd\u00edte par\u00e1dn\u00ed a legra\u010dn\u00ed fotky a videa!<\/p>\n","protected":false},"excerpt":{"rendered":"Sobota 5. z\u00e1\u0159\u00ed Krausberry: DvojkoncertKdy: Od 20.30Kde: Malostransk\u00e1 beseda, Malostransk\u00e9 n\u00e1m\u011bst\u00ed 35, Praha 1Za kolik: P\u0159edprodej 400 K\u010d,&hellip;\n","protected":false},"author":2,"featured_media":202903,"comment_status":"","ping_status":"","sticky":false,"template":"","format":"standard","meta":{"footnotes":"","_share_on_mastodon":"0"},"categories":[30],"tags":[98,99],"class_list":["post-202902","post","type-post","status-publish","format-standard","has-post-thumbnail","category-praha","tag-prague","tag-praha"],"share_on_mastodon":{"url":"https:\/\/pubeurope.com\/@cz\/117213663676768478","error":""},"_links":{"self":[{"href":"https:\/\/www.europesays.com\/cz\/wp-json\/wp\/v2\/posts\/202902","targetHints":{"allow":["GET"]}}],"collection":[{"href":"https:\/\/www.europesays.com\/cz\/wp-json\/wp\/v2\/posts"}],"about":[{"href":"https:\/\/www.europesays.com\/cz\/wp-json\/wp\/v2\/types\/post"}],"author":[{"embeddable":true,"href":"https:\/\/www.europesays.com\/cz\/wp-json\/wp\/v2\/users\/2"}],"replies":[{"embeddable":true,"href":"https:\/\/www.europesays.com\/cz\/wp-json\/wp\/v2\/comments?post=202902"}],"version-history":[{"count":0,"href":"https:\/\/www.europesays.com\/cz\/wp-json\/wp\/v2\/posts\/202902\/revisions"}],"wp:featuredmedia":[{"embeddable":true,"href":"https:\/\/www.europesays.com\/cz\/wp-json\/wp\/v2\/media\/202903"}],"wp:attachment":[{"href":"https:\/\/www.europesays.com\/cz\/wp-json\/wp\/v2\/media?parent=202902"}],"wp:term":[{"taxonomy":"category","embeddable":true,"href":"https:\/\/www.europesays.com\/cz\/wp-json\/wp\/v2\/categories?post=202902"},{"taxonomy":"post_tag","embeddable":true,"href":"https:\/\/www.europesays.com\/cz\/wp-json\/wp\/v2\/tags?post=202902"}],"curies":[{"name":"wp","href":"https:\/\/api.w.org\/{rel}","templated":true}]}}