{"id":202908,"date":"2026-09-04T16:20:27","date_gmt":"2026-09-04T16:20:27","guid":{"rendered":"https:\/\/www.europesays.com\/cz\/202908\/"},"modified":"2026-09-04T16:20:27","modified_gmt":"2026-09-04T16:20:27","slug":"vysetrovani-turkovy-nehody-je-mi-ukradene-rekl-macinka-chce-ho-zpatky-jako-zmocnence","status":"publish","type":"post","link":"https:\/\/www.europesays.com\/cz\/202908\/","title":{"rendered":"Vy\u0161et\u0159ov\u00e1n\u00ed Turkovy nehody je mi ukraden\u00e9, \u0159ekl Macinka. Chce ho zp\u00e1tky jako zmocn\u011bnce"},"content":{"rendered":"<p>\n                        Poslanec Filip Turek (za Motoristy) by se m\u011bl i p\u0159es vy\u0161et\u0159ov\u00e1n\u00ed sv\u00e9 dopravn\u00ed nehody znovu \u00fa\u010dastnit jedn\u00e1n\u00ed na ministerstvu \u017eivotn\u00edho prost\u0159ed\u00ed (M\u017dP). Novin\u00e1\u0159\u016fm to v p\u00e1tek po jedn\u00e1n\u00ed s ministrem \u017eivotn\u00edho prost\u0159ed\u00ed Igorem \u010cerven\u00fdm (Motorist\u00e9) \u0159ekl p\u0159edseda Motorist\u016f a ministr zahrani\u010d\u00ed Petr Macinka. Nehodu, p\u0159i kter\u00e9 se v \u010dervenci v centru Prahy srazilo Turkovo auto s nemocni\u010dn\u00edm vozem, prov\u011b\u0159uje policie pro podez\u0159en\u00ed z ubl\u00ed\u017een\u00ed na zdrav\u00ed z nedbalosti. \u0158idi\u010d nemocni\u010dn\u00edho vozidla po n\u00ed toti\u017e skon\u010dil v pracovn\u00ed neschopnosti. Turek, kter\u00fd po nehod\u011b do\u010dasn\u011b rezignoval na post vl\u00e1dn\u00edho zmocn\u011bnce, rovn\u011b\u017e dodal, \u017ee o\u010dek\u00e1val vy\u0161et\u0159en\u00ed nehody do 30 dn\u016f.\n                    <\/p>\n<p>\u201eP\u0159\u00e1l bych si, aby se Filip Turek odte\u010f \u00fa\u010dastnil porad veden\u00ed ministerstva, proto\u017ee jeho hlas je poradn\u00ed a j\u00e1 bych cht\u011bl, aby na ministerstvu zazn\u00edval. \u017de se \u0159e\u0161\u00ed n\u011bjak\u00e1 nehoda, je mi ukraden\u00e9. Nevid\u00edm d\u016fvod, pro\u010d by se \u010dlov\u011bk, kter\u00fd je expertem v dan\u00e9 oblasti, nem\u011bl \u00fa\u010dastnit jedn\u00e1n\u00ed. Problematika klimatick\u00e9 politiky a Green Dealu je n\u011bco z\u00e1sadn\u00edho, co ovliv\u0148uje pen\u011b\u017eenky a \u017eivoty ka\u017ed\u00e9ho \u010dlov\u011bka v t\u00e9to republice,\u201c \u0159ekl Macinka. Podle n\u011bj \u0161lo nav\u00edc o b\u011b\u017enou dopravn\u00ed nehodu, kter\u00e1 se m\u016f\u017ee st\u00e1t ka\u017ed\u00e9mu.<\/p>\n<p>K T\u00c9MATU: <a target=\"_blank\" href=\"https:\/\/cnn.iprima.cz\/okamura-chce-vyssi-duchody-nez-schillerova-naznacil-castku-prozradil-kde-skrtat-v-rozpoctu-520818\" rel=\"nofollow noopener\">Okamura chce vy\u0161\u0161\u00ed d\u016fchody ne\u017e Schillerov\u00e1, nazna\u010dil \u010d\u00e1stku. Prozradil, kde \u0161krtat v rozpo\u010dtu<\/a><\/p>\n<p>Turek se stal vl\u00e1dn\u00edm zmocn\u011bncem pro klimatickou politiku a Green Deal v polovin\u011b ledna pot\u00e9, co ho prezident Petr Pavel odm\u00edtl kv\u016fli kontroverz\u00edm kolem jeho osoby jmenovat ministrem. Macinka v p\u00e1tek \u0159ekl, \u017ee jako p\u0159edseda Motorist\u016f u\u017e nechce \u010dekat na z\u00e1v\u011br policejn\u00edho vy\u0161et\u0159ov\u00e1n\u00ed nehody a nad\u00e1le tolerovat, \u017ee Turek nepracuje tak, jak by mohl, a na t\u00e9matech, kv\u016fli kter\u00fdm byl do funkce vl\u00e1dn\u00edho zmocn\u011bnce zvolen.<\/p>\n<p>Turek v\u011b\u0159\u00ed, \u017ee policie brzy ur\u010d\u00ed vin\u00edka nehody<\/p>\n<p>\u201eDouf\u00e1m, \u017ee b\u011bhem z\u00e1\u0159\u00ed bude jasn\u00e9, kdo je vin\u00edkem t\u00e9 nehody, d\u00e1l bych se k tomu nevyjad\u0159oval. Na druhou stranu, i kdy\u017e te\u010f ofici\u00e1ln\u011b nevykon\u00e1v\u00e1m pozici vl\u00e1dn\u00edho zmocn\u011bnce, \u00fa\u010dastn\u00edm se dne\u0161n\u00edho briefingu, proto\u017ee jsem tady p\u016fl roku aktivn\u011b pracoval,\u201c uvedl Turek.<\/p>\n<p class=\"intro-title-mobile\">\n        \u010ct\u011bte tak\u00e9\n    <\/p>\n<p>        <a href=\"https:\/\/cnn.iprima.cz\/macinka-celi-posmechu-za-rozhovor-s-internetovymi-trolly-nenachytali-me-tvrdi-ministr-520896\" class=\"image-link\" rel=\"nofollow noopener\" target=\"_blank\"><\/p>\n<p>            <img decoding=\"async\" loading=\"lazy\" class=\"image\" src=\"https:\/\/www.europesays.com\/cz\/wp-content\/uploads\/2026\/09\/4d20e2d6ce019e542ea61cbe0f6b837f.jpg\" alt=\"Ministr zahrani\u010d\u00ed Petr Macinka (Motorist\u00e9)\"\/><\/p>\n<p>            <\/a><\/p>\n<p class=\"intro-title-desktop\">\n            \u010ct\u011bte tak\u00e9\n        <\/p>\n<p>                <a href=\"https:\/\/cnn.iprima.cz\/macinka-celi-posmechu-za-rozhovor-s-internetovymi-trolly-nenachytali-me-tvrdi-ministr-520896\" class=\"title-link\" rel=\"nofollow noopener\" target=\"_blank\"><\/p>\n<p class=\"title\">\n                Macinka pod palbou kv\u016fli rozhovoru s internetov\u00fdmi trolly. Prokoukl jsem je, br\u00e1n\u00ed se ministr\n            <\/p>\n<p>        <\/a><\/p>\n<p>                                                                                                3. z\u00e1\u0159 2026, 18:07<\/p>\n<p>                6 min \u010dten\u00ed<\/p>\n<p>Turkovo auto se st\u0159etlo s nemocni\u010dn\u00edm vozem, na kter\u00e9m byl znak Nemocnice Na Homolce, 13. \u010dervence na k\u0159i\u017eovatce u n\u00e1m\u011bst\u00ed I. P. Pavlova. Podle zve\u0159ejn\u011bn\u00fdch z\u00e1b\u011br\u016f poslanec p\u0159edj\u00ed\u017ed\u011bl t\u011bsn\u011b p\u0159ed sr\u00e1\u017ekou kolonu odbo\u010dovac\u00edm pruhem, nemocni\u010dn\u00ed v\u016fz p\u0159i pr\u016fjezdu k\u0159i\u017eovatkou houkal.<\/p>\n<p>Turek po nehod\u011b \u0159ekl, \u017ee rezignuje na post vl\u00e1dn\u00edho zmocn\u011bnce pro klimatickou politiku a Green Deal, pokud ho policie ozna\u010d\u00ed za vin\u00edka. B\u00fdval\u00e1 mluv\u010d\u00ed M\u017dP o t\u0159i dny pozd\u011bji \u010cTK sd\u011blila, \u017ee Turek se nad\u00e1le nebude \u00fa\u010dastnit jedn\u00e1n\u00ed, ofici\u00e1ln\u00edch sch\u016fzek ani porad veden\u00ed resortu.<\/p>\n<p>MOHLO V\u00c1M UNIKNOUT: <a target=\"_blank\" href=\"https:\/\/cnn.iprima.cz\/rozkol-v-koalici-kvuli-rozpoctu-pokracuje-kosmeticke-zmeny-nam-nestaci-rekl-macinka-520894\" rel=\"nofollow noopener\">Rozkol v koalici kv\u016fli rozpo\u010dtu pokra\u010duje. Macinka navrhl \u00faspory, Schillerov\u00e1 jeho pl\u00e1ny krot\u00ed<\/a><\/p>\n<p>        <img decoding=\"async\" src=\"https:\/\/www.europesays.com\/cz\/wp-content\/uploads\/2026\/09\/1788538827_236_a66033d0e1b43ce9c627652e554fdc64.png\" alt=\"\u010cTK\" class=\"avatar-img w-[40px] h-[40px] min-w-[40px] rounded-full border-[1.5px] border-solid border-black object-cover hover:opacity-90 transition-opacity before:!content-none !bg-none\" loading=\"lazy\"\/><\/p>\n<p>                                    \u010cTK<\/p>\n<p class=\"!text-semibold-14-14 !text-black mb-0 mt-2\">\n                Spolehliv\u00fd, rychl\u00fd a nez\u00e1visl\u00fd zpravodajsk\u00fd servis.\n            <\/p>\n","protected":false},"excerpt":{"rendered":"Poslanec Filip Turek (za Motoristy) by se m\u011bl i p\u0159es vy\u0161et\u0159ov\u00e1n\u00ed sv\u00e9 dopravn\u00ed nehody znovu \u00fa\u010dastnit jedn\u00e1n\u00ed na&hellip;\n","protected":false},"author":2,"featured_media":202909,"comment_status":"","ping_status":"","sticky":false,"template":"","format":"standard","meta":{"footnotes":"","_share_on_mastodon":"0"},"categories":[7],"tags":[43,42,41,40,12484,792,43124,647,418,325,174,12483,964,46271,398],"class_list":["post-202908","post","type-post","status-publish","format-standard","has-post-thumbnail","category-cesko","tag-ceska-republika","tag-cesko","tag-czech-republic","tag-czechia","tag-dopravni-nehoda","tag-filip-turek","tag-ministerstvo-zivotniho-prostredi-ceske-republiky","tag-motoriste-sobe","tag-petr-macinka","tag-policie","tag-politika","tag-silnicni-nehoda","tag-vlada","tag-vladni-zmocnenec","tag-vysetrovani"],"share_on_mastodon":{"url":"https:\/\/pubeurope.com\/@cz\/117213687367122098","error":""},"_links":{"self":[{"href":"https:\/\/www.europesays.com\/cz\/wp-json\/wp\/v2\/posts\/202908","targetHints":{"allow":["GET"]}}],"collection":[{"href":"https:\/\/www.europesays.com\/cz\/wp-json\/wp\/v2\/posts"}],"about":[{"href":"https:\/\/www.europesays.com\/cz\/wp-json\/wp\/v2\/types\/post"}],"author":[{"embeddable":true,"href":"https:\/\/www.europesays.com\/cz\/wp-json\/wp\/v2\/users\/2"}],"replies":[{"embeddable":true,"href":"https:\/\/www.europesays.com\/cz\/wp-json\/wp\/v2\/comments?post=202908"}],"version-history":[{"count":0,"href":"https:\/\/www.europesays.com\/cz\/wp-json\/wp\/v2\/posts\/202908\/revisions"}],"wp:featuredmedia":[{"embeddable":true,"href":"https:\/\/www.europesays.com\/cz\/wp-json\/wp\/v2\/media\/202909"}],"wp:attachment":[{"href":"https:\/\/www.europesays.com\/cz\/wp-json\/wp\/v2\/media?parent=202908"}],"wp:term":[{"taxonomy":"category","embeddable":true,"href":"https:\/\/www.europesays.com\/cz\/wp-json\/wp\/v2\/categories?post=202908"},{"taxonomy":"post_tag","embeddable":true,"href":"https:\/\/www.europesays.com\/cz\/wp-json\/wp\/v2\/tags?post=202908"}],"curies":[{"name":"wp","href":"https:\/\/api.w.org\/{rel}","templated":true}]}}