{"id":202914,"date":"2026-09-04T16:30:13","date_gmt":"2026-09-04T16:30:13","guid":{"rendered":"https:\/\/www.europesays.com\/cz\/202914\/"},"modified":"2026-09-04T16:30:13","modified_gmt":"2026-09-04T16:30:13","slug":"novy-apostolsky-nuncius-eugene-martin-nugent-je-v-ceske-republice-cirkev-cz","status":"publish","type":"post","link":"https:\/\/www.europesays.com\/cz\/202914\/","title":{"rendered":"Nov\u00fd apo\u0161tolsk\u00fd nuncius Eugene Martin Nugent je v \u010cesk\u00e9 republice &#8211; C\u00edrkev.cz"},"content":{"rendered":"<p class=\"article-detail-content__perex\">Nov\u00fd apo\u0161tolsk\u00fd nuncius Eugene Martin Nugent p\u0159icestoval ve \u010dtvrtek 3. z\u00e1\u0159\u00ed v\u00a0podve\u010der do Prahy. Po p\u0159iv\u00edt\u00e1n\u00ed p\u0159edstaviteli katolick\u00e9 c\u00edrkve jej \u010dekaj\u00ed tak\u00e9 prvn\u00ed kroky spojen\u00e9 s\u00a0jeho diplomatick\u00fdm posl\u00e1n\u00edm \u2013 kontakt s\u00a0Ministerstvem zahrani\u010dn\u00edch v\u011bc\u00ed a\u00a0n\u00e1sledn\u011b p\u0159ed\u00e1n\u00ed pov\u011b\u0159ovac\u00edch listin prezidentu republiky.<\/p>\n<p>\t\t\t\t\t\t                                \t\t\t\t\t\t                                <a class=\"fancybox-fix\" href=\"https:\/\/www.cirkev.cz\/public\/media\/files\/92\/source\/orig\/91596_whatsapp-image-2026-09-03-at-19-33-18.jpeg\" data-fancybox=\"galerie\" data-caption=\"\" rel=\"nofollow noopener\" target=\"_blank\"><\/p>\n<p>                    <img decoding=\"async\" src=\"https:\/\/www.europesays.com\/cz\/wp-content\/uploads\/2026\/09\/91596_whatsapp-image-2026-09-03-at-19-33-18.jpeg\" title=\"92\/source\/orig\/91596_whatsapp-image-2026-09-03-at-19-33-18.jpeg\" alt=\"image:Image 92\/source\/orig\/91596_whatsapp-image-2026-09-03-at-19-33-18.jpeg\" class=\"lazy\"\/><\/p>\n<p>\t\t\t\t\t\t                                                    <img decoding=\"async\" src=\"https:\/\/www.cirkev.cz\/public\/assets\/img\/cp\/gallery.svg\" alt=\"Otev\u0159\u00edt galerii\"\/><br \/>\n\t\t\t\t\t\t                                                    Fotogalerie<\/p>\n<p>4<\/p>\n<p>                                <\/a><\/p>\n<p>                                                                                            Co \u010dek\u00e1 nov\u00e9ho apo\u0161tolsk\u00e9ho nuncia v\u00a0nejbli\u017e\u0161\u00edch dnech?<\/p>\n<p>Na leti\u0161ti nov\u00e9ho apo\u0161tolsk\u00e9ho nuncia p\u0159iv\u00edtali p\u0159edseda \u010cBK, olomouck\u00fd arcibiskup Josef Nuz\u00edk, m\u00edstop\u0159edseda \u010cBK, pra\u017esk\u00fd arcibiskup Stanislav P\u0159ibyl, gener\u00e1ln\u00ed sekret\u00e1\u0159 \u010cBK P. Roman Czudek a\u00a0za Apo\u0161tolskou nunciaturu v \u010cR Charg\u00e9 d\u2019Affaires a.i.N\u2019gbesso Vital Ak\u00e9l\u00e9 Ohochi; d\u00e1le za Ministerstvo zahrani\u010dn\u00edch v\u011bc\u00ed Mark\u00e9ta \u0160arbochov\u00e1, \u0159editelka Diplomatick\u00e9ho protokolu, a\u00a0Petra Nostas Arias.<\/p>\n<p>V nejbli\u017e\u0161\u00edch dnech se arcibiskup Nugent ujme veden\u00ed Apo\u0161tolsk\u00e9 nunciatury v\u00a0Praze, sezn\u00e1m\u00ed se s\u00a0jej\u00edmi pracovn\u00edky a\u00a0postupn\u011b tak\u00e9 s\u00a0dal\u0161\u00edmi p\u0159edstaviteli c\u00edrkve a\u00a0\u010desk\u00e9ho ve\u0159ejn\u00e9ho \u017eivota.<\/p>\n<p>Jeho n\u00e1stup do \u00fa\u0159adu m\u00e1 tak\u00e9 diplomatickou \u010d\u00e1st. Apo\u0161tolsk\u00fd nuncius toti\u017e zast\u00e1v\u00e1 dvoj\u00ed roli: je pape\u017eov\u00fdm z\u00e1stupcem v\u016f\u010di m\u00edstn\u00ed katolick\u00e9 c\u00edrkvi a\u00a0z\u00e1rove\u0148 velvyslancem Svat\u00e9ho stolce v\u00a0\u010cesk\u00e9 republice.<\/p>\n<p>P\u0159ed\u00e1n\u00ed pov\u011b\u0159ovac\u00edch listin<\/p>\n<p>Pape\u017e jako hlava Svat\u00e9ho stolce vybavuje nov\u00e9ho nuncia pov\u011b\u0159ovac\u00edmi listinami adresovan\u00fdmi prezidentu \u010cesk\u00e9 republiky. Jejich kopie nuncius nejprve p\u0159ed\u00e1v\u00e1 Ministerstvu zahrani\u010dn\u00edch v\u011bc\u00ed, zpravidla Diplomatick\u00e9mu protokolu.<\/p>\n<p>N\u00e1sleduje slavnostn\u00ed audience na Pra\u017esk\u00e9m hrad\u011b, p\u0159i n\u00ed\u017e origin\u00e1ly pov\u011b\u0159ovac\u00edch listin p\u0159evezme prezident Petr Pavel. Tento ceremoni\u00e1l zavr\u0161uje proces diplomatick\u00e9 akreditace nov\u00e9ho velvyslance. Datum audience stanovuje Kancel\u00e1\u0159 prezidenta republiky ve spolupr\u00e1ci s\u00a0Ministerstvem zahrani\u010dn\u00edch v\u011bc\u00ed. Do p\u0159ed\u00e1n\u00ed pov\u011b\u0159ovac\u00edch listin vystupuje Eugene Martin Nugent v\u00a0diplomatick\u00e9m styku jako tzv. designovan\u00fd apo\u0161tolsk\u00fd nuncius.<\/p>\n<p>Spojen\u00ed mezi pape\u017eem a\u00a0m\u00edstn\u00ed c\u00edrkv\u00ed<\/p>\n<p>V c\u00edrkevn\u00ed oblasti je \u00fakolem nuncia udr\u017eovat kontakt mezi Svat\u00fdm stolcem a\u00a0m\u00edstn\u00ed katolickou c\u00edrkv\u00ed. Pravideln\u011b komunikuje s\u00a0\u010ceskou biskupskou konferenc\u00ed a\u00a0jednotliv\u00fdmi biskupy, informuje pape\u017ee o \u017eivot\u011b c\u00edrkve v\u00a0zemi a pod\u00edl\u00ed se tak\u00e9 na procesu v\u00fdb\u011bru nov\u00fdch biskup\u016f.<\/p>\n<p>Jako diplomat zastupuje Svat\u00fd stolec p\u0159i jedn\u00e1n\u00edch s\u00a0\u010desk\u00fdm st\u00e1tem a\u00a0v\u011bnuje se ot\u00e1zk\u00e1m, kter\u00e9 se t\u00fdkaj\u00ed vztah\u016f mezi st\u00e1tem a\u00a0katolickou c\u00edrkv\u00ed. Apo\u0161tolsk\u00fd nuncius m\u00e1 podle diplomatick\u00e9 tradice rovn\u011b\u017e v\u00fdznamn\u00e9 postaven\u00ed v\u00a0diplomatick\u00e9m sboru jako jeho doyen (tj. \u010destn\u00e9 prvn\u00ed m\u00edsto mezi ostatn\u00edmi velvyslanci).\u00a0<\/p>\n<p>M\u016f\u017eeme o\u010dek\u00e1vat, \u017ee v\u011b\u0159\u00edc\u00ed se poprv\u00e9 s\u00a0nov\u00fdm apo\u0161tolsk\u00fdm nunciem setkaj\u00ed p\u0159i Svatov\u00e1clavsk\u00e9 n\u00e1rodn\u00ed pouti 28. z\u00e1\u0159\u00ed ve Star\u00e9 Boleslavi.<\/p>\n","protected":false},"excerpt":{"rendered":"Nov\u00fd apo\u0161tolsk\u00fd nuncius Eugene Martin Nugent p\u0159icestoval ve \u010dtvrtek 3. z\u00e1\u0159\u00ed v\u00a0podve\u010der do Prahy. Po p\u0159iv\u00edt\u00e1n\u00ed p\u0159edstaviteli katolick\u00e9&hellip;\n","protected":false},"author":2,"featured_media":202915,"comment_status":"","ping_status":"","sticky":false,"template":"","format":"standard","meta":{"footnotes":"","_share_on_mastodon":"0"},"categories":[11],"tags":[1937,1936,1924,1926,1935,1931,1933,1930,46272,1929,1934,54,1928,1927,53,52,1925,1932],"class_list":["post-202914","post","type-post","status-publish","format-standard","has-post-thumbnail","category-svet","tag-charitativni-cinnost","tag-cirkev","tag-cirkevni-zpravodajstvi","tag-dieceze","tag-katolicka-cirkev","tag-katolicka-media","tag-krestanska-literatura","tag-krestanska-media","tag-novy-apostolsky-nuncius-eugene-martin-nugent-je-v-ceske-republice","tag-papez","tag-recenze-krestanske-literatury","tag-svet","tag-vatikan","tag-vatikanske-zpravodajstvi","tag-world","tag-world-news","tag-zpravodajstvi-z-diecezi","tag-zpravy-cbk"],"share_on_mastodon":{"url":"https:\/\/pubeurope.com\/@cz\/117213726596134302","error":""},"_links":{"self":[{"href":"https:\/\/www.europesays.com\/cz\/wp-json\/wp\/v2\/posts\/202914","targetHints":{"allow":["GET"]}}],"collection":[{"href":"https:\/\/www.europesays.com\/cz\/wp-json\/wp\/v2\/posts"}],"about":[{"href":"https:\/\/www.europesays.com\/cz\/wp-json\/wp\/v2\/types\/post"}],"author":[{"embeddable":true,"href":"https:\/\/www.europesays.com\/cz\/wp-json\/wp\/v2\/users\/2"}],"replies":[{"embeddable":true,"href":"https:\/\/www.europesays.com\/cz\/wp-json\/wp\/v2\/comments?post=202914"}],"version-history":[{"count":0,"href":"https:\/\/www.europesays.com\/cz\/wp-json\/wp\/v2\/posts\/202914\/revisions"}],"wp:featuredmedia":[{"embeddable":true,"href":"https:\/\/www.europesays.com\/cz\/wp-json\/wp\/v2\/media\/202915"}],"wp:attachment":[{"href":"https:\/\/www.europesays.com\/cz\/wp-json\/wp\/v2\/media?parent=202914"}],"wp:term":[{"taxonomy":"category","embeddable":true,"href":"https:\/\/www.europesays.com\/cz\/wp-json\/wp\/v2\/categories?post=202914"},{"taxonomy":"post_tag","embeddable":true,"href":"https:\/\/www.europesays.com\/cz\/wp-json\/wp\/v2\/tags?post=202914"}],"curies":[{"name":"wp","href":"https:\/\/api.w.org\/{rel}","templated":true}]}}