{"id":202918,"date":"2026-09-04T16:32:08","date_gmt":"2026-09-04T16:32:08","guid":{"rendered":"https:\/\/www.europesays.com\/cz\/202918\/"},"modified":"2026-09-04T16:32:08","modified_gmt":"2026-09-04T16:32:08","slug":"prvni-slova-opileho-trenera-po-tragicke-nehode-u-brna-v-aute-zahynulo-dite-dalsi-se-zranily","status":"publish","type":"post","link":"https:\/\/www.europesays.com\/cz\/202918\/","title":{"rendered":"Prvn\u00ed slova opil\u00e9ho tren\u00e9ra po tragick\u00e9 nehod\u011b u Brna. V aut\u011b zahynulo d\u00edt\u011b, dal\u0161\u00ed se zranily"},"content":{"rendered":"<p>\n                        Tren\u00e9r, kter\u00fd \u0159\u00eddil opil\u00fd a boural na Brn\u011bnsku, je z nemocnice venku. P\u0159i nehod\u011b jedno z d\u011bt\u00ed zem\u0159elo, dal\u0161\u00ed skon\u010dily zran\u011bn\u00e9. I ty u\u017e jsou v dom\u00e1c\u00ed p\u00e9\u010di. Redakce CNN Prima NEWS z\u00edskala vyj\u00e1d\u0159en\u00ed tren\u00e9ra, kter\u00fd v osudn\u00e9m okam\u017eiku sed\u011bl za volantem.\n                    <\/p>\n<p>Prvn\u00ed reakce \u0159idi\u010de, kter\u00fd na konci pr\u00e1zdnin zavinil <a target=\"_blank\" href=\"https:\/\/cnn.iprima.cz\/videa\/trener-ktery-s-detmi-opily-fatalne-boural-u-brna-nadychal-alkohol-uz-pri-jine-nehode\" rel=\"nofollow noopener\">tragickou nehodu u Doubravn\u00edku na Brn\u011bnsku<\/a>, p\u0159i\u0161la do redakce CNN Prima NEWS prost\u0159ednictv\u00edm SMS zpr\u00e1vy. Po telefonu Ji\u0159\u00ed F. mluvit necht\u011bl. \u201eJe mi to samoz\u0159ejm\u011b velmi l\u00edto a v\u0161em po\u0161kozen\u00fdm se omlouv\u00e1m. V\u00edce se k tomu vyjad\u0159ovat nesm\u00edm,\u201c napsal ve zpr\u00e1v\u011b.<\/p>\n<p>\u010cT\u011aTE TAK\u00c9: <a target=\"_blank\" href=\"https:\/\/cnn.iprima.cz\/desiva-nehoda-vlaku-s-kamionem-stret-na-prejezdu-zachytila-kamera-520928\" rel=\"nofollow noopener\">R\u00e1na jako ve Stud\u00e9nce: Rychl\u00edk v Polsku smetl uv\u00edzl\u00fd kamion. N\u00e1raz zachytila kamera<\/a><\/p>\n<p>Po v\u00edce ne\u017e t\u00fddnu od ne\u0161t\u011bst\u00ed u\u017e je doma z nemocnice a vy\u0161et\u0159ovatel\u00e9 ho vyslechli. Na z\u00e1klad\u011b toxikologick\u00e9ho rozboru krve zp\u0159\u00edsnili pr\u00e1vn\u00ed kvalifikaci a spolu s t\u00edm i mo\u017en\u00fd trest.<\/p>\n<p>\u201e\u0158idi\u010d je nyn\u00ed prov\u011b\u0159ov\u00e1n pro p\u0159e\u010din usmrcen\u00ed z nedbalosti a p\u0159e\u010din ohro\u017een\u00ed pod vlivem n\u00e1vykov\u00e9 l\u00e1tky. Ke zm\u011bn\u011b pr\u00e1vn\u00ed kvalifikace do\u0161lo po vyhodnocen\u00ed laboratorn\u00edch v\u00fdsledk\u016f, kter\u00e9 prok\u00e1zaly vysokou hladinu alkoholu v krvi v dob\u011b odb\u011bru,\u201c uvedl policejn\u00ed mluv\u010d\u00ed Petr Vala. Nam\u00edsto \u0161esti let tak moment\u00e1ln\u011b Ji\u0159\u00edmu F. teoreticky hroz\u00ed a\u017e osmilet\u00e9 v\u011bzen\u00ed. Mo\u017enost pod\u00e1n\u00ed n\u00e1vrhu na vzet\u00ed \u0159idi\u010de do vazby dozoruj\u00edc\u00ed st\u00e1tn\u00ed z\u00e1stupce zam\u00edtl. Mu\u017e tak bude \u010dekat na za\u010d\u00e1tek p\u0159\u00edpadn\u00e9ho soudn\u00edho p\u0159el\u00ed\u010den\u00ed na svobod\u011b.<\/p>\n<p>\u201eDal\u0161\u00ed okolnosti a\u00a0p\u0159esn\u00fd pr\u016fb\u011bh nehody jsou nad\u00e1le p\u0159edm\u011btem prov\u011b\u0159ov\u00e1n\u00ed. Policist\u00e9 sou\u010dasn\u011b zadali vypracov\u00e1n\u00ed znaleck\u00e9ho posudku ke zp\u011btn\u00e9mu v\u00fdpo\u010dtu hladiny alkoholu v\u00a0dob\u011b dopravn\u00ed nehody,\u201c doplnil Vala. Doma z\u00a0nemocnice jsou u\u017e i v\u0161echny zran\u011bn\u00e9 d\u011bti.<\/p>\n<p class=\"intro-title-mobile\">\n        \u010ct\u011bte tak\u00e9\n    <\/p>\n<p>        <a href=\"https:\/\/cnn.iprima.cz\/jel-jako-prase-popsal-svedek-tragickou-nehodu-u-brna-opily-trener-vezl-i-jinou-skupinu-deti-520446\" class=\"image-link\" rel=\"nofollow noopener\" target=\"_blank\"><\/p>\n<p>            <img decoding=\"async\" loading=\"lazy\" class=\"image\" src=\"https:\/\/www.europesays.com\/cz\/wp-content\/uploads\/2026\/09\/84810e8a64f5ab900e49916df9a00afb.png\" alt=\"Tren\u00e9r, kter\u00fd ve st\u0159edu havaroval s p\u011bti mal\u00fdmi fotbalisty u Doubravn\u00edku, m\u011bl d\u011bti p\u0159ev\u00e1\u017eet u\u017e podruh\u00e9.\"\/><\/p>\n<p>            <\/a><\/p>\n<p class=\"intro-title-desktop\">\n            \u010ct\u011bte tak\u00e9\n        <\/p>\n<p>                <a href=\"https:\/\/cnn.iprima.cz\/jel-jako-prase-popsal-svedek-tragickou-nehodu-u-brna-opily-trener-vezl-i-jinou-skupinu-deti-520446\" class=\"title-link\" rel=\"nofollow noopener\" target=\"_blank\"><\/p>\n<p class=\"title\">\n                Jel jako prase, popsal sv\u011bdek tragickou nehodu u Brna. Opil\u00fd tren\u00e9r vezl i jinou skupinu d\u011bt\u00ed\n            <\/p>\n<p>        <\/a><\/p>\n<p>                                                                                                28. srp 2026, 17:53<\/p>\n<p>                6 min \u010dten\u00ed<\/p>\n<p>Jak se redakci CNN Prima NEWS poda\u0159ilo zjistit, tren\u00e9r mal\u00fdch fotbalist\u016f neboural v opilosti poprv\u00e9 \u2013 v minulosti <a target=\"_blank\" href=\"https:\/\/cnn.iprima.cz\/dalo-se-smrti-chlapce-u-brna-zabranit-trener-mel-mit-opily-nehodu-uz-drive-ridicak-mu-zustal-520498\" rel=\"nofollow noopener\">havaroval nedaleko Boru u Nedv\u011bdice na \u017d\u010f\u00e1rsku<\/a>. Motork\u00e1\u0159 tehdy zezadu narazil do osob\u00e1ku, kter\u00fd z ni\u010deho nic za\u010dal prudce brzdit. Z auta tehdy vystoupil pr\u00e1v\u011b Ji\u0159\u00ed F.<\/p>\n<p>\u201eV okam\u017eiku, kdy\u017e otev\u0159el \u00fasta, pota\u017emo otev\u0159el dve\u0159e od auta, tak bylo c\u00edtit opravdu hodn\u011b alkoholu, p\u0159i\u010dem\u017e po dechov\u00e9 zkou\u0161ce se uk\u00e1zalo, \u017ee m\u00e1 2,2 promile alkoholu v krvi. Nebylo na n\u011bm poznat v\u016fbec nic, opravdu v\u016fbec nic, sedl si do auta, vystoupil z auta, artikuloval \u00fapln\u011b spr\u00e1vn\u011b, nebylo poznat, \u017ee m\u00e1 2,2 promile alkoholu v krvi,\u201c uvedl d\u0159\u00edve motork\u00e1\u0159.<\/p>\n<p>MOHLO BY V\u00c1S ZAJ\u00cdMAT: <a target=\"_blank\" href=\"https:\/\/cnn.iprima.cz\/cyklista-zfackoval-ridice-osobaku-nadaval-a-rozbil-mu-sklo-policiste-po-agresorovi-patraji-520794\" rel=\"nofollow noopener\">Lid\u00e9 ho poznali, pak s\u00e1m dorazil na slu\u017eebnu. Agresivn\u00ed cyklista z Prahy se udal policii<\/a><\/p>\n<p class=\"!text-semibold-14-14 !text-black mb-0 mt-2\">\n                Je krajsk\u00fdm report\u00e9rem z Jihomoravsk\u00e9ho kraje a autorem \u010dl\u00e1nk\u016f na webu CNN Prima NEWS.\n            <\/p>\n","protected":false},"excerpt":{"rendered":"Tren\u00e9r, kter\u00fd \u0159\u00eddil opil\u00fd a boural na Brn\u011bnsku, je z nemocnice venku. P\u0159i nehod\u011b jedno z d\u011bt\u00ed zem\u0159elo,&hellip;\n","protected":false},"author":2,"featured_media":202919,"comment_status":"","ping_status":"","sticky":false,"template":"","format":"standard","meta":{"footnotes":"","_share_on_mastodon":"0"},"categories":[10],"tags":[879,6920,12484,45105,28251,1176,17,21,7484,7485,346,16,39379,1231,12483,7854,18,19,2462,1230,22,20],"class_list":["post-202918","post","type-post","status-publish","format-standard","has-post-thumbnail","category-zpravy","tag-alkohol","tag-brnensko","tag-dopravni-nehoda","tag-doubravnik","tag-fotbalista","tag-havarie","tag-headlines","tag-hlavni-udalosti","tag-katastrofy","tag-nehody-a-mimoradne-udalosti","tag-nemocnice","tag-news","tag-okres-zdar-nad-sazavou","tag-pravo-a-spravedlnost","tag-silnicni-nehoda","tag-smrt-ditete","tag-top-news","tag-top-stories","tag-trener","tag-trestna-cinnost","tag-udalosti-dne","tag-zpravy"],"share_on_mastodon":{"url":"https:\/\/pubeurope.com\/@cz\/117213734329705915","error":""},"_links":{"self":[{"href":"https:\/\/www.europesays.com\/cz\/wp-json\/wp\/v2\/posts\/202918","targetHints":{"allow":["GET"]}}],"collection":[{"href":"https:\/\/www.europesays.com\/cz\/wp-json\/wp\/v2\/posts"}],"about":[{"href":"https:\/\/www.europesays.com\/cz\/wp-json\/wp\/v2\/types\/post"}],"author":[{"embeddable":true,"href":"https:\/\/www.europesays.com\/cz\/wp-json\/wp\/v2\/users\/2"}],"replies":[{"embeddable":true,"href":"https:\/\/www.europesays.com\/cz\/wp-json\/wp\/v2\/comments?post=202918"}],"version-history":[{"count":0,"href":"https:\/\/www.europesays.com\/cz\/wp-json\/wp\/v2\/posts\/202918\/revisions"}],"wp:featuredmedia":[{"embeddable":true,"href":"https:\/\/www.europesays.com\/cz\/wp-json\/wp\/v2\/media\/202919"}],"wp:attachment":[{"href":"https:\/\/www.europesays.com\/cz\/wp-json\/wp\/v2\/media?parent=202918"}],"wp:term":[{"taxonomy":"category","embeddable":true,"href":"https:\/\/www.europesays.com\/cz\/wp-json\/wp\/v2\/categories?post=202918"},{"taxonomy":"post_tag","embeddable":true,"href":"https:\/\/www.europesays.com\/cz\/wp-json\/wp\/v2\/tags?post=202918"}],"curies":[{"name":"wp","href":"https:\/\/api.w.org\/{rel}","templated":true}]}}