{"id":202960,"date":"2026-09-04T17:24:13","date_gmt":"2026-09-04T17:24:13","guid":{"rendered":"https:\/\/www.europesays.com\/cz\/202960\/"},"modified":"2026-09-04T17:24:13","modified_gmt":"2026-09-04T17:24:13","slug":"vuelta-2026-13-etapa-van-aert-se-dockal-vyhry-v-uniku-i-hirt","status":"publish","type":"post","link":"https:\/\/www.europesays.com\/cz\/202960\/","title":{"rendered":"Vuelta 2026 | 13. etapa: Van Aert se do\u010dkal v\u00fdhry, v \u00faniku i Hirt"},"content":{"rendered":"<p class=\"b_bA\">St\u0159edn\u011b n\u00e1ro\u010dn\u00fd profil nejv\u00edce vyhovoval Van Aertovi a\u00a0Matthew Brennanovi, favorizovan\u00e9 dvojici t\u00fdmu Visma\u00a0\u2013 Lease a\u00a0Bike. O\u00a0\u00fanik byl velk\u00fd z\u00e1jem, p\u0159ed peloton se vydalo v\u00edce ne\u017e \u010dty\u0159icet z\u00e1vodn\u00edk\u016f v\u010detn\u011b Hirta. Jedin\u00fd \u010desk\u00fd z\u00e1stupce se ale nedot\u00e1hl do \u010deln\u00ed dev\u00edti\u010dlenn\u00e9 skupiny, kter\u00e1 si to nakonec rozdala o\u00a0v\u00edt\u011bzstv\u00ed.<\/p>\n<p class=\"b_bA\">Van Aert za\u00fato\u010dil t\u0159i kilometry p\u0159ed c\u00edlem. \u201eJ\u00edt do \u00faniku byl pl\u00e1n, \u0161lo to naprosto skv\u011ble. Matthewa jsme m\u011bli vep\u0159edu, pak jsem si to v\u00a0posledn\u00edm kopci dot\u00e1hl. Jsme ochotni se ob\u011btovat jeden pro druh\u00e9ho. Po\u0159\u00e1d dokola jsme \u00fato\u010dili a\u00a0nakonec ten posledn\u00ed n\u00e1stup vy\u0161el,\u201c pochvaloval si jeden z\u00a0nejaktivn\u011bj\u0161\u00edch jezdc\u016f leto\u0161n\u00ed Vuelty, kter\u00fd bojuje o\u00a0zelen\u00fd i\u00a0punt\u00edkat\u00fd dres. <\/p>\n<p class=\"b_bA\">Zachytil se ho pouze vrcha\u0159 Paret-Peintre, jen\u017e v\u0161ak s\u00a0drobnou postavou nem\u011bl ve sprintu proti belgick\u00e9mu univerz\u00e1lovi tak\u0159ka \u017e\u00e1dnou \u0161anci. \u201eKdybych si na Wouta nev\u011b\u0159il, ani bych nez\u00e1vodil. Zkusil jsem ho p\u0159ekvapit, ale byl p\u0159\u00edli\u0161 siln\u00fd,\u201c l\u00ed\u010dil Francouz.<\/p>\n<p class=\"b_bA\">Ze \u010dtvrt\u00e9 kari\u00e9rn\u00ed v\u00fdhry na Vuelt\u011b se tak radoval 31let\u00fd Belgi\u010dan, kter\u00fd m\u00e1 ve sb\u00edrce i\u00a0deset triumf\u016f z\u00a0Tour de France a\u00a0jeden z\u00a0italsk\u00e9ho Gira. \u201eWow, patn\u00e1ct v\u00edt\u011bzstv\u00ed na Grand Tour je kr\u00e1sn\u00e9 \u010d\u00edslo, jsem na to hrd\u00fd,\u201c \u0159\u00edkal Van Aert.<\/p>\n<p class=\"b_bA\">Hirt si v\u00a0pr\u016fb\u011b\u017en\u00e9m po\u0159ad\u00ed polep\u0161il o\u00a0jednu pozici na 19.\u00a0p\u0159\u00ed\u010dku d\u00edky odstoupen\u00ed dev\u00e1t\u00e9ho Gregora M\u00fchlbergera, Raku\u0161an po p\u00e1du nemohl pokra\u010dovat. \u010cerven\u00fd trikot pro l\u00eddra z\u00e1vodu d\u00e1l dr\u017e\u00ed dom\u00e1c\u00ed \u0160pan\u011bl Enric Mas.<\/p>\n<p class=\"b_bA\">Boj o\u00a0celkov\u00e9 v\u00edt\u011bzstv\u00ed se op\u011bt rozho\u0159\u00ed v\u00a0sobotu, kdy cyklist\u00e9 absolvuj\u00ed dal\u0161\u00ed horskou zkou\u0161ku s\u00a0c\u00edlov\u00fdm stoup\u00e1n\u00edm na vrchol La Pandera.<\/p>\n<p>Cyklistick\u00fd z\u00e1vod Vuelta &#8211; 13. etapa (Almu\u0148\u00e9car &#8211; Loja, 192,8 km):1. Van Aert (Belg.\/Visma-Lease a Bike) 4:34:002. Paret-Peintre (Fr.\/Soudal-Quick Step)3. Brennan (Brit.\/Visma-Lease a Bike)4. Widar (Belg.\/Lotto Intermarch\u00e9)5. Albanese (It.\/EF Education-EasyPost)6. Fisher-Black (N. Z\u00e9l.\/Red Bull-Bora hansgrohe) v\u0161ichni -24&#8230;28. HIRT (\u010cR\/NSN) -50.Pr\u016fb\u011b\u017en\u00e9 po\u0159ad\u00ed:1. Mas (\u0160p.\/Movistar) 45:08:512. Rogli\u010d (Slovin.\/Red Bull-BORA-hansgrohe) -1:453. Gall (Rak.\/Decathlon CMA CGM) -2:064. Carapaz (Ekv.\/EF Education-EasyPost) -3:535. Onley (Brit.\/Netcompany INEOS) -4:296. Omrzel (Slovin.\/Bahrain-Victorious) -4:59&#8230;19. HIRT -39:42.Vuelta 2026<\/p>\n<p class=\"b_bA\">V po\u0159ad\u00ed t\u0159et\u00ed cyklistick\u00fd etapov\u00fd z\u00e1vod z\u00a0elitn\u00ed s\u00e9rie <a data-dot=\"atm-link\" target=\"_blank\" href=\"https:\/\/www.sport.cz\/tag\/grand-tours-80977\" class=\"b_V\" rel=\"nofollow noopener\">Grand Tour<\/a> se jede od 22.\u00a0srpna do 13.\u00a0z\u00e1\u0159\u00ed 2026.\u00a0Nejv\u011bt\u0161\u00edm favoritem na v\u00edt\u011bzstv\u00ed byl slovinsk\u00fd z\u00e1vodn\u00edk <a data-dot=\"atm-link\" target=\"_blank\" href=\"https:\/\/www.sport.cz\/tag\/tadej-pogacar-108491\" class=\"b_V\" rel=\"nofollow noopener\">Tadej Poga\u010dar<\/a>, v\u00a0osm\u00e9 etap\u011b ale po p\u00e1du odstoupil. Na startu nechyb\u00ed ani \u010desk\u00fd z\u00e1stupce <a data-dot=\"atm-link\" target=\"_blank\" href=\"https:\/\/www.sport.cz\/tag\/jan-hirt-14605\" class=\"b_V\" rel=\"nofollow noopener\">Jan Hirt<\/a>.<\/p>\n<p><a data-dot=\"atm-link\" target=\"_self\" href=\"https:\/\/www.sport.cz\/clanek\/cyklistika-vacek-dal-vede-zavod-zlm-tour-5527562\" class=\"b_V g_ig\" rel=\"nofollow noopener\"><img fetchpriority=\"high\" height=\"2818\" width=\"3758\" src=\"https:\/\/www.europesays.com\/cz\/wp-content\/uploads\/2026\/09\/cyklistika-mathias-vacek.jpeg\" loading=\"eager\" decoding=\"sync\" class=\"b_B b_z\"\/><\/a><\/p>\n","protected":false},"excerpt":{"rendered":"St\u0159edn\u011b n\u00e1ro\u010dn\u00fd profil nejv\u00edce vyhovoval Van Aertovi a\u00a0Matthew Brennanovi, favorizovan\u00e9 dvojici t\u00fdmu Visma\u00a0\u2013 Lease a\u00a0Bike. O\u00a0\u00fanik byl velk\u00fd&hellip;\n","protected":false},"author":2,"featured_media":202961,"comment_status":"","ping_status":"","sticky":false,"template":"","format":"standard","meta":{"footnotes":"","_share_on_mastodon":"0"},"categories":[15],"tags":[4967,33836,94,93,24093,19166],"class_list":["post-202960","post","type-post","status-publish","format-standard","has-post-thumbnail","category-sport","tag-cyklistika","tag-jan-hirt","tag-sport","tag-sports","tag-vuelta-a-espana","tag-wout-van-aert"],"share_on_mastodon":{"url":"https:\/\/pubeurope.com\/@cz\/117213938551817692","error":""},"_links":{"self":[{"href":"https:\/\/www.europesays.com\/cz\/wp-json\/wp\/v2\/posts\/202960","targetHints":{"allow":["GET"]}}],"collection":[{"href":"https:\/\/www.europesays.com\/cz\/wp-json\/wp\/v2\/posts"}],"about":[{"href":"https:\/\/www.europesays.com\/cz\/wp-json\/wp\/v2\/types\/post"}],"author":[{"embeddable":true,"href":"https:\/\/www.europesays.com\/cz\/wp-json\/wp\/v2\/users\/2"}],"replies":[{"embeddable":true,"href":"https:\/\/www.europesays.com\/cz\/wp-json\/wp\/v2\/comments?post=202960"}],"version-history":[{"count":0,"href":"https:\/\/www.europesays.com\/cz\/wp-json\/wp\/v2\/posts\/202960\/revisions"}],"wp:featuredmedia":[{"embeddable":true,"href":"https:\/\/www.europesays.com\/cz\/wp-json\/wp\/v2\/media\/202961"}],"wp:attachment":[{"href":"https:\/\/www.europesays.com\/cz\/wp-json\/wp\/v2\/media?parent=202960"}],"wp:term":[{"taxonomy":"category","embeddable":true,"href":"https:\/\/www.europesays.com\/cz\/wp-json\/wp\/v2\/categories?post=202960"},{"taxonomy":"post_tag","embeddable":true,"href":"https:\/\/www.europesays.com\/cz\/wp-json\/wp\/v2\/tags?post=202960"}],"curies":[{"name":"wp","href":"https:\/\/api.w.org\/{rel}","templated":true}]}}