{"id":202998,"date":"2026-09-04T17:59:10","date_gmt":"2026-09-04T17:59:10","guid":{"rendered":"https:\/\/www.europesays.com\/cz\/202998\/"},"modified":"2026-09-04T17:59:10","modified_gmt":"2026-09-04T17:59:10","slug":"utok-na-coca-colu-postavte-rusy-do-late-vyzyva-kyjev-americany","status":"publish","type":"post","link":"https:\/\/www.europesays.com\/cz\/202998\/","title":{"rendered":"\u00datok na Coca-Colu. Postavte Rusy do lat\u011b, vyz\u00fdv\u00e1 Kyjev Ameri\u010dany"},"content":{"rendered":"<p class=\"c_bB\">\u201eMoskvu postav\u00ed do lat\u011b jedin\u011b s\u00edla. V\u00a0t\u00e9to souvislosti znovu vyz\u00fdv\u00e1me Sn\u011bmovnu reprezentant\u016f USA, aby schv\u00e1lila legislativu o\u00a0sankc\u00edch proti Rusku,\u201c uvedl na <a data-dot=\"atm-link\" target=\"_blank\" rel=\"noopener nofollow\" href=\"https:\/\/x.com\/andrii_sybiha\/status\/2095620108211134826\" class=\"c_I\">soci\u00e1ln\u00ed s\u00edti X<\/a> ukrajinsk\u00fd ministr zahrani\u010d\u00ed.<\/p>\n<p class=\"c_bB\">P\u0159ipomn\u011bl, \u017ee rusk\u00fd \u00fatok na z\u00e1vod Coca-Coly nebyl ojedin\u011bl\u00fdm \u00faderem na americkou firmu.<\/p>\n<p class=\"c_bB\">\u201eToto je dal\u0161\u00ed c\u00edlen\u00fd \u00fatok na americk\u00e9 obchodn\u00ed z\u00e1jmy a\u00a0sou\u010d\u00e1st \u0161ir\u0161\u00ed rusk\u00e9 strategie zam\u011b\u0159en\u00e9 na podkop\u00e1n\u00ed americk\u00e9 ekonomiky a\u00a0vytla\u010den\u00ed americk\u00fdch spole\u010dnost\u00ed z\u00a0mezin\u00e1rodn\u00edch trh\u016f,\u201c doplnil Sybiha.<\/p>\n<p><a data-dot=\"atm-link\" target=\"_self\" href=\"https:\/\/www.novinky.cz\/clanek\/valka-na-ukrajine-cesta-americkych-vyjednavacu-do-kyjeva-ohrozena-witkoff-se-boji-pise-list-40596101\" class=\"c_I\" rel=\"nofollow noopener\"><img fetchpriority=\"high\" height=\"2304\" width=\"4096\" src=\"https:\/\/www.europesays.com\/cz\/wp-content\/uploads\/2026\/09\/1788544749_980_putin-witkoff.jpeg\" loading=\"eager\" decoding=\"sync\" class=\"c_t c_r\"\/><\/a><\/p>\n<p class=\"c_bB\">Z\u00e1vod Coca-Coly se nach\u00e1z\u00ed v\u00a0m\u011bste\u010dku Velyka Dymerka v\u00a0Kyjevsk\u00e9 oblasti a\u00a0je jedn\u00edm z\u00a0nejv\u011bt\u0161\u00edch v\u00fdrobn\u00edch z\u00e1vod\u016f spole\u010dnosti v\u00a0Evrop\u011b, p\u0159ipomn\u011bla <a data-dot=\"atm-link\" target=\"_blank\" rel=\"noopener nofollow\" href=\"https:\/\/www.unian.net\/economics\/other\/koka-kola-popala-pod-udar-rossii-v-mid-ukrainy-prizvali-ssha-postavit-moskvu-na-mesto-13490145.html\" class=\"c_I\">agentura Unian<\/a>. Z\u00e1vod vyr\u00e1b\u00ed n\u00e1poje Coca-Cola, Fanta, Sprite, Schweppes a\u00a0Fuze Tea, d\u017eusy Rich a\u00a0energetick\u00e9 n\u00e1poje Burn. Rusk\u00fd \u00fatok po\u0161kodil sklady a\u00a0zp\u016fsobil po\u017e\u00e1r.<\/p>\n<p>Sho\u0159ely drah\u00e9 z\u00e1padn\u00ed l\u00e9ky<\/p>\n<p class=\"c_bB\">Den p\u0159edt\u00edm Rusko za\u00fato\u010dilo tak\u00e9 na jeden z\u00a0nejv\u011bt\u0161\u00edch specializovan\u00fdch farmaceutick\u00fdch sklad\u016f na Ukrajin\u011b, Biokon, v\u00a0Boryspilsk\u00e9m okrese v\u00a0Kyjevsk\u00e9 oblasti. Podle Unianu byly ve skladech spole\u010dnosti zni\u010deny v\u00fdznamn\u00e9 z\u00e1soby z\u00e1padn\u00edch l\u00e9k\u016f, v\u010detn\u011b t\u011bch od spole\u010dnost\u00ed Pfizer, Novartis, Roche, Teva a\u00a0AstraZeneca.<\/p>\n<p class=\"c_bB\">V p\u00e1tek odpoledne pak Rusov\u00e9 dronem za\u00fato\u010dili na budovu Slu\u017eby bezpe\u010dnosti Ukrajiny (SBU) v\u00a0centru Kyjeva. Podle <a data-dot=\"atm-link\" target=\"_blank\" rel=\"noopener nofollow\" href=\"https:\/\/www.pravda.com.ua\/news\/2026\/09\/04\/8051913\/\" class=\"c_I\">listu Ukrajinska pravda<\/a> p\u0159itom zas\u00e1hli mimo jin\u00e9 kancel\u00e1\u0159 \u00fa\u0159aduj\u00edc\u00edho \u0161\u00e9fa SBU Oleksandra Poklada, kter\u00fd ale v\u00a0dob\u011b \u00faderu v\u00a0kancel\u00e1\u0159i nebyl.<\/p>\n<p class=\"c_bB\">Ukrajinsk\u00fd prezident Volodymyr Zelenskyj dal Pokladovi pokyn, aby na tento \u00fatok \u201eadekv\u00e1tn\u011b, citeln\u011b a\u00a0pokud mo\u017eno stejn\u00fdm zp\u016fsobem odpov\u011bd\u011bl\u201c.<\/p>\n<p><a data-dot=\"atm-link\" target=\"_self\" href=\"https:\/\/www.novinky.cz\/clanek\/valka-na-ukrajine-rusove-uderili-na-budovu-sbu-v-centru-kyjeva-40596142\" class=\"c_I\" rel=\"nofollow noopener\"><img height=\"1080\" width=\"1920\" src=\"https:\/\/www.europesays.com\/cz\/wp-content\/uploads\/2026\/09\/1788544750_110_image.jpeg\" loading=\"eager\" decoding=\"sync\" class=\"c_t c_r\"\/><\/a><\/p>\n","protected":false},"excerpt":{"rendered":"\u201eMoskvu postav\u00ed do lat\u011b jedin\u011b s\u00edla. V\u00a0t\u00e9to souvislosti znovu vyz\u00fdv\u00e1me Sn\u011bmovnu reprezentant\u016f USA, aby schv\u00e1lila legislativu o\u00a0sankc\u00edch proti&hellip;\n","protected":false},"author":2,"featured_media":202999,"comment_status":"","ping_status":"","sticky":false,"template":"","format":"standard","meta":{"footnotes":"","_share_on_mastodon":"0"},"categories":[10],"tags":[3419,4767,17,21,1438,16,61,18,19,22,110,897,57,20],"class_list":["post-202998","post","type-post","status-publish","format-standard","has-post-thumbnail","category-zpravy","tag-andrij-sybiha","tag-coca-cola","tag-headlines","tag-hlavni-udalosti","tag-kyjev","tag-news","tag-rusko","tag-top-news","tag-top-stories","tag-udalosti-dne","tag-ukrajina","tag-utok","tag-volodymyr-zelenskyj","tag-zpravy"],"share_on_mastodon":{"url":"https:\/\/pubeurope.com\/@cz\/117214076415044769","error":""},"_links":{"self":[{"href":"https:\/\/www.europesays.com\/cz\/wp-json\/wp\/v2\/posts\/202998","targetHints":{"allow":["GET"]}}],"collection":[{"href":"https:\/\/www.europesays.com\/cz\/wp-json\/wp\/v2\/posts"}],"about":[{"href":"https:\/\/www.europesays.com\/cz\/wp-json\/wp\/v2\/types\/post"}],"author":[{"embeddable":true,"href":"https:\/\/www.europesays.com\/cz\/wp-json\/wp\/v2\/users\/2"}],"replies":[{"embeddable":true,"href":"https:\/\/www.europesays.com\/cz\/wp-json\/wp\/v2\/comments?post=202998"}],"version-history":[{"count":0,"href":"https:\/\/www.europesays.com\/cz\/wp-json\/wp\/v2\/posts\/202998\/revisions"}],"wp:featuredmedia":[{"embeddable":true,"href":"https:\/\/www.europesays.com\/cz\/wp-json\/wp\/v2\/media\/202999"}],"wp:attachment":[{"href":"https:\/\/www.europesays.com\/cz\/wp-json\/wp\/v2\/media?parent=202998"}],"wp:term":[{"taxonomy":"category","embeddable":true,"href":"https:\/\/www.europesays.com\/cz\/wp-json\/wp\/v2\/categories?post=202998"},{"taxonomy":"post_tag","embeddable":true,"href":"https:\/\/www.europesays.com\/cz\/wp-json\/wp\/v2\/tags?post=202998"}],"curies":[{"name":"wp","href":"https:\/\/api.w.org\/{rel}","templated":true}]}}