{"id":203010,"date":"2026-09-04T18:08:11","date_gmt":"2026-09-04T18:08:11","guid":{"rendered":"https:\/\/www.europesays.com\/cz\/203010\/"},"modified":"2026-09-04T18:08:11","modified_gmt":"2026-09-04T18:08:11","slug":"razie-u-klimatickeho-extremisty-nemecka-policie-prohledala-obydli-podezreleho-z-utoku-na-rozvodny","status":"publish","type":"post","link":"https:\/\/www.europesays.com\/cz\/203010\/","title":{"rendered":"Razie u\u00a0klimatick\u00e9ho extremisty. N\u011bmeck\u00e1 policie prohledala obydl\u00ed podez\u0159el\u00e9ho z\u00a0\u00fatok\u016f na rozvodny"},"content":{"rendered":"<p class=\"c_bB\">Policejn\u00ed komando na v\u016fz podez\u0159el\u00e9ho ude\u0159ilo v\u00a0oblasti povrchov\u00e9ho dolu Hombacher Forst, uvedl podle <a data-dot=\"atm-link\" target=\"_blank\" rel=\"noopener nofollow\" href=\"https:\/\/www.bild.de\/news\/zugriff-am-braunkohletagebau-sek-stuermt-lkw-von-strom-saboteur-6a9adabddde98c9236181fa4\" class=\"c_I\">listu Bild <\/a>Reul. \u201eTen mu\u017e se nyn\u00ed pohybuje p\u011b\u0161ky a\u00a0daleko se nedostane,\u201c \u0159ekl.<\/p>\n<p class=\"c_bB\">Spolkov\u00fd ministr vnitra Alexander Dobrindt \u00fatoky na elektrick\u00e9 rozvodny, k\u00a0nim\u017e se Daniel V. p\u0159ihl\u00e1sil ve dvou dopisech, ozna\u010dil za projev \u201eklimatick\u00e9ho extremismu\u201c.<\/p>\n<p class=\"c_bB\">Policie je\u0161t\u011b p\u0159ed razi\u00ed v\u00a0automobilu prohledala byt podez\u0159el\u00e9ho v\u00a0Gevelsbergu.<\/p>\n<p class=\"c_bB\">\u201eV byt\u011b jsme na\u0161li n\u011bkolik p\u0159edm\u011bt\u016f podobn\u00fdch v\u00fdbu\u0161nin\u00e1m. K\u00a0mno\u017estv\u00ed se zat\u00edm nem\u016f\u017eeme vyj\u00e1d\u0159it. V\u0161echny tyto p\u0159edm\u011bty zkoumaj\u00ed specialist\u00e9,\u201c sd\u011blil ministr vnitra Severn\u00edho Por\u00fdn\u00ed-Vestf\u00e1lska.<\/p>\n<p>Policie porovn\u00e1vala p\u00edsmo<\/p>\n<p class=\"c_bB\">Policist\u00e9 tak\u00e9 zabavili dokumenty, kter\u00e9 umo\u017enily porovnat p\u00edsmo podez\u0159el\u00e9ho s\u00a0p\u00edsmem ve zm\u00edn\u011bn\u00fdch dopisech. Podle Reula se rukopisy shoduj\u00ed.<\/p>\n<p class=\"c_bB\">V \u00fater\u00fd se c\u00edlem sabot\u00e1\u017ee stala rozvodna pobl\u00ed\u017e elektr\u00e1rny J\u00e4nschwalde v\u00a0Braniborsku, na kterou pachatel \u010di pachatel\u00e9 za\u00fato\u010dili objekty dom\u00e1c\u00ed v\u00fdroby, kter\u00e9 se podobaly silvestrovsk\u00fdm raket\u00e1m. T\u00fd\u017e den se stala ter\u010dem tak\u00e9 rozvodna v\u00a0Bergheimu nedaleko Kol\u00edna nad R\u00fdnem, kde policie na\u0161la mo\u017en\u00e9 odpalovac\u00ed za\u0159\u00edzen\u00ed a\u00a0pyrotechniku. Ve \u010dtvrtek policie nalezla mo\u017en\u00e9 odpalovac\u00ed za\u0159\u00edzen\u00ed u\u00a0elektrick\u00e9 stanice v\u00a0Dormagenu mezi Kol\u00ednem nad R\u00fdnem a\u00a0D\u00fcsseldorfem.<\/p>\n<p class=\"c_bB\">V p\u00e1tek v\u00a0podve\u010der Bild informoval, \u017ee v\u00a0Sasku v\u00a0Lu\u017eick\u00e9m hn\u011bdouheln\u00e9m rev\u00edru u\u00a0hranic s\u00a0Braniborskem byla u\u00a0dvou rozvoden nalezena z\u00e1paln\u00e1 a\u00a0v\u00fdbu\u0161n\u00e1 za\u0159\u00edzen\u00ed. Policie ve\u010der uvedla jen to, \u017ee zasahuje severn\u011b od Zho\u0159elce. Dal\u0161\u00ed podrobnosti k\u00a0z\u00e1sahu nezve\u0159ejnila.<\/p>\n<p class=\"c_bB\">Police pro\u0161et\u0159ovalav \u00fater\u00fd sabot\u00e1\u017e na rozvodn\u011b u\u00a0elektr\u00e1rny J\u00e4nschwalde na hranici Braniborska a\u00a0SaskaVideo: Reuters<\/p>\n<p><a data-dot=\"atm-link\" target=\"_self\" href=\"https:\/\/www.novinky.cz\/clanek\/zahranicni-evropa-policie-v-braniborsku-proveruje-dopis-v-nemz-se-kdosi-hlasi-k-utoku-na-rozvodnu-40595973\" class=\"c_I\" rel=\"nofollow noopener\"><img fetchpriority=\"high\" height=\"1012\" width=\"1800\" src=\"https:\/\/www.europesays.com\/cz\/wp-content\/uploads\/2026\/09\/1788545291_646_bergheim-nemecko-rozvodna.jpeg\" loading=\"eager\" decoding=\"sync\" class=\"c_t c_r\"\/><\/a><\/p>\n","protected":false},"excerpt":{"rendered":"Policejn\u00ed komando na v\u016fz podez\u0159el\u00e9ho ude\u0159ilo v\u00a0oblasti povrchov\u00e9ho dolu Hombacher Forst, uvedl podle listu Bild Reul. \u201eTen mu\u017e&hellip;\n","protected":false},"author":2,"featured_media":203011,"comment_status":"","ping_status":"","sticky":false,"template":"","format":"standard","meta":{"footnotes":"","_share_on_mastodon":"0"},"categories":[10],"tags":[2074,150,38236,17,21,375,16,46284,325,8273,18,19,22,897,13260,20],"class_list":["post-203010","post","type-post","status-publish","format-standard","has-post-thumbnail","category-zpravy","tag-automobily","tag-energetika","tag-extremiste","tag-headlines","tag-hlavni-udalosti","tag-nemecko","tag-news","tag-obydli","tag-policie","tag-razie","tag-top-news","tag-top-stories","tag-udalosti-dne","tag-utok","tag-vybusniny","tag-zpravy"],"share_on_mastodon":{"url":"https:\/\/pubeurope.com\/@cz\/117214112115123003","error":""},"_links":{"self":[{"href":"https:\/\/www.europesays.com\/cz\/wp-json\/wp\/v2\/posts\/203010","targetHints":{"allow":["GET"]}}],"collection":[{"href":"https:\/\/www.europesays.com\/cz\/wp-json\/wp\/v2\/posts"}],"about":[{"href":"https:\/\/www.europesays.com\/cz\/wp-json\/wp\/v2\/types\/post"}],"author":[{"embeddable":true,"href":"https:\/\/www.europesays.com\/cz\/wp-json\/wp\/v2\/users\/2"}],"replies":[{"embeddable":true,"href":"https:\/\/www.europesays.com\/cz\/wp-json\/wp\/v2\/comments?post=203010"}],"version-history":[{"count":0,"href":"https:\/\/www.europesays.com\/cz\/wp-json\/wp\/v2\/posts\/203010\/revisions"}],"wp:featuredmedia":[{"embeddable":true,"href":"https:\/\/www.europesays.com\/cz\/wp-json\/wp\/v2\/media\/203011"}],"wp:attachment":[{"href":"https:\/\/www.europesays.com\/cz\/wp-json\/wp\/v2\/media?parent=203010"}],"wp:term":[{"taxonomy":"category","embeddable":true,"href":"https:\/\/www.europesays.com\/cz\/wp-json\/wp\/v2\/categories?post=203010"},{"taxonomy":"post_tag","embeddable":true,"href":"https:\/\/www.europesays.com\/cz\/wp-json\/wp\/v2\/tags?post=203010"}],"curies":[{"name":"wp","href":"https:\/\/api.w.org\/{rel}","templated":true}]}}