{"id":203068,"date":"2026-09-04T19:01:08","date_gmt":"2026-09-04T19:01:08","guid":{"rendered":"https:\/\/www.europesays.com\/cz\/203068\/"},"modified":"2026-09-04T19:01:08","modified_gmt":"2026-09-04T19:01:08","slug":"tomas-savka-z-prvni-superstar-slavi-43-diety-striktne-odmita-zije-se-starsi-zenou-a-neboji-se-driny-na-strechach","status":"publish","type":"post","link":"https:\/\/www.europesays.com\/cz\/203068\/","title":{"rendered":"Tom\u00e1\u0161 Savka z prvn\u00ed SuperStar slav\u00ed 43. Diety striktn\u011b odm\u00edt\u00e1, \u017eije se star\u0161\u00ed \u017eenou a neboj\u00ed se d\u0159iny na st\u0159ech\u00e1ch"},"content":{"rendered":"<p>Z televizn\u00edch obrazovek si ho div\u00e1ci pamatuj\u00ed jako eleg\u00e1na se swingov\u00fdm hlasem, rodinn\u00e9 z\u00e1zem\u00ed ale Tom\u00e1\u0161 Savka vybudoval po boku o jeden\u00e1ct let star\u0161\u00ed b\u00fdval\u00e9 baletky. \u00dasp\u011b\u0161n\u00fd muzik\u00e1lov\u00fd herec dnes slav\u00ed t\u0159ia\u010dty\u0159ic\u00e1t\u00e9 narozeniny a o zaj\u00edmav\u00e9 \u017eivotn\u00ed zvraty nem\u00e1 v\u016fbec nouzi. Divadeln\u00ed p\u00f3dia dok\u00e1zal v dob\u011b vynucen\u00e9 hereck\u00e9 pauzy bez mrknut\u00ed oka vym\u011bnit za oby\u010dejn\u00e9 mont\u00e9rky. Coby zru\u010dn\u00fd tesa\u0159 tehdy v \u0161irok\u00e9m okol\u00ed opravoval lidem st\u0159echy nad hlavou.<\/p>\n<p>N\u00e1vrat na pra\u017esk\u00e1 jevi\u0161t\u011b a dlouh\u00e9 cesty vlakem<\/p>\n<p><a href=\"https:\/\/www.readzone.cz\/tomas-savka-slavi-42-jednadvacet-let-po-superstar-ma-vysnene-povolani-a-se-starsi-manzelkou-vychovava-dcerku\/\" target=\"_blank\" rel=\"noopener follow nofollow\" data-wpel-link=\"internal\">Savka<\/a> ned\u00e1vno nazkou\u0161el komedi\u00e1ln\u00ed roli v muzik\u00e1lu Donaha na prknech pra\u017esk\u00e9ho Divadla Na Fidlova\u010dce. Ztv\u00e1rnil tu b\u00fdval\u00e9ho ocel\u00e1\u0159e pot\u00fdkaj\u00edc\u00edho se s nadv\u00e1hou. Na televizn\u00ed sout\u011b\u017en\u00ed za\u010d\u00e1tky v SuperStar p\u0159ed dvaadvaceti lety dnes vzpom\u00edn\u00e1 s velkou pokorou. \u00da\u010dast mu p\u0159inesla obrovskou popularitu i velmi t\u011b\u017ek\u00e9 chv\u00edle. Trh se po prvn\u00ed \u0159ad\u011b rychle p\u0159esytil nov\u00fdmi tv\u00e1\u0159emi a z\u00edskat dobrou pr\u00e1ci bylo zpo\u010d\u00e1tku nesm\u00edrn\u011b slo\u017eit\u00e9.<\/p>\n<p>Nakonec ho osud zav\u00e1l na severn\u00ed Moravu a dlouh\u00e9 roky tak pat\u0159\u00ed k nejv\u00fdrazn\u011bj\u0161\u00edm tv\u00e1\u0159\u00edm ostravsk\u00e9 muzik\u00e1lov\u00e9 sc\u00e9ny. Pr\u00e1v\u011b za v\u00fdkony v tamn\u00edm N\u00e1rodn\u00edm divadle si odnesl sv\u00e1 nejvy\u0161\u0161\u00ed profesn\u00ed ocen\u011bn\u00ed. Prvn\u00ed Th\u00e1lii obdr\u017eel za ztv\u00e1rn\u011bn\u00ed charismatick\u00e9ho Che v muzik\u00e1lu Evita. Druhou so\u0161ku mu o n\u011bkolik let pozd\u011bji vynesla role Maxe Bialystocka v Producentech.<\/p>\n<p>Domovem mu ov\u0161em natrvalo z\u016fstala Praha, kde se usadila cel\u00e1 jeho rodina. Cesty za prac\u00ed do Ostravy tak znamenaj\u00ed pravideln\u00e9 a \u00fanavn\u00e9 j\u00edzdy vlakem. \u201eNa dv\u011b hodiny prost\u011b um\u0159u. Pak se proberu, zopakuju si text a vystupuju,\u201c sv\u011b\u0159il se Savka. Na obl\u00edben\u00e9 trase u\u017e zn\u00e1 v\u011bt\u0161inu pr\u016fvod\u010d\u00edch a dovede naprosto p\u0159esn\u011b odhadnout chov\u00e1n\u00ed spolucestuj\u00edc\u00edch.<\/p>\n<p>Osudov\u00e9 setk\u00e1n\u00ed a spokojen\u00fd rodinn\u00fd \u017eivot<\/p>\n<p>\u017divotn\u00ed partnerkou se mu stala o jeden\u00e1ct let star\u0161\u00ed Zuzana Savkov\u00e1. B\u00fdval\u00e1 s\u00f3listka plze\u0148sk\u00e9ho baletu a pedago\u017eka ho okam\u017eit\u011b okouzlila svou kr\u00e1sou. Poprv\u00e9 ji zahl\u00e9dl na tiskov\u00e9 konferenci k p\u0159edstaven\u00ed Lucrezia Borgia. Tehdy pr\u00fd d\u011blal v\u0161emo\u017en\u00e9 ps\u00ed kusy, aby dok\u00e1zal naplno upoutat jej\u00ed pozornost.<\/p>\n<p>V\u011bkov\u00fd rozd\u00edl u nich doma nehraje naprosto \u017e\u00e1dnou podstatnou roli. Dvojice spole\u010dn\u011b vychov\u00e1v\u00e1 sedmiletou dceru Annu Viktorii. Savka je na jej\u00ed bezprost\u0159edn\u00ed povahu a smysl pro humor ohromn\u011b py\u0161n\u00fd. N\u011bkdej\u0161\u00ed baletka m\u00e1 nav\u00edc z p\u0159edchoz\u00edho vztahu t\u0159i dosp\u011bl\u00e9 syny. Nejmlad\u0161\u00ed Valent\u00fdn Pokorn\u00fd kr\u00e1\u010d\u00ed ve \u0161l\u00e9p\u011bj\u00edch sv\u00fdch rodi\u010d\u016f a velmi \u00fasp\u011b\u0161n\u011b se v\u011bnuje herectv\u00ed.<\/p>\n<p>Man\u017eelka p\u0159ed ned\u00e1vnem sv\u00e9 okol\u00ed p\u0159ekvapila zm\u011bnou image. Zcela upustila od letit\u00e9ho barven\u00ed vlas\u016f na blond a dala rad\u011bji p\u0159ednost p\u0159\u00edrod\u011b. Jej\u00ed hlavu nyn\u00ed zdob\u00ed p\u0159irozen\u00e9 st\u0159\u00edbrn\u00e9 \u0161ediny, kter\u00e9 j\u00ed nesm\u00edrn\u011b slu\u0161\u00ed a podtrhuj\u00ed jej\u00ed vrozenou eleganci.<\/p>\n<p>Pandemie p\u0159inesla dr\u00e1hu tesa\u0159e<\/p>\n<p>Kdy\u017e z\u016fstala divadla p\u0159ed p\u00e1r lety pr\u00e1zdn\u00e1, museli mnoz\u00ed um\u011blci hledat jin\u00e9 cesty k ob\u017eiv\u011b. Savka celou slo\u017eitou situaci vy\u0159e\u0161il mimo\u0159\u00e1dn\u011b prakticky a po sv\u00e9m. Spole\u010dn\u011b s kamar\u00e1dem se za\u010dal aktivn\u011b v\u011bnovat odborn\u00fdm oprav\u00e1m domovn\u00edch st\u0159ech. Z\u00e1kladn\u00ed \u0159emesln\u00e9 zku\u0161enosti sb\u00edral u\u017e d\u00e1vno p\u0159edt\u00edm na vlastn\u00ed chalup\u011b.<\/p>\n<p>Dnes s \u00fasm\u011bvem vypr\u00e1v\u00ed, \u017ee b\u011bhem tehdej\u0161\u00edho obdob\u00ed stihli kompletn\u011b zrekonstruovat dvaat\u0159icet st\u0159ech v \u0161irok\u00e9m okol\u00ed. Manu\u00e1ln\u00ed pr\u00e1ce ho opravdu hodn\u011b bav\u00ed a dodnes ob\u010das o v\u00edkendech vypom\u016f\u017ee zn\u00e1m\u00fdm. Na rodinn\u00e9 chalup\u011b proto bez jak\u00fdchkoli pot\u00ed\u017e\u00ed zastane naprostou v\u011bt\u0161inu zednick\u00fdch i truhl\u00e1\u0159sk\u00fdch oprav.<\/p>\n<p>Na estetick\u00e9 zahradn\u00ed \u00fapravy a p\u011bstov\u00e1n\u00ed rostlin u\u017e pe\u010dliv\u011b dohl\u00ed\u017e\u00ed jeho \u017eena. Ob\u010dasn\u00e9 v\u00edkendy v p\u0159\u00edrod\u011b p\u0159edstavuj\u00ed pro celou rodinu ide\u00e1ln\u00ed \u00fanik z ru\u0161n\u00e9ho velkom\u011bsta. Na hory vyr\u00e1\u017e\u00ed obvykle a\u017e po v\u00e1no\u010dn\u00edch sv\u00e1tc\u00edch, jeliko\u017e prosinec b\u00fdv\u00e1 pro zp\u011bv\u00e1ka pracovn\u011b nejvyt\u00ed\u017een\u011bj\u0161\u00edm m\u011bs\u00edcem. Zimn\u00ed radov\u00e1nky a sjezdov\u00e9 ly\u017eov\u00e1n\u00ed k hercovu \u017eivotu neodmysliteln\u011b pat\u0159\u00ed a k tomuto sportu ho odmali\u010dka vedla maminka.<\/p>\n<p>Odpor k hubnut\u00ed a l\u00e1ska ke swingov\u00fdm melodi\u00edm<\/p>\n<p>Pohyb na divadeln\u00edm jevi\u0161ti i n\u00e1ro\u010dn\u00e1 fyzick\u00e1 pr\u00e1ce na venkov\u011b vy\u017eaduj\u00ed spoustu vydan\u00e9 energie. Savka se proto v\u016fbec netaj\u00ed t\u00edm, \u017ee omezov\u00e1n\u00ed v j\u00eddle nepat\u0159\u00ed k jeho vyhled\u00e1van\u00fdm kratochv\u00edl\u00edm. \u201eV\u017edy\u0165 bych trp\u011bl jako pes,\u201c dodal se sm\u00edchem k t\u00e9matu p\u0159\u00edpadn\u00fdch diet a pokus\u016f o hubnut\u00ed.<\/p>\n<p>Nejrad\u011bji si doma pochutn\u00e1 na tradi\u010dn\u00edm vep\u0159ov\u00e9m se zel\u00edm nebo na bulguru s \u010derstvou cuketou. Kuchyni nav\u00edc v\u011bt\u0161inou velmi sebev\u011bdom\u011b vl\u00e1dne on s\u00e1m. Zuzana podle jeho slov va\u0159\u00ed naprosto v\u00fdborn\u011b, ale na jeho osobn\u00ed vkus snad a\u017e p\u0159\u00edli\u0161 pomalu.<\/p>\n<p>Pokud zrovna nestoj\u00ed u spor\u00e1ku nebo p\u0159ed div\u00e1ky, vystupuje s Hudbou Hradn\u00ed str\u00e1\u017ee a Policie \u010cesk\u00e9 republiky. Jako civiln\u00ed s\u00f3lista u nich p\u016fsob\u00ed \u00factyhodn\u00fdch dvan\u00e1ct let. K t\u00e9to presti\u017en\u00ed um\u011bleck\u00e9 pr\u00e1ci dostal speci\u00e1ln\u00ed uniformu navr\u017eenou Theodorem Pi\u0161t\u011bkem, kterou sm\u00ed obl\u00e9kat v\u00fdhradn\u011b p\u0159i slavnostn\u00edch vystoupen\u00edch na Pra\u017esk\u00e9m hrad\u011b.<\/p>\n<p>Zdroj informac\u00ed: autorsk\u00e9 zpracov\u00e1n\u00ed redakce <a href=\"https:\/\/www.readzone.cz\/kontakty\/\" target=\"_blank\" rel=\"noopener noreferrer follow nofollow\" data-wpel-link=\"internal\">Readzone.cz<\/a> na z\u00e1klad\u011b ve\u0159ejn\u011b dostupn\u00fdch informac\u00ed z m\u00e9di\u00ed (<a href=\"https:\/\/www.idnes.cz\/zpravy\/revue\/spolecnost\/tomas-savka-zpevak-prace-vareni-manzelka-popelka.A260121_141100_lidicky_vrta\" target=\"_blank\" rel=\"noopener follow noreferrer nofollow\" data-wpel-link=\"exclude\">idnes<\/a>, <a href=\"https:\/\/www.super.cz\/clanek\/celebrity-byvala-brunetou-pak-sla-na-blond-a-ted-se-barvit-prestala-seda-o-11-let-starsi-zene-tomase-savky-ze-superstar-slusi-1522975\" target=\"_blank\" rel=\"noopener follow noreferrer nofollow\" data-wpel-link=\"exclude\">super<\/a>).<\/p>\n","protected":false},"excerpt":{"rendered":"Z televizn\u00edch obrazovek si ho div\u00e1ci pamatuj\u00ed jako eleg\u00e1na se swingov\u00fdm hlasem, rodinn\u00e9 z\u00e1zem\u00ed ale Tom\u00e1\u0161 Savka vybudoval&hellip;\n","protected":false},"author":2,"featured_media":203069,"comment_status":"","ping_status":"","sticky":false,"template":"","format":"standard","meta":{"footnotes":"","_share_on_mastodon":"0"},"categories":[14],"tags":[20796,428,79,16928,2241,651,9296,46287,30654,80,30423,83,46288],"class_list":["post-203068","post","type-post","status-publish","format-standard","has-post-thumbnail","category-zabava","tag-chalupa","tag-divadlo","tag-entertainment","tag-muzikal","tag-narozeniny","tag-rodina","tag-superstar","tag-thalie","tag-tomas-savka","tag-zabava","tag-zpevaci-a-zpevacky","tag-zpevak","tag-zuzana-savkova"],"share_on_mastodon":{"url":"https:\/\/pubeurope.com\/@cz\/117214320144947642","error":""},"_links":{"self":[{"href":"https:\/\/www.europesays.com\/cz\/wp-json\/wp\/v2\/posts\/203068","targetHints":{"allow":["GET"]}}],"collection":[{"href":"https:\/\/www.europesays.com\/cz\/wp-json\/wp\/v2\/posts"}],"about":[{"href":"https:\/\/www.europesays.com\/cz\/wp-json\/wp\/v2\/types\/post"}],"author":[{"embeddable":true,"href":"https:\/\/www.europesays.com\/cz\/wp-json\/wp\/v2\/users\/2"}],"replies":[{"embeddable":true,"href":"https:\/\/www.europesays.com\/cz\/wp-json\/wp\/v2\/comments?post=203068"}],"version-history":[{"count":0,"href":"https:\/\/www.europesays.com\/cz\/wp-json\/wp\/v2\/posts\/203068\/revisions"}],"wp:featuredmedia":[{"embeddable":true,"href":"https:\/\/www.europesays.com\/cz\/wp-json\/wp\/v2\/media\/203069"}],"wp:attachment":[{"href":"https:\/\/www.europesays.com\/cz\/wp-json\/wp\/v2\/media?parent=203068"}],"wp:term":[{"taxonomy":"category","embeddable":true,"href":"https:\/\/www.europesays.com\/cz\/wp-json\/wp\/v2\/categories?post=203068"},{"taxonomy":"post_tag","embeddable":true,"href":"https:\/\/www.europesays.com\/cz\/wp-json\/wp\/v2\/tags?post=203068"}],"curies":[{"name":"wp","href":"https:\/\/api.w.org\/{rel}","templated":true}]}}