{"id":203074,"date":"2026-09-04T19:06:14","date_gmt":"2026-09-04T19:06:14","guid":{"rendered":"https:\/\/www.europesays.com\/cz\/203074\/"},"modified":"2026-09-04T19:06:14","modified_gmt":"2026-09-04T19:06:14","slug":"cesko-italie-basketbal-online-cesky-vstupuji-do-ms","status":"publish","type":"post","link":"https:\/\/www.europesays.com\/cz\/203074\/","title":{"rendered":"\u010cesko &#8211; It\u00e1lie | BASKETBAL ONLINE: \u010ce\u0161ky vstupuj\u00ed do MS"},"content":{"rendered":"<p class=\"b_bA\">Berl\u00edn (od na\u0161\u00ed zpravodajky) &#8211; Ve skupin\u011b D jsou \u010ce\u0161ky outsiderem a\u00a0stejn\u011b tak to bude i\u00a0v\u00a0utk\u00e1n\u00ed s\u00a0It\u00e1li\u00ed. Soupe\u0159ky jsou \u00fa\u0159aduj\u00edc\u00edmi bronzov\u00fdmi medailistkami z\u00a0mistrovstv\u00ed Evropy a\u00a0v\u00a0posledn\u00ed dob\u011b ukazuj\u00ed, \u017ee \u017eensk\u00fd italsk\u00fd basketbal jde hodn\u011b nahoru.<\/p>\n<p class=\"b_bA\">Kvalifikac\u00ed o\u00a0sv\u011btov\u00fd \u0161ampion\u00e1t pro\u0161ly s\u00a0jedinou prohrou (s USA) a\u00a0\u010dty\u0159mi jednozna\u010dn\u00fdmi v\u00fdhrami. Italky si tak vybojovaly \u00fa\u010dast na MS po dlouh\u00fdch dvaat\u0159iceti letech. To \u010ce\u0161ky m\u011bly \u201epouze\u201c dvan\u00e1ctiletou pauzu, \u00fa\u010dast mezi elitou si ale musely vybojovat u\u017e v\u00a0p\u0159edkvalifikaci a\u00a0n\u00e1sledn\u00e9 kvalifikaci.<\/p>\n<p><a data-dot=\"atm-link\" target=\"_self\" href=\"https:\/\/www.sport.cz\/clanek\/basketbal-cesky-budou-hrat-v-hale-pojmenovane-po-boxerovi-ktery-tajil-sve-hrdinstvi-5526755\" class=\"b_V g_ig\" rel=\"nofollow noopener\"><img fetchpriority=\"high\" height=\"2048\" width=\"2730\" src=\"https:\/\/www.europesays.com\/cz\/wp-content\/uploads\/2026\/09\/1788548772_840_max-schmeling-halle-basketbal.jpeg\" loading=\"eager\" decoding=\"sync\" class=\"b_B b_z\"\/><\/a><\/p>\n<p class=\"b_bA\">Sv\u011b\u0159enkyn\u011b Romany Pt\u00e1\u010dkov\u00e9 se s\u00a0italsk\u00fdm n\u00e1rodn\u00edm t\u00fdmem utkaly naposledy dvakr\u00e1t v\u00a0lo\u0148sk\u00e9m roce. V\u00a0r\u00e1mci kvalifikace o\u00a0Eurobasket zv\u00edt\u011bzily v\u00a0\u00fanoru \u010desk\u00e9 hr\u00e1\u010dky rozd\u00edlem p\u011bti bod\u016f, v\u00a0posledn\u00edm vz\u00e1jemn\u00e9m z\u00e1pase dostaly ale tvrd\u00fd p\u0159\u00edd\u011bl &#8211; prohr\u00e1ly o\u00a026\u00a0bod\u016f.<\/p>\n<p class=\"b_bA\">Vzhledem k\u00a0dal\u0161\u00edm soupe\u0159\u016fm ve skupin\u011b (\u010c\u00edna, USA) bude \u010dist\u011b evropsk\u00fd duel d\u016fle\u017eit\u00fdm v\u00a0boji o\u00a0postupovou p\u0159\u00ed\u010dku, co\u017e si uv\u011bdomuj\u00ed i\u00a0\u010desk\u00e9 hr\u00e1\u010dky. \u201eJe to t\u011b\u017ek\u00fd soupe\u0159, jeden z\u00a0nejt\u011b\u017e\u0161\u00edch evropsk\u00fdch. Jsou sehran\u00e9, maj\u00ed velk\u00e9 pivotky, co\u017e je pro n\u00e1s v\u00a0tuto chv\u00edli o\u0159\u00ed\u0161ek. Ale v\u011b\u0159\u00edm, \u017ee je m\u016f\u017eeme potr\u00e1pit a\u00a0uhr\u00e1t dobr\u00fd v\u00fdsledek,\u201c \u0159\u00edkala p\u0159ed utk\u00e1n\u00edm rozehr\u00e1va\u010dka Eli\u0161ka Joklov\u00e1.<\/p>\n<p><a data-dot=\"atm-link\" target=\"_self\" href=\"https:\/\/www.sport.cz\/clanek\/basketbal-definitivni-sbohem-ceska-reprezentacni-opora-uz-dalsi-navrat-neplanuje-5527212\" class=\"b_V g_ig\" rel=\"nofollow noopener\"><img height=\"2731\" width=\"3642\" src=\"https:\/\/www.europesays.com\/cz\/wp-content\/uploads\/2026\/09\/1788548773_967_hanusova-basketbal.jpeg\" loading=\"eager\" decoding=\"sync\" class=\"b_B b_z\"\/><\/a>Mistrovstv\u00ed sv\u011bta v basketbalu \u017een:Skupina DUSA \u2013 \u010c\u00edna 94:61<a data-dot=\"atm-link\" target=\"_self\" href=\"https:\/\/www.sport.cz\/clanek\/online-basketbal-ms-v-basketbalu-zen-cesko-italie-04-09-2026-5524376\" class=\"b_V\" rel=\"nofollow noopener\">\u010cESKO \u2013 It\u00e1lie 32:31 v polo\u010dase (17:14, 15:17)<\/a>Skupina AJaponsko &#8211; Mali 102:97N\u011bmecko &#8211; \u0160pan\u011blsko 53:83Skupina BJi\u017en\u00ed Korea &#8211; Nig\u00e9rie 99:8121:00 Ma\u010farsko &#8211; FrancieSkupina CAustr\u00e1lie &#8211; Portoriko 70:54Belgie &#8211; Turecko 89:75<a data-dot=\"atm-link\" target=\"_self\" href=\"https:\/\/www.sport.cz\/clanek\/basketbal-ceska-vlajka-se-vraci-na-ms-v-historickych-statistikach-ale-nikdy-nezmizela-5527143\" class=\"b_V g_ig\" rel=\"nofollow noopener\"><img height=\"2730\" width=\"3640\" src=\"https:\/\/www.europesays.com\/cz\/wp-content\/uploads\/2026\/09\/1788548774_386_basketbal-ptackova.jpeg\" loading=\"eager\" decoding=\"sync\" class=\"b_B b_z\"\/><\/a><\/p>\n","protected":false},"excerpt":{"rendered":"Berl\u00edn (od na\u0161\u00ed zpravodajky) &#8211; Ve skupin\u011b D jsou \u010ce\u0161ky outsiderem a\u00a0stejn\u011b tak to bude i\u00a0v\u00a0utk\u00e1n\u00ed s\u00a0It\u00e1li\u00ed. Soupe\u0159ky&hellip;\n","protected":false},"author":2,"featured_media":203075,"comment_status":"","ping_status":"","sticky":false,"template":"","format":"standard","meta":{"footnotes":"","_share_on_mastodon":"0"},"categories":[10],"tags":[1085,4125,6304,17,21,45869,16,2425,45115,18,19,22,20],"class_list":["post-203074","post","type-post","status-publish","format-standard","has-post-thumbnail","category-zpravy","tag-basketbal","tag-berlin","tag-eliska-hamzova","tag-headlines","tag-hlavni-udalosti","tag-mistrovstvi-sveta-v-basketbalu-zen","tag-news","tag-reprezentace","tag-romana-ptackova","tag-top-news","tag-top-stories","tag-udalosti-dne","tag-zpravy"],"share_on_mastodon":{"url":"https:\/\/pubeurope.com\/@cz\/117214340098320048","error":""},"_links":{"self":[{"href":"https:\/\/www.europesays.com\/cz\/wp-json\/wp\/v2\/posts\/203074","targetHints":{"allow":["GET"]}}],"collection":[{"href":"https:\/\/www.europesays.com\/cz\/wp-json\/wp\/v2\/posts"}],"about":[{"href":"https:\/\/www.europesays.com\/cz\/wp-json\/wp\/v2\/types\/post"}],"author":[{"embeddable":true,"href":"https:\/\/www.europesays.com\/cz\/wp-json\/wp\/v2\/users\/2"}],"replies":[{"embeddable":true,"href":"https:\/\/www.europesays.com\/cz\/wp-json\/wp\/v2\/comments?post=203074"}],"version-history":[{"count":0,"href":"https:\/\/www.europesays.com\/cz\/wp-json\/wp\/v2\/posts\/203074\/revisions"}],"wp:featuredmedia":[{"embeddable":true,"href":"https:\/\/www.europesays.com\/cz\/wp-json\/wp\/v2\/media\/203075"}],"wp:attachment":[{"href":"https:\/\/www.europesays.com\/cz\/wp-json\/wp\/v2\/media?parent=203074"}],"wp:term":[{"taxonomy":"category","embeddable":true,"href":"https:\/\/www.europesays.com\/cz\/wp-json\/wp\/v2\/categories?post=203074"},{"taxonomy":"post_tag","embeddable":true,"href":"https:\/\/www.europesays.com\/cz\/wp-json\/wp\/v2\/tags?post=203074"}],"curies":[{"name":"wp","href":"https:\/\/api.w.org\/{rel}","templated":true}]}}