{"id":203084,"date":"2026-09-04T19:14:22","date_gmt":"2026-09-04T19:14:22","guid":{"rendered":"https:\/\/www.europesays.com\/cz\/203084\/"},"modified":"2026-09-04T19:14:22","modified_gmt":"2026-09-04T19:14:22","slug":"petka-sz-macinka-jako-rozpoctovy-rebel-a-naprosty-omyl-netflixu","status":"publish","type":"post","link":"https:\/\/www.europesays.com\/cz\/203084\/","title":{"rendered":"P\u011btka SZ: Macinka jako rozpo\u010dtov\u00fd rebel a\u00a0naprost\u00fd omyl Netflixu"},"content":{"rendered":"<p>Je to rebel! <\/p>\n<p class=\"e_bX\">Slavn\u00e1 v\u011bta z\u00a0filmov\u00e9 poh\u00e1dky S\u00a0\u010derty nejsou \u017eerty asi leckomu vytane na mysli, kdy\u017e sleduje nespokojenost ministra zahrani\u010d\u00ed Petra Macinky s\u00a0n\u00e1vrhem schodku st\u00e1tn\u00edho rozpo\u010dtu na p\u0159\u00ed\u0161t\u00ed rok ve v\u00fd\u0161i 389\u00a0miliard. Jak <a data-dot=\"atm-link\" target=\"_blank\" href=\"https:\/\/www.seznamzpravy.cz\/clanek\/domaci-politika-babis-resi-rozpocet-s-nespokojenymi-motoristy-mame-zastavit-dalnice-usadil-je-314555\" class=\"e_n\" rel=\"nofollow noopener\">p\u00ed\u0161e ve sv\u00e9m \u010dl\u00e1nku<\/a> kolegyn\u011b Barbora Doubravov\u00e1, n\u00e1vrh se nel\u00edb\u00ed ani hlavn\u00edmu ekonomick\u00e9mu expertovi Motorist\u016f Vladim\u00edru Pikorovi. Motorist\u00e9 se prezentuj\u00ed jako autentick\u00e1 pravicov\u00e1 konzervativn\u00ed strana, co\u017e, pravda, s\u00a0vysok\u00fdm schodkem moc nelad\u00ed.<\/p>\n<p><a data-dot=\"mol-article-card-media\" aria-hidden=\"true\" tabindex=\"-1\" href=\"https:\/\/www.seznamzpravy.cz\/clanek\/domaci-politika-babis-resi-rozpocet-s-nespokojenymi-motoristy-mame-zastavit-dalnice-usadil-je-314555\" class=\"e_n f_l8\" rel=\"nofollow noopener\" target=\"_blank\"><img fetchpriority=\"high\" height=\"1968\"   width=\"3500\" src=\"https:\/\/www.europesays.com\/cz\/wp-content\/uploads\/2026\/09\/1788549259_801_3d7f.jpeg\" loading=\"eager\" decoding=\"sync\" class=\"e_aa e_Z\"\/><\/a>Kdy\u017e i\u00a0Babi\u0161 \u0159\u00edk\u00e1, \u017ee je to v\u00e1\u017en\u00e9<\/p>\n<p class=\"e_bX\">Zahrani\u010dn\u00ed politika nen\u00ed obor, kter\u00fd by Andreje Babi\u0161e n\u011bjak zvl\u00e1\u0161\u0165 bavil. Vyjad\u0159uje se k\u00a0mezin\u00e1rodn\u00edm ud\u00e1lostem nerad. Tentokr\u00e1t ale \u010desk\u00fd premi\u00e9r situaci v\u00a0Evrop\u011b <a data-dot=\"atm-link\" target=\"_blank\" href=\"https:\/\/www.seznamzpravy.cz\/clanek\/domaci-politika-babis-oznacil-incidenty-v-nemecku-za-vazne-cr-podpori-posileni-bezpecnosti-314451\" class=\"e_n\" rel=\"nofollow noopener\">ozna\u010dil za v\u00e1\u017enou<\/a> pot\u00e9, co N\u011bmecko obvinilo Rusko z\u00a0dronov\u00e9ho \u00fatoku na leti\u0161ti v\u00a0Lipsku. Co\u017e m\u016f\u017ee znamenat, \u017ee premi\u00e9r dostal na st\u016fl informace, kter\u00e9 jsou skute\u010dn\u011b velmi znepokojiv\u00e9 i\u00a0pro politika, jen\u017e dosud rusk\u00e9 hrozby moc nepro\u017e\u00edval.<\/p>\n<p><a data-dot=\"mol-article-card-media\" aria-hidden=\"true\" tabindex=\"-1\" href=\"https:\/\/www.seznamzpravy.cz\/clanek\/domaci-politika-babis-oznacil-incidenty-v-nemecku-za-vazne-cr-podpori-posileni-bezpecnosti-314451\" class=\"e_n f_l8\" rel=\"nofollow noopener\" target=\"_blank\"><img height=\"1108\"   width=\"1970\" src=\"https:\/\/www.europesays.com\/cz\/wp-content\/uploads\/2026\/09\/1788549259_866_andrej-babis.jpeg\" loading=\"eager\" decoding=\"sync\" class=\"e_aa e_Z\"\/><\/a>N\u00e1vrat NDR?<\/p>\n<p class=\"e_bX\">Kolega Martin Jon\u00e1\u0161 byl dlouholet\u00fdm zpravodajem \u010cesk\u00e9 televize v\u00a0Berl\u00edn\u011b, ale i\u00a0jeho po\u0159\u00e1d dok\u00e1\u017ee N\u011bmecko p\u0159ekvapit. Konkr\u00e9tn\u011b rozmach takzvan\u00e9 \u201eostalgie\u201c neboli nostalgie po b\u00fdval\u00e9 N\u011bmeck\u00e9 demokratick\u00e9 republice\u00a0\u2013 totalitn\u00ed diktatu\u0159e, kter\u00e1 na v\u00fdchod\u011b N\u011bmecka existovala p\u0159es \u010dty\u0159i desetilet\u00ed do roku 1989.\u00a0Pro\u010d se tento kostlivec odm\u00edt\u00e1 odebrat do historie, rozeb\u00edr\u00e1 Martin Jon\u00e1\u0161 <a data-dot=\"atm-link\" target=\"_blank\" href=\"https:\/\/www.seznamzpravy.cz\/clanek\/zahranicni-vzpoura-na-simsonu-zombie-ndr-rozvraci-nemecko-314423\" class=\"e_n\" rel=\"nofollow noopener\">ve sv\u00e9m koment\u00e1\u0159i<\/a>.<\/p>\n<p><a data-dot=\"mol-article-card-media\" aria-hidden=\"true\" tabindex=\"-1\" href=\"https:\/\/www.seznamzpravy.cz\/clanek\/zahranicni-vzpoura-na-simsonu-zombie-ndr-rozvraci-nemecko-314423\" class=\"e_n f_l8\" rel=\"nofollow noopener\" target=\"_blank\"><img height=\"2304\"   width=\"4096\" src=\"https:\/\/www.europesays.com\/cz\/wp-content\/uploads\/2026\/09\/1788549260_310_simson-hocke.jpeg\" loading=\"eager\" decoding=\"sync\" class=\"e_aa e_Z\"\/><\/a>Nike ve stop\u00e1ch Nokie<\/p>\n<p class=\"e_bX\">Pamatujete si, jak p\u0159ed n\u011bkolika lety za\u0161la hv\u011bzda kdysi nejv\u011bt\u0161\u00edho sv\u011btov\u00e9ho prodejce mobiln\u00edch telefon\u016f Nokia? Podobn\u00e9 probl\u00e9my m\u00e1 kdysi nejsiln\u011bj\u0161\u00ed sportovn\u00ed zna\u010dka sv\u011bta Nike. Pro\u010d akcie t\u00e9to firmy rekordn\u011b spadly a\u00a0zisk loni katastrof\u00e1ln\u011b poklesl, se dozv\u00edte <a data-dot=\"atm-link\" target=\"_blank\" href=\"https:\/\/www.seznamzpravy.cz\/clanek\/ekonomika-finance-nike-dale-ztraci-dech-problemy-nema-jen-v-cine-meni-se-cely-sportovni-trh-314081\" class=\"e_n\" rel=\"nofollow noopener\">v\u00a0textu Andreje R\u00e1dyho<\/a>. Ta \u010d\u00edsla jsou opravdu hroziv\u00e1.<\/p>\n<p><a data-dot=\"mol-article-card-media\" aria-hidden=\"true\" tabindex=\"-1\" href=\"https:\/\/www.seznamzpravy.cz\/clanek\/ekonomika-finance-nike-dale-ztraci-dech-problemy-nema-jen-v-cine-meni-se-cely-sportovni-trh-314081\" class=\"e_n f_l8\" rel=\"nofollow noopener\" target=\"_blank\"><img height=\"2025\"   width=\"3601\" src=\"https:\/\/www.europesays.com\/cz\/wp-content\/uploads\/2026\/09\/nike.jpeg\" loading=\"eager\" decoding=\"sync\" class=\"e_aa e_Z\"\/><\/a>Netflix st\u0159elil vedle<\/p>\n<p class=\"e_bX\">Unyl\u00e1 depresivn\u00ed \u0161e\u010f. Tak charakterizuje filmov\u00fd kritik Tom\u00e1\u0161 Stejskal <a data-dot=\"atm-link\" target=\"_blank\" href=\"https:\/\/www.seznamzpravy.cz\/clanek\/kultura-naseptavac-film-recenze-314516\" class=\"e_n\" rel=\"nofollow noopener\">nov\u00fd sn\u00edmek Netflixu Na\u0161ept\u00e1va\u010d<\/a>. Detektiv, kter\u00e9ho hraje Robert De Niro, hled\u00e1 s\u00e9riov\u00e9ho vraha, kter\u00fd se z\u0159ejm\u011b inspiroval sv\u00fdm p\u0159edch\u016fdcem. Obvykle se s\u00a0profesion\u00e1ln\u00edmi kritiky moc neshoduji, ale tentokr\u00e1t ano. M\u00e1lokdy se mi stane, \u017ee film nedokouk\u00e1m ani do poloviny. Robert De Niro to bohu\u017eel nezachra\u0148uje. Na spraven\u00ed n\u00e1lady doporu\u010duj\u00ed star\u00e9ho dobr\u00e9ho Taxik\u00e1\u0159e, v\u00a0n\u011bm De Niro nezklame nikdy.<\/p>\n<p><a data-dot=\"mol-article-card-media\" aria-hidden=\"true\" tabindex=\"-1\" href=\"https:\/\/www.seznamzpravy.cz\/clanek\/kultura-naseptavac-film-recenze-314516\" class=\"e_n f_l8\" rel=\"nofollow noopener\" target=\"_blank\"><img height=\"2304\"   width=\"4096\" src=\"https:\/\/www.europesays.com\/cz\/wp-content\/uploads\/2026\/09\/film-naseptavac.jpeg\" loading=\"eager\" decoding=\"sync\" class=\"e_aa e_Z\"\/><\/a>P\u011btka SZ<\/p>\n<p class=\"e_bX\">P\u011btka Seznam Zpr\u00e1v: P\u0159ehled p\u011bti nejd\u016fle\u017eit\u011bj\u0161\u00edch ud\u00e1lost\u00ed a\u00a0p\u016fvodn\u00edch zji\u0161t\u011bn\u00ed. V\u00a0p\u011bt hodin odpoledne. P\u011bt dn\u00ed v\u00a0t\u00fddnu.<\/p>\n<p class=\"e_bX\">Od pond\u011bl\u00ed do \u010dtvrtka pro v\u00e1s <a data-dot=\"atm-link\" target=\"_blank\" href=\"https:\/\/www.seznamzpravy.cz\/tag\/petka-newsletter-125004\" class=\"e_n\" rel=\"nofollow noopener\">P\u011btku SZ<\/a> tvo\u0159\u00ed \u0161\u00e9fedito\u0159i a\u00a0v p\u00e1tek pak autorsk\u00e9 osobnosti Seznam Zpr\u00e1v v\u00a0podob\u011b newsletteru, kter\u00fd m\u016f\u017eete <a data-dot=\"atm-link\" target=\"_blank\" href=\"https:\/\/www.seznamzpravy.cz\/clanek\/newslettery-seznam-zprav-142756\" class=\"e_n\" rel=\"nofollow noopener\">odeb\u00edrat e-mailem<\/a>.<\/p>\n","protected":false},"excerpt":{"rendered":"Je to rebel! Slavn\u00e1 v\u011bta z\u00a0filmov\u00e9 poh\u00e1dky S\u00a0\u010derty nejsou \u017eerty asi leckomu vytane na mysli, kdy\u017e sleduje nespokojenost&hellip;\n","protected":false},"author":2,"featured_media":203085,"comment_status":"","ping_status":"","sticky":false,"template":"","format":"standard","meta":{"footnotes":"","_share_on_mastodon":"0"},"categories":[7],"tags":[266,43,42,41,40,982,13135,1842,11323,861,418,3502,56],"class_list":["post-203084","post","type-post","status-publish","format-standard","has-post-thumbnail","category-cesko","tag-andrej-babis","tag-ceska-republika","tag-cesko","tag-czech-republic","tag-czechia","tag-hybridni-valka","tag-ndr","tag-netflix","tag-nike","tag-petka-sz","tag-petr-macinka","tag-statni-rozpocet","tag-valka-rusko-ukrajina"],"share_on_mastodon":{"url":"https:\/\/pubeurope.com\/@cz\/117214371377921087","error":""},"_links":{"self":[{"href":"https:\/\/www.europesays.com\/cz\/wp-json\/wp\/v2\/posts\/203084","targetHints":{"allow":["GET"]}}],"collection":[{"href":"https:\/\/www.europesays.com\/cz\/wp-json\/wp\/v2\/posts"}],"about":[{"href":"https:\/\/www.europesays.com\/cz\/wp-json\/wp\/v2\/types\/post"}],"author":[{"embeddable":true,"href":"https:\/\/www.europesays.com\/cz\/wp-json\/wp\/v2\/users\/2"}],"replies":[{"embeddable":true,"href":"https:\/\/www.europesays.com\/cz\/wp-json\/wp\/v2\/comments?post=203084"}],"version-history":[{"count":0,"href":"https:\/\/www.europesays.com\/cz\/wp-json\/wp\/v2\/posts\/203084\/revisions"}],"wp:featuredmedia":[{"embeddable":true,"href":"https:\/\/www.europesays.com\/cz\/wp-json\/wp\/v2\/media\/203085"}],"wp:attachment":[{"href":"https:\/\/www.europesays.com\/cz\/wp-json\/wp\/v2\/media?parent=203084"}],"wp:term":[{"taxonomy":"category","embeddable":true,"href":"https:\/\/www.europesays.com\/cz\/wp-json\/wp\/v2\/categories?post=203084"},{"taxonomy":"post_tag","embeddable":true,"href":"https:\/\/www.europesays.com\/cz\/wp-json\/wp\/v2\/tags?post=203084"}],"curies":[{"name":"wp","href":"https:\/\/api.w.org\/{rel}","templated":true}]}}