{"id":203094,"date":"2026-09-04T19:25:18","date_gmt":"2026-09-04T19:25:18","guid":{"rendered":"https:\/\/www.europesays.com\/cz\/203094\/"},"modified":"2026-09-04T19:25:18","modified_gmt":"2026-09-04T19:25:18","slug":"video-v-cine-dokoncili-dalsi-cast-nejdelsiho-zeleznicniho-mostu-pres-more","status":"publish","type":"post","link":"https:\/\/www.europesays.com\/cz\/203094\/","title":{"rendered":"Video: V\u00a0\u010c\u00edn\u011b dokon\u010dili dal\u0161\u00ed \u010d\u00e1st nejdel\u0161\u00edho \u017eelezni\u010dn\u00edho mostu p\u0159es mo\u0159e"},"content":{"rendered":"<p class=\"e_bX\">Nejdel\u0161\u00ed \u017eelezni\u010dn\u00ed most p\u0159es mo\u0159e je o\u00a0n\u011bco bl\u00ed\u017ee zprovozn\u011bn\u00ed. <\/p>\n<p class=\"e_bX\">Stavitel\u00e9 v\u00a0provincii \u010ce-\u0165iang ve \u010dtvrtek dokon\u010dili t\u0159i hlavn\u00ed v\u011b\u017ee centr\u00e1ln\u00ed \u010d\u00e1sti, hotov\u00fdch je tak u\u017e v\u0161ech sedm. Nyn\u00ed p\u0159ijde na \u0159adu instalace ocelov\u00fdch nosn\u00edk\u016f.<\/p>\n<p class=\"e_bX\">Most p\u0159es z\u00e1toku Chang-\u010dou je dlouh\u00fd 29,2\u00a0kilometru a\u00a0je kl\u00ed\u010dovou \u010d\u00e1st\u00ed vysokorychlostn\u00ed \u017eelezni\u010dn\u00ed trat\u011b Nan-tchung\u2013Su-\u010dou\u2013\u0164ia-sing\u2013Ning-po. <\/p>\n<p class=\"e_bX\">Po dokon\u010den\u00ed, pl\u00e1novan\u00e9m na rok 2027, po n\u011bm budou moci vlaky jezdit rychlost\u00ed a\u017e 350\u00a0kilometr\u016f za hodinu.<\/p>\n<p><a data-dot=\"mol-article-card-media\" aria-hidden=\"true\" tabindex=\"-1\" href=\"https:\/\/www.seznamzpravy.cz\/clanek\/zahranicni-foto-nejvyssi-most-sveta-280537\" class=\"e_n f_l8\" rel=\"nofollow noopener\" target=\"_blank\"><img fetchpriority=\"high\" height=\"786\"   width=\"1399\" src=\"https:\/\/www.europesays.com\/cz\/wp-content\/uploads\/2026\/09\/msot.jpeg\" loading=\"eager\" decoding=\"sync\" class=\"e_aa e_Z\"\/><\/a><\/p>\n","protected":false},"excerpt":{"rendered":"Nejdel\u0161\u00ed \u017eelezni\u010dn\u00ed most p\u0159es mo\u0159e je o\u00a0n\u011bco bl\u00ed\u017ee zprovozn\u011bn\u00ed. Stavitel\u00e9 v\u00a0provincii \u010ce-\u0165iang ve \u010dtvrtek dokon\u010dili t\u0159i hlavn\u00ed v\u011b\u017ee&hellip;\n","protected":false},"author":2,"featured_media":203095,"comment_status":"","ping_status":"","sticky":false,"template":"","format":"standard","meta":{"footnotes":"","_share_on_mastodon":"0"},"categories":[7],"tags":[43,42,202,41,40,6146,5773,1692,1691],"class_list":["post-203094","post","type-post","status-publish","format-standard","has-post-thumbnail","category-cesko","tag-ceska-republika","tag-cesko","tag-cina","tag-czech-republic","tag-czechia","tag-more","tag-rychlovlaky","tag-vlaky","tag-zeleznice"],"share_on_mastodon":{"url":"https:\/\/pubeurope.com\/@cz\/117214414769812204","error":""},"_links":{"self":[{"href":"https:\/\/www.europesays.com\/cz\/wp-json\/wp\/v2\/posts\/203094","targetHints":{"allow":["GET"]}}],"collection":[{"href":"https:\/\/www.europesays.com\/cz\/wp-json\/wp\/v2\/posts"}],"about":[{"href":"https:\/\/www.europesays.com\/cz\/wp-json\/wp\/v2\/types\/post"}],"author":[{"embeddable":true,"href":"https:\/\/www.europesays.com\/cz\/wp-json\/wp\/v2\/users\/2"}],"replies":[{"embeddable":true,"href":"https:\/\/www.europesays.com\/cz\/wp-json\/wp\/v2\/comments?post=203094"}],"version-history":[{"count":0,"href":"https:\/\/www.europesays.com\/cz\/wp-json\/wp\/v2\/posts\/203094\/revisions"}],"wp:featuredmedia":[{"embeddable":true,"href":"https:\/\/www.europesays.com\/cz\/wp-json\/wp\/v2\/media\/203095"}],"wp:attachment":[{"href":"https:\/\/www.europesays.com\/cz\/wp-json\/wp\/v2\/media?parent=203094"}],"wp:term":[{"taxonomy":"category","embeddable":true,"href":"https:\/\/www.europesays.com\/cz\/wp-json\/wp\/v2\/categories?post=203094"},{"taxonomy":"post_tag","embeddable":true,"href":"https:\/\/www.europesays.com\/cz\/wp-json\/wp\/v2\/tags?post=203094"}],"curies":[{"name":"wp","href":"https:\/\/api.w.org\/{rel}","templated":true}]}}