{"id":203102,"date":"2026-09-04T19:36:13","date_gmt":"2026-09-04T19:36:13","guid":{"rendered":"https:\/\/www.europesays.com\/cz\/203102\/"},"modified":"2026-09-04T19:36:13","modified_gmt":"2026-09-04T19:36:13","slug":"plati-ze-turek-do-vysetreni-nehody-zmocnencem-nebude-rekl-babis-v-havirove-idnes-cz","status":"publish","type":"post","link":"https:\/\/www.europesays.com\/cz\/203102\/","title":{"rendered":"Plat\u00ed, \u017ee Turek do vy\u0161et\u0159en\u00ed nehody zmocn\u011bncem nebude, \u0159ekl Babi\u0161 v Hav\u00ed\u0159ov\u011b &#8211; iDNES.cz"},"content":{"rendered":"<p><a href=\"https:\/\/news.google.com\/rss\/articles\/CBMitwFBVV95cUxPSEtXYmxsV2RHM1BaOGF3Z3pVSS1LOE93Rm55U180T2tYXzVRN29DMnR2a3ZKMVU1MjJScDUzT3A1WjBSMXpSbWNCcThOdzlIM1lLMG53bFA0SV9HVllpZXNGdGFiWk1YTnNJVkhKSjNLWWlmSFBKUGNBUFZONW44dDkzN1F2eHAzb2lZdF9qVzBXVnRyWFFIeUhWTG93ZUNoUkJOWUc1ZWRMMG55d1VndDJwQkxyV0k?oc=5\" target=\"_blank\" rel=\"nofollow noopener\">Plat\u00ed, \u017ee Turek do vy\u0161et\u0159en\u00ed nehody zmocn\u011bncem nebude, \u0159ekl Babi\u0161 v Hav\u00ed\u0159ov\u011b<\/a>&nbsp;&nbsp;iDNES.cz<a href=\"https:\/\/news.google.com\/rss\/articles\/CBMipgJBVV95cUxOMVZHbWZ4M0xMeVFVQm5VLTZobjZxaGtXeWQ3akJabDZMWlhsVXdjd091MEpZVnZOYm11dDFaa2VjbHhFVDBsQ1NBdEx5TWFQd2Zwa2t0SGZmVHBZUjh0UDVpc2hmc0VvNG9INE9yTHpZeGR5eXk2WWd4ZEd2MVJzY1NZVEU2d0xUMXNpRmp5ZXluUHVYVWk1d2k0Mk13akVRQkRfbndDR1VVLXdWRDMycTA1dXloOWNGYk5Ka1NOQi1ISk5RQUlhMWF2dFlKcFJRRzFIbjMzUVI4ajl6c3ZVYkRnc2NqTjVCSXBheXQzT3BaVklCbVVLZ1BLYXd4Vkg0OTNzQVdJQlk2eTd0aFVTNjViMmtETGhlN1RUQzVOVHJPakdkenc?oc=5\" target=\"_blank\" rel=\"nofollow noopener\">\u201eP\u0159est\u00e1v\u00e1 m\u011b to bavit.\u201c Macinka si p\u0159eje Turk\u016fv n\u00e1vrat a ne\u0159e\u0161\u00ed, co si kdo mysl\u00ed<\/a>&nbsp;&nbsp;Aktu\u00e1ln\u011b.cz<a href=\"https:\/\/news.google.com\/rss\/articles\/CBMi2wFBVV95cUxNaV94SlJ4QnJjRHhTS0JvM0k2bmgyZjZCNUU4NUVWTFFjU0pQU0hrTF9fWFFJZFVPMFRfUzVnY0xXREVUWkswU043ZXEtQndRQl9ISGhUc3FJN1FqZE1tcEVjM1N3clpyVV93WnNUY2dBMGg0VlV6c1FqaFI1b2JlQkh5ZHMtczd4OFIxSGM2bHhZamNrZzZISzEwZWZHelZ3RzRZMHFkN0dCLWRzVlBwOUVJdTJyUTgxZXpVUTBDSURkNDJCUlNTT0M0dzdpZGh3aDkxT0tZRVd4eE0?oc=5\" target=\"_blank\" rel=\"nofollow noopener\">\u017dIV\u011a: N\u00e1v\u0161t\u011bva ministra Macinky na ministerstvu \u017eivotn\u00edho prost\u0159ed\u00ed<\/a>&nbsp;&nbsp;\u010cesk\u00e9 noviny<a href=\"https:\/\/news.google.com\/rss\/articles\/CBMiugFBVV95cUxQVUdEVV9iNm1oZ0JWSlE2R2tQYWVDbFNIcmRsLXBGSmZiSmlNY1NGOEdKR3htRkk1R2VjQkt2VkdyTkJLdTlsMHFtTG1iWmREZ0ljalBCLVFaajN2S0dsV2xMVU9mWlJxVkhGc0tHSUFhWDZ5c2FqUHRwYlhjclNYZGkyNUVWWndaVG80cHN0bThQcWtlUDZqNXlwNGRodVphNm1WaENNOTE4RUpJWHJ2RDg3MjJ6R2NjQ0E?oc=5\" target=\"_blank\" rel=\"nofollow noopener\">Vy\u0161et\u0159ov\u00e1n\u00ed Turkovy nehody je mi ukraden\u00e9, \u0159ekl Macinka. Chce ho zp\u00e1tky jako zmocn\u011bnce<\/a>&nbsp;&nbsp;CNN Prima NEWS<a href=\"https:\/\/news.google.com\/rss\/articles\/CBMinwFBVV95cUxQb2hqTUFReE4zQVZZUEdHQ09QV0xTWFFSMEQtN3pVTF9DLXRuMXFjcWZiYVlTVWpSNFd4OFNZNExURk5CSTIzZHA4eXNNeGZmZXJWMXpXTVgyNWRIZGMtU3F6d19EbFp5WFZXMzVkYmFnWlpBaGZsRUdobUN2T1phQzdOTmtjd3h2UVNkTlU0ODZjSUlmbUhzdk5YZF9JZ3M?oc=5\" target=\"_blank\" rel=\"nofollow noopener\">Macinka nav\u0161t\u00edv\u00ed ministerstvo \u017eivotn\u00edho prost\u0159ed\u00ed. Zaj\u00edm\u00e1 ho, jak se da\u0159\u00ed plnit program<\/a>&nbsp;&nbsp;R\u00e1dio Impuls<\/p>\n","protected":false},"excerpt":{"rendered":"Plat\u00ed, \u017ee Turek do vy\u0161et\u0159en\u00ed nehody zmocn\u011bncem nebude, \u0159ekl Babi\u0161 v Hav\u00ed\u0159ov\u011b&nbsp;&nbsp;iDNES.cz\u201eP\u0159est\u00e1v\u00e1 m\u011b to bavit.\u201c Macinka si p\u0159eje&hellip;\n","protected":false},"author":2,"featured_media":203103,"comment_status":"","ping_status":"","sticky":false,"template":"","format":"standard","meta":{"footnotes":"","_share_on_mastodon":"0"},"categories":[7],"tags":[266,43,42,41,40,743],"class_list":["post-203102","post","type-post","status-publish","format-standard","has-post-thumbnail","category-cesko","tag-andrej-babis","tag-ceska-republika","tag-cesko","tag-czech-republic","tag-czechia","tag-moravskoslezsky-kraj"],"share_on_mastodon":{"url":"https:\/\/pubeurope.com\/@cz\/117214458243868572","error":""},"_links":{"self":[{"href":"https:\/\/www.europesays.com\/cz\/wp-json\/wp\/v2\/posts\/203102","targetHints":{"allow":["GET"]}}],"collection":[{"href":"https:\/\/www.europesays.com\/cz\/wp-json\/wp\/v2\/posts"}],"about":[{"href":"https:\/\/www.europesays.com\/cz\/wp-json\/wp\/v2\/types\/post"}],"author":[{"embeddable":true,"href":"https:\/\/www.europesays.com\/cz\/wp-json\/wp\/v2\/users\/2"}],"replies":[{"embeddable":true,"href":"https:\/\/www.europesays.com\/cz\/wp-json\/wp\/v2\/comments?post=203102"}],"version-history":[{"count":0,"href":"https:\/\/www.europesays.com\/cz\/wp-json\/wp\/v2\/posts\/203102\/revisions"}],"wp:featuredmedia":[{"embeddable":true,"href":"https:\/\/www.europesays.com\/cz\/wp-json\/wp\/v2\/media\/203103"}],"wp:attachment":[{"href":"https:\/\/www.europesays.com\/cz\/wp-json\/wp\/v2\/media?parent=203102"}],"wp:term":[{"taxonomy":"category","embeddable":true,"href":"https:\/\/www.europesays.com\/cz\/wp-json\/wp\/v2\/categories?post=203102"},{"taxonomy":"post_tag","embeddable":true,"href":"https:\/\/www.europesays.com\/cz\/wp-json\/wp\/v2\/tags?post=203102"}],"curies":[{"name":"wp","href":"https:\/\/api.w.org\/{rel}","templated":true}]}}