{"id":203110,"date":"2026-09-04T19:44:08","date_gmt":"2026-09-04T19:44:08","guid":{"rendered":"https:\/\/www.europesays.com\/cz\/203110\/"},"modified":"2026-09-04T19:44:08","modified_gmt":"2026-09-04T19:44:08","slug":"norsko-chce-pomoci-rusum-kteri-uvazli-na-spicberkach-po-zadrzeni-lode-idnes-cz","status":"publish","type":"post","link":"https:\/\/www.europesays.com\/cz\/203110\/","title":{"rendered":"Norsko chce pomoci Rus\u016fm, kte\u0159\u00ed uv\u00e1zli na \u0160picberk\u00e1ch po zadr\u017een\u00ed lod\u011b &#8211; iDNES.cz"},"content":{"rendered":"<p><a href=\"https:\/\/news.google.com\/rss\/articles\/CBMisAFBVV95cUxPMFVnR0QwZExXTVFxUzc0WmhfYVhwNEpSYV9vb3NudTJVRG9qcF9pZExvZFFyZUNObVlUbUJLNlhNc0UxeERwR3pJVUZaYTVGaEtUa0V5ZlRSSm0wVHVZbzJESTFWVlJaMFFwY0NrcDlCTTBMVGd1REhaVi10bzY5ck43emJmWUpQZXVDczFlSERBVzlfY3ZnVVlwRVV0Y0txdDEydTN6QlFLZTI0VFpodA?oc=5\" target=\"_blank\" rel=\"nofollow noopener\">Norsko chce pomoci Rus\u016fm, kte\u0159\u00ed uv\u00e1zli na \u0160picberk\u00e1ch po zadr\u017een\u00ed lod\u011b<\/a>&nbsp;&nbsp;iDNES.cz<a href=\"https:\/\/news.google.com\/rss\/articles\/CBMizAFBVV95cUxPXzBxMTFMLW00Y2h1SmdMVk9UcjlkMWUtS1lYQUE0NVBZVUh4d2IyVVl4T0l4TkVXNXlhQW5aOE42OUc0RVpQYUNHaTFwSmltbVVyeWhIMzNqX2tEWFV3Zjd5TU1lbkJFZHg5RHRTekdNRDgzRDVnNDl5Tk44T2ltS0ttU1g1V1dtaHdxQmx6eTB2MEF3T2l3UGc5WEY0bTlkNzFZUE9zeDFYLUp0aGg4THFnUEVkdUpwSjRUbGhiR0MwbVFidk1xbzNubHc?oc=5\" target=\"_blank\" rel=\"nofollow noopener\">Pir\u00e1tstv\u00ed a bezpr\u00e1v\u00ed. Zadr\u017een\u00ed rusk\u00e9 lodi u \u0160picberk\u016f rozp\u00e1lilo Zacharovovou dob\u011bla<\/a>&nbsp;&nbsp;Novinky<a href=\"https:\/\/news.google.com\/rss\/articles\/CBMi0wFBVV95cUxNZ0xsTEtjbE0wT2JYdTA1QXZ3cjM2UkxidUVSSTBvZ0Y3RVhULWJoNkJOcVpJT0steXdaMURyVTZYSEFuMWFBX2RiNXlkOWdzUkNkcUhhQmluYU1vS0U4ZWpKbjQ5eEFTZWE2QjlGc0Q5R3pVQzBES1BPUFJMRUJDSTQ5ZTN0Qlg5c0dacGhIbFFJdW92VzdOLXRKQ2g4QnZmb0l0ZVlqVDI2NUU3Y2k0Rk1ZNFJnY1dEbGpfeDQ1d2tVOHFnRkJEM0IwdW1sWUtGbmxz?oc=5\" target=\"_blank\" rel=\"nofollow noopener\">Norsko pom\u016f\u017ee Rus\u016fm, kte\u0159\u00ed uv\u00e1zli na \u0160picberk\u00e1ch po zadr\u017een\u00ed lod\u011b<\/a>&nbsp;&nbsp;Aktu\u00e1ln\u011b.cz<a href=\"https:\/\/news.google.com\/rss\/articles\/CBMizAFBVV95cUxQOUZmNzVzYTBwZ3B1UnNtdEMyN0RPUUIybEZWcE51NlptdEFjQUYwMmpzbldMYkZOVmRrRGppcjJ3bTJrZzVmbmw3SnZfSDRicktqRDk0YjdMWTJjTWZwVU9PdFFqdlBjY3drOXN4SHhkV3F6T1M3UmNzSnBDZVBCS1pTUklpRGFPb2ZDTUQtc1I3c28ya053cXpwUzVFUjRydDJjbWFnWmh4YlRZVkpmcjlMLS1OanZidjA2ek9zMHU4OUdNS20taEFmYzQ?oc=5\" target=\"_blank\" rel=\"nofollow noopener\">Spor Moskvy s Kyjevem dorazil a\u017e na \u0160picberky. Norsko zadr\u017eelo ruskou v\u00fdzkumnou lo\u010f<\/a>&nbsp;&nbsp;iDNES.cz<a href=\"https:\/\/news.google.com\/rss\/articles\/CBMiqwFBVV95cUxPNnA0OEFfQ3Bhbl91TE12U1owREFvSWNoc2dRNTdaYng4YlM3Q000UzVwbnZqQlozSzFLaXVfQW5Rc2Q0TU5XTENXNnNBWDZuSXFlWktPdWRQVmZuM3FuQnBrdmVfNzl2NzIwdGpYcnpqanJjZmdlbHYxblRJbDZQR3FDanNBa0Z2eXRHd2JDTzExMTBaZmRDOGttX2xsT21YZUZfcjRMOUlLWjg?oc=5\" target=\"_blank\" rel=\"nofollow noopener\">\u201eNebu\u010fte rusk\u00e9ho medv\u011bda.\u201c Moskva kv\u016fli zabaven\u00e9 lodi vyhro\u017euje Norsku Severn\u00ed flotilou<\/a>&nbsp;&nbsp;forum 24<\/p>\n","protected":false},"excerpt":{"rendered":"Norsko chce pomoci Rus\u016fm, kte\u0159\u00ed uv\u00e1zli na \u0160picberk\u00e1ch po zadr\u017een\u00ed lod\u011b&nbsp;&nbsp;iDNES.czPir\u00e1tstv\u00ed a bezpr\u00e1v\u00ed. Zadr\u017een\u00ed rusk\u00e9 lodi u \u0160picberk\u016f&hellip;\n","protected":false},"author":2,"featured_media":203111,"comment_status":"","ping_status":"","sticky":false,"template":"","format":"standard","meta":{"footnotes":"","_share_on_mastodon":"0"},"categories":[11],"tags":[3065,61,54,110,53,52],"class_list":["post-203110","post","type-post","status-publish","format-standard","has-post-thumbnail","category-svet","tag-norsko","tag-rusko","tag-svet","tag-ukrajina","tag-world","tag-world-news"],"share_on_mastodon":{"url":"https:\/\/pubeurope.com\/@cz\/117214489594096118","error":""},"_links":{"self":[{"href":"https:\/\/www.europesays.com\/cz\/wp-json\/wp\/v2\/posts\/203110","targetHints":{"allow":["GET"]}}],"collection":[{"href":"https:\/\/www.europesays.com\/cz\/wp-json\/wp\/v2\/posts"}],"about":[{"href":"https:\/\/www.europesays.com\/cz\/wp-json\/wp\/v2\/types\/post"}],"author":[{"embeddable":true,"href":"https:\/\/www.europesays.com\/cz\/wp-json\/wp\/v2\/users\/2"}],"replies":[{"embeddable":true,"href":"https:\/\/www.europesays.com\/cz\/wp-json\/wp\/v2\/comments?post=203110"}],"version-history":[{"count":0,"href":"https:\/\/www.europesays.com\/cz\/wp-json\/wp\/v2\/posts\/203110\/revisions"}],"wp:featuredmedia":[{"embeddable":true,"href":"https:\/\/www.europesays.com\/cz\/wp-json\/wp\/v2\/media\/203111"}],"wp:attachment":[{"href":"https:\/\/www.europesays.com\/cz\/wp-json\/wp\/v2\/media?parent=203110"}],"wp:term":[{"taxonomy":"category","embeddable":true,"href":"https:\/\/www.europesays.com\/cz\/wp-json\/wp\/v2\/categories?post=203110"},{"taxonomy":"post_tag","embeddable":true,"href":"https:\/\/www.europesays.com\/cz\/wp-json\/wp\/v2\/tags?post=203110"}],"curies":[{"name":"wp","href":"https:\/\/api.w.org\/{rel}","templated":true}]}}