{"id":203124,"date":"2026-09-04T19:54:23","date_gmt":"2026-09-04T19:54:23","guid":{"rendered":"https:\/\/www.europesays.com\/cz\/203124\/"},"modified":"2026-09-04T19:54:23","modified_gmt":"2026-09-04T19:54:23","slug":"babis-slavi-72-narozeniny-v-predvecer-vyvedl-moniku","status":"publish","type":"post","link":"https:\/\/www.europesays.com\/cz\/203124\/","title":{"rendered":"Babi\u0161 slav\u00ed 72. narozeniny! V p\u0159edve\u010der vyvedl Moniku"},"content":{"rendered":"<p>\u201eS Monikou jsme v\u010dera moc r\u00e1di p\u0159ijali pozv\u00e1n\u00ed na zahajovac\u00ed koncert \u010cesk\u00e9 filharmonie. Byl to kr\u00e1sn\u00fd ve\u010der a fantastick\u00fd z\u00e1\u017eitek jako v\u017edy,\u201c napsal v \u00fater\u00fd na sv\u00e9 soci\u00e1ln\u00ed s\u00edt\u011b <a class=\"celebrity celebwiki\" href=\"https:\/\/celebwiki.blesk.cz\/osobnost\/2367\/andrej-babis\/\" target=\"_blank\" rel=\"nofollow noopener\">Babi\u0161<\/a>. <a class=\"celebrity celebwiki\" href=\"https:\/\/celebwiki.blesk.cz\/osobnost\/2368\/monika-babisova\/\" target=\"_blank\" rel=\"nofollow noopener\">Monika Babi\u0161ov\u00e1<\/a> na slavnostn\u00ed akci zaz\u00e1\u0159ila v pastelov\u011b \u017elut\u00fdch \u0161atech, kter\u00e9 doplnila zlat\u00fdmi n\u00e1u\u0161nicemi.<\/p>\n<p style=\"text-align: center;\">Babi\u0161 se fotil v Pr\u016fhonic\u00edch. Jeho &#8222;zrzka&#8220; Zicklerov\u00e1 uk\u00e1zala pohled ze z\u00e1kulis\u00ed<\/p>\n<p>Premi\u00e9r zvolil elegantn\u00ed smoking s \u010dern\u00fdm mot\u00fdlkem, jak dresscode na obdobn\u00e9 slavnostn\u00ed ud\u00e1losti vel\u00ed. Kr\u00e1tce p\u0159ed narozeninami se po boku p\u0159edsedy vl\u00e1dy objevila na ve\u0159ejnosti i jeho dcera Vivien (26). Premi\u00e9r svou jedinou dceru vyvedl na pra\u017eskou slavnostn\u00ed recepci k 81. v\u00fdro\u010d\u00ed st\u00e1tnosti ve Vietnamu.<\/p>\n<p style=\"text-align: center;\">Babi\u0161 se radoval z de\u0161t\u011b v Praze. Na vl\u00e1d\u011b zasedne koalice proti suchu<\/p>\n","protected":false},"excerpt":{"rendered":"\u201eS Monikou jsme v\u010dera moc r\u00e1di p\u0159ijali pozv\u00e1n\u00ed na zahajovac\u00ed koncert \u010cesk\u00e9 filharmonie. Byl to kr\u00e1sn\u00fd ve\u010der a&hellip;\n","protected":false},"author":2,"featured_media":203125,"comment_status":"","ping_status":"","sticky":false,"template":"","format":"standard","meta":{"footnotes":"","_share_on_mastodon":"0"},"categories":[7],"tags":[266,43,42,41,40,46293,8501,2241,21707,163],"class_list":["post-203124","post","type-post","status-publish","format-standard","has-post-thumbnail","category-cesko","tag-andrej-babis","tag-ceska-republika","tag-cesko","tag-czech-republic","tag-czechia","tag-filharmonie","tag-monika-babisova","tag-narozeniny","tag-rudolfinum","tag-zhave-drby"],"share_on_mastodon":{"url":"https:\/\/pubeurope.com\/@cz\/117214528548743964","error":""},"_links":{"self":[{"href":"https:\/\/www.europesays.com\/cz\/wp-json\/wp\/v2\/posts\/203124","targetHints":{"allow":["GET"]}}],"collection":[{"href":"https:\/\/www.europesays.com\/cz\/wp-json\/wp\/v2\/posts"}],"about":[{"href":"https:\/\/www.europesays.com\/cz\/wp-json\/wp\/v2\/types\/post"}],"author":[{"embeddable":true,"href":"https:\/\/www.europesays.com\/cz\/wp-json\/wp\/v2\/users\/2"}],"replies":[{"embeddable":true,"href":"https:\/\/www.europesays.com\/cz\/wp-json\/wp\/v2\/comments?post=203124"}],"version-history":[{"count":0,"href":"https:\/\/www.europesays.com\/cz\/wp-json\/wp\/v2\/posts\/203124\/revisions"}],"wp:featuredmedia":[{"embeddable":true,"href":"https:\/\/www.europesays.com\/cz\/wp-json\/wp\/v2\/media\/203125"}],"wp:attachment":[{"href":"https:\/\/www.europesays.com\/cz\/wp-json\/wp\/v2\/media?parent=203124"}],"wp:term":[{"taxonomy":"category","embeddable":true,"href":"https:\/\/www.europesays.com\/cz\/wp-json\/wp\/v2\/categories?post=203124"},{"taxonomy":"post_tag","embeddable":true,"href":"https:\/\/www.europesays.com\/cz\/wp-json\/wp\/v2\/tags?post=203124"}],"curies":[{"name":"wp","href":"https:\/\/api.w.org\/{rel}","templated":true}]}}