{"id":203152,"date":"2026-09-04T20:27:14","date_gmt":"2026-09-04T20:27:14","guid":{"rendered":"https:\/\/www.europesays.com\/cz\/203152\/"},"modified":"2026-09-04T20:27:14","modified_gmt":"2026-09-04T20:27:14","slug":"vysledky-voleb-v-nemecku-ulrich-siegmund-miri-k-kreslu-premiera","status":"publish","type":"post","link":"https:\/\/www.europesays.com\/cz\/203152\/","title":{"rendered":"V\u00fdsledky voleb v N\u011bmecku: Ulrich Siegmund m\u00ed\u0159\u00ed k k\u0159eslu premi\u00e9ra"},"content":{"rendered":"<p data-path-to-node=\"3\">V ned\u011bli 6. z\u00e1\u0159\u00ed 2026 se v Sasku-Anhaltsku konaj\u00ed zemsk\u00e9 volby. Ob\u010dan\u00e9 v nich rozhodnou o nov\u00e9m slo\u017een\u00ed zemsk\u00e9ho sn\u011bmu s\u00eddl\u00edc\u00edho v Magdeburku. Kl\u00ed\u010dov\u00e9 hlasov\u00e1n\u00ed ve spolkov\u00e9 zemi na v\u00fdchod\u011b N\u011bmecka, kter\u00e1 m\u00e1 p\u0159ibli\u017en\u011b 2,1 milionu obyvatel, p\u0159itahuje mimo\u0159\u00e1dnou pozornost cel\u00e9 Evropy.<\/p>\n<p data-path-to-node=\"4\">Poprv\u00e9 od druh\u00e9 sv\u011btov\u00e9 v\u00e1lky by toti\u017e mohla krajn\u011b pravicov\u00e1 <a href=\"https:\/\/www.e15.cz\/zahranicni\/geopolitika\/afd-miri-k-prvnimu-premierovi-v-dejinach-nikdo-sem-uz-neprijde-stavet-tovarnu-varuje-merz-1435421\" rel=\"nofollow noopener\" target=\"_blank\">Alternativa pro N\u011bmecko<\/a> (AfD) z\u00edskat v\u011bt\u0161inu mand\u00e1t\u016f a sestavit jednobarevnou vl\u00e1du. Jej\u00ed zemsk\u00fd l\u00eddr Ulrich Siegmund by se tak stal prvn\u00edm zemsk\u00fdm premi\u00e9rem za AfD v historii. V\u0161echny ostatn\u00ed politick\u00e9 strany s n\u00ed p\u0159itom dlouhodob\u011b jakoukoli koali\u010dn\u00ed spolupr\u00e1ci odm\u00edtaj\u00ed.<\/p>\n<p>Z\u00e1kladn\u00ed fakta<\/p>\n<p data-path-to-node=\"6,0,0\">Term\u00edn: 6. z\u00e1\u0159\u00ed 2026<\/p>\n<p data-path-to-node=\"6,1,0\">M\u00edsto: Sasko-Anhaltsko (N\u011bmecko)<\/p>\n<p data-path-to-node=\"6,1,0\">Volebn\u00ed obdob\u00ed: p\u011bt let<\/p>\n<p data-path-to-node=\"6,3,0\">Po\u010det obyvatel: cca 2,1 milionu (Magdeburg: 240 tis\u00edc, Halle: 220 tis\u00edc)<\/p>\n<p>Volebn\u00ed syst\u00e9m: Jak se vol\u00ed do zemsk\u00e9ho sn\u011bmu?<\/p>\n<p data-path-to-node=\"9\">Volebn\u00ed syst\u00e9m vyu\u017e\u00edv\u00e1 personalizovan\u00fd pom\u011brn\u00fd syst\u00e9m, kter\u00fd je obdobn\u00fd volb\u00e1m do celon\u011bmeck\u00e9ho Spolkov\u00e9ho sn\u011bmu. Voli\u010di maj\u00ed k dispozici dva hlasy:<\/p>\n<p data-path-to-node=\"10,0,0\">Prvn\u00ed hlas (p\u0159\u00edm\u00e1 volba): Slou\u017e\u00ed k volb\u011b konkr\u00e9tn\u00edho kandid\u00e1ta v jednom ze 41 jednokolov\u00fdch obvod\u016f. Vyhr\u00e1v\u00e1 kandid\u00e1t s nejvy\u0161\u0161\u00edm po\u010dtem hlas\u016f.<\/p>\n<p data-path-to-node=\"10,1,0\">Druh\u00fd hlas (stranick\u00e1 kandid\u00e1tka): Odevzd\u00e1v\u00e1 se pro celozemskou kandid\u00e1tku strany. Tento hlas je z\u00e1sadn\u00ed, proto\u017ee ur\u010duje celkov\u00fd pom\u011br sil a definitivn\u00ed po\u010det k\u0159esel pro jednotliv\u00e1 uskupen\u00ed.<\/p>\n<p>Hlavn\u00ed parametry a p\u0159epo\u010det mand\u00e1t\u016f:<\/p>\n<p data-path-to-node=\"12,0,0\">Z\u00e1kladn\u00ed velikost parlamentu: Nejm\u00e9n\u011b 83 poslanc\u016f (41 p\u0159\u00edm\u00fdch mand\u00e1t\u016f z obvod\u016f a minim\u00e1ln\u011b 42 dopl\u0148ovan\u00fdch ze stranick\u00fdch kandid\u00e1tek).<\/p>\n<p data-path-to-node=\"12,1,0\">P\u0159epo\u010det hlas\u016f: Pro rozd\u011blen\u00ed mand\u00e1t\u016f podle druh\u00fdch hlas\u016f se pou\u017e\u00edv\u00e1 Hare-Niemeyerova metoda.<\/p>\n<p data-path-to-node=\"12,1,0\">Volebn\u00ed klauzule: Pro vstup do parlamentu z pom\u011brn\u00e9 \u010d\u00e1sti mus\u00ed strana z\u00edskat minim\u00e1ln\u011b 5 procent druh\u00fdch hlas\u016f.<\/p>\n<p data-path-to-node=\"12,3,0\">P\u0159evisl\u00e9 a vyrovn\u00e1vac\u00ed mand\u00e1ty: Pokud strana z\u00edsk\u00e1 v obvodech v\u00edce p\u0159\u00edm\u00fdch mand\u00e1t\u016f, ne\u017e kolik j\u00ed propor\u010dn\u011b n\u00e1le\u017e\u00ed podle druh\u00fdch hlas\u016f, mand\u00e1ty si ponech\u00e1 (p\u0159evisl\u00e9 mand\u00e1ty). Ostatn\u00edm stran\u00e1m se n\u00e1sledn\u011b p\u0159id\u011bl\u00ed vyrovn\u00e1vac\u00ed mand\u00e1ty, aby byl zachov\u00e1n pom\u011brn\u00fd v\u00fdsledek. Po\u010det poslanc\u016f se tak m\u016f\u017ee nav\u00fd\u0161it (nap\u0159. v roce 2021 m\u011bl sn\u011bm 97 poslanc\u016f).<\/p>\n<p>P\u0159edvolebn\u00ed pr\u016fzkumy: Drtiv\u00fd n\u00e1skok AfD<\/p>\n<p data-path-to-node=\"15\">Podle pr\u016fzkumu agentury INSA sm\u011b\u0159uje k dominanci AfD, jej\u00ed\u017e m\u00edstn\u00ed organizaci p\u0159itom zemsk\u00e1 tajn\u00e1 slu\u017eba od roku 2023 vede jako prokazateln\u011b pravicov\u011b extremistickou:<\/p>\n<p>AfD: 43 %CDU: 22 %Levice (Die Linke): 12 %SPD: 7 %Zelen\u00ed: 5 %<\/p>\n<p data-path-to-node=\"17\">Ostatn\u00ed strany by nedos\u00e1hly na p\u011btiprocentn\u00ed hranici. Pro srovn\u00e1n\u00ed: v roce 2021 vyhr\u00e1la CDU se 37,1 procenta hlas\u016f, zat\u00edmco AfD obdr\u017eela 20,8 procenta.<\/p>\n<p data-path-to-node=\"18\">Skl\u00e1d\u00e1n\u00ed vl\u00e1dy: V \u00favahu p\u0159ipad\u00e1 bu\u010f jednobarevn\u00e1 vl\u00e1da AfD (pokud z\u00edsk\u00e1 v\u011bt\u0161inu k\u0159esel), nebo koalice CDU, SPD a Zelen\u00fdch, kter\u00e1 by si v\u0161ak z\u0159ejm\u011b musela zajistit podporu opozi\u010dn\u00ed Levice.<\/p>\n<p>Volby v Meklenbursku-P\u0159edn\u00edm Pomo\u0159ansku a Berl\u00edn\u011b<\/p>\n<p data-path-to-node=\"21\">Volebn\u00ed maraton na <a href=\"https:\/\/www.bundestag.de\/parlament\/wahlen\/wahltermine\/wahltermine-473070\" rel=\"nofollow noopener\" target=\"_blank\">v\u00fdchod\u011b N\u011bmecka<\/a> pokra\u010duje 20. z\u00e1\u0159\u00ed 2026:<\/p>\n<p>Meklenbursko-P\u0159edn\u00ed Pomo\u0159ansko: Podle pr\u016fzkumu agentury Forsa vede AfD s 37 procenty, n\u00e1sledovan\u00e1 SPD (28 procent), Levic\u00ed (11 procent), CDU (10 procent) a Zelen\u00fdmi (5 procent). Vstup AfD do vl\u00e1dy je zde nepravd\u011bpodobn\u00fd, sestavov\u00e1n\u00ed koalice ale v\u00fdrazn\u011b zkomplikuje fakt, \u017ee CDU odm\u00edt\u00e1 spolupr\u00e1ci s Levic\u00ed.Berl\u00edn: Podle agentury Civey se o\u010dek\u00e1v\u00e1 vyrovnan\u00fd souboj. Vede Levice (20 procent), t\u011bsn\u011b p\u0159ed CDU (19 procent), AfD (18 procent), Zelen\u00fdmi (15 procent) a SPD (13 procent). V \u00favahu zde p\u0159ich\u00e1z\u00ed koalice CDU, SPD a Zelen\u00ed nebo Levice, SPD a Zelen\u00ed.<\/p>\n","protected":false},"excerpt":{"rendered":"V ned\u011bli 6. z\u00e1\u0159\u00ed 2026 se v Sasku-Anhaltsku konaj\u00ed zemsk\u00e9 volby. Ob\u010dan\u00e9 v nich rozhodnou o nov\u00e9m slo\u017een\u00ed&hellip;\n","protected":false},"author":2,"featured_media":203153,"comment_status":"","ping_status":"","sticky":false,"template":"","format":"standard","meta":{"footnotes":"","_share_on_mastodon":"0"},"categories":[11],"tags":[38177,4125,5303,46297,375,1005,12664,46296,54,964,959,53,52],"class_list":["post-203152","post","type-post","status-publish","format-standard","has-post-thumbnail","category-svet","tag-alternativa-pro-nemecko","tag-berlin","tag-koalice","tag-magdeburk","tag-nemecko","tag-pruzkum","tag-sasko-anhaltsko","tag-socialnedemokraticka-strana-nemecka","tag-svet","tag-vlada","tag-volby","tag-world","tag-world-news"],"share_on_mastodon":{"url":"https:\/\/pubeurope.com\/@cz\/117214658219529998","error":""},"_links":{"self":[{"href":"https:\/\/www.europesays.com\/cz\/wp-json\/wp\/v2\/posts\/203152","targetHints":{"allow":["GET"]}}],"collection":[{"href":"https:\/\/www.europesays.com\/cz\/wp-json\/wp\/v2\/posts"}],"about":[{"href":"https:\/\/www.europesays.com\/cz\/wp-json\/wp\/v2\/types\/post"}],"author":[{"embeddable":true,"href":"https:\/\/www.europesays.com\/cz\/wp-json\/wp\/v2\/users\/2"}],"replies":[{"embeddable":true,"href":"https:\/\/www.europesays.com\/cz\/wp-json\/wp\/v2\/comments?post=203152"}],"version-history":[{"count":0,"href":"https:\/\/www.europesays.com\/cz\/wp-json\/wp\/v2\/posts\/203152\/revisions"}],"wp:featuredmedia":[{"embeddable":true,"href":"https:\/\/www.europesays.com\/cz\/wp-json\/wp\/v2\/media\/203153"}],"wp:attachment":[{"href":"https:\/\/www.europesays.com\/cz\/wp-json\/wp\/v2\/media?parent=203152"}],"wp:term":[{"taxonomy":"category","embeddable":true,"href":"https:\/\/www.europesays.com\/cz\/wp-json\/wp\/v2\/categories?post=203152"},{"taxonomy":"post_tag","embeddable":true,"href":"https:\/\/www.europesays.com\/cz\/wp-json\/wp\/v2\/tags?post=203152"}],"curies":[{"name":"wp","href":"https:\/\/api.w.org\/{rel}","templated":true}]}}