{"id":203162,"date":"2026-09-04T20:43:09","date_gmt":"2026-09-04T20:43:09","guid":{"rendered":"https:\/\/www.europesays.com\/cz\/203162\/"},"modified":"2026-09-04T20:43:09","modified_gmt":"2026-09-04T20:43:09","slug":"praha-hosti-svetovy-zubarsky-kongres-na-stole-je-zdaneni-cukru-i-budoucnost-fluoridu","status":"publish","type":"post","link":"https:\/\/www.europesays.com\/cz\/203162\/","title":{"rendered":"Praha host\u00ed sv\u011btov\u00fd zuba\u0159sk\u00fd kongres. Na stole je zdan\u011bn\u00ed cukru i budoucnost fluoridu"},"content":{"rendered":"<p>Praha se stala d\u011bji\u0161t\u011bm sv\u011btov\u00e9ho stomatologick\u00e9ho kongresu, kter\u00fd sdru\u017eil p\u0159es \u0161est tis\u00edc odborn\u00edk\u016f z cel\u00e9ho sv\u011bta. Mezi kl\u00ed\u010dov\u00e1 t\u00e9mata pat\u0159\u00ed vy\u0161\u0161\u00ed zdan\u011bn\u00ed cukru, pou\u017e\u00edv\u00e1n\u00ed fluoridu v pitn\u00e9 vod\u011b a soli nebo antibiotick\u00e1 rezistence. V\u00fdstupy z jedn\u00e1n\u00ed p\u0159itom nejsou jen akademick\u00e9, podle prezidenta \u010cesk\u00e9 stomatologick\u00e9 komory Romana \u0160muclera se doporu\u010den\u00ed parlamentu Sv\u011btov\u00e9 stomatologick\u00e9 federace (FDI) po n\u011bkolika letech b\u011b\u017en\u011b prom\u00edtaj\u00ed do evropsk\u00e9 legislativy, a skrze ni i do n\u00e1rodn\u00edch pr\u00e1vn\u00edch \u0159\u00e1d\u016f.<\/p>\n<p>T\u00e9ma cukru \u0160mucler ozna\u010dil za obecn\u00fd medic\u00ednsk\u00fd probl\u00e9m p\u0159esahuj\u00edc\u00ed stomatologii. N\u00e1vrhy na zdan\u011bn\u00ed sladkost\u00ed a slazen\u00fdch n\u00e1poj\u016f zazn\u00edvaj\u00ed v souvislosti s rostouc\u00ed obezitou i v \u010cesku. Podobn\u011b \u017eiv\u00e1 je debata o fluoridu, kter\u00fd m\u00e1 prokazateln\u011b pozitivn\u00ed vliv na zubn\u00ed sklovinu a p\u0159id\u00e1v\u00e1 se do pitn\u00e9 vody nebo soli. Federace FDI jeho pou\u017e\u00edv\u00e1n\u00ed jednozna\u010dn\u011b podporuje, p\u0159i\u010dem\u017e v USA se ot\u00e1zka jeho dal\u0161\u00edho vyu\u017e\u00edv\u00e1n\u00ed v sou\u010dasnosti aktivn\u011b \u0159e\u0161\u00ed.<\/p>\n<p>President FDI Nikolaj \u0160arkov p\u0159ipomn\u011bl alarmuj\u00edc\u00ed glob\u00e1ln\u00ed data: nemoci \u00fastn\u00ed dutiny tr\u00e1p\u00ed t\u00e9m\u011b\u0159 polovinu sv\u011btov\u00e9 populace, p\u0159i\u010dem\u017e dv\u011b a p\u016fl miliardy lid\u00ed \u017eije s neo\u0161et\u0159en\u00fdm zubn\u00edm kazem a jeho komplikacemi. Nejh\u016f\u0159e na tom jsou obyvatel\u00e9 venkovsk\u00fdch a odlehl\u00fdch oblast\u00ed a n\u00edzkop\u0159\u00edjmov\u00e9 skupiny.<\/p>\n<p>\u010cesk\u00e1 republika si v mezin\u00e1rodn\u00edm srovn\u00e1n\u00ed vede nadpr\u016fm\u011brn\u011b. \u0160mucler ji za\u0159adil mezi p\u011bt zem\u00ed, je\u017e sv\u00fdm ob\u010dan\u016fm poskytuj\u00ed v\u00fdjime\u010dnou zubn\u00ed p\u00e9\u010di i jej\u00ed finan\u010dn\u00ed kryt\u00ed. Vedle \u010cR jde o Lucembursko, N\u011bmecko, Rakousko a Chorvatsko. Ministr zdravotnictv\u00ed Adam Vojt\u011bch na \u00favod kongresu zd\u016fraznil z\u00e1m\u011br posilovat prevenci zejm\u00e9na u d\u011bt\u00ed a dosp\u00edvaj\u00edc\u00edch a z\u00e1rove\u0148 zajistit dostupnost modern\u00edch l\u00e9\u010debn\u00fdch postup\u016f pro v\u0161echny.<\/p>\n<p>Kongres se v\u011bnuje tak\u00e9 vyu\u017eit\u00ed um\u011bl\u00e9 inteligence a jej\u00edm etick\u00fdm aspekt\u016fm. Celkem je p\u0159ipraveno v\u00edce ne\u017e 1500 v\u011bdeck\u00fdch p\u0159\u00edsp\u011bvk\u016f. \u0160mucler ozna\u010dil pra\u017esk\u00e9 setk\u00e1n\u00ed za potenci\u00e1ln\u00ed p\u0159ed\u011bl mezi tradi\u010dn\u00edm p\u0159\u00edstupem \u201evyvrtat a zaplnit&#8220; a modern\u00ed stomatologi\u00ed zam\u011b\u0159enou na celo\u017eivotn\u00ed zachov\u00e1n\u00ed zdrav\u00fdch zub\u016f.<\/p>\n<p>Zdroj: autorsk\u00fd text \/ \u010cTK<\/p>\n","protected":false},"excerpt":{"rendered":"Praha se stala d\u011bji\u0161t\u011bm sv\u011btov\u00e9ho stomatologick\u00e9ho kongresu, kter\u00fd sdru\u017eil p\u0159es \u0161est tis\u00edc odborn\u00edk\u016f z cel\u00e9ho sv\u011bta. Mezi kl\u00ed\u010dov\u00e1&hellip;\n","protected":false},"author":2,"featured_media":203163,"comment_status":"","ping_status":"","sticky":false,"template":"","format":"standard","meta":{"footnotes":"","_share_on_mastodon":"0"},"categories":[30],"tags":[98,99],"class_list":["post-203162","post","type-post","status-publish","format-standard","has-post-thumbnail","category-praha","tag-prague","tag-praha"],"share_on_mastodon":{"url":"https:\/\/pubeurope.com\/@cz\/117214721332256944","error":""},"_links":{"self":[{"href":"https:\/\/www.europesays.com\/cz\/wp-json\/wp\/v2\/posts\/203162","targetHints":{"allow":["GET"]}}],"collection":[{"href":"https:\/\/www.europesays.com\/cz\/wp-json\/wp\/v2\/posts"}],"about":[{"href":"https:\/\/www.europesays.com\/cz\/wp-json\/wp\/v2\/types\/post"}],"author":[{"embeddable":true,"href":"https:\/\/www.europesays.com\/cz\/wp-json\/wp\/v2\/users\/2"}],"replies":[{"embeddable":true,"href":"https:\/\/www.europesays.com\/cz\/wp-json\/wp\/v2\/comments?post=203162"}],"version-history":[{"count":0,"href":"https:\/\/www.europesays.com\/cz\/wp-json\/wp\/v2\/posts\/203162\/revisions"}],"wp:featuredmedia":[{"embeddable":true,"href":"https:\/\/www.europesays.com\/cz\/wp-json\/wp\/v2\/media\/203163"}],"wp:attachment":[{"href":"https:\/\/www.europesays.com\/cz\/wp-json\/wp\/v2\/media?parent=203162"}],"wp:term":[{"taxonomy":"category","embeddable":true,"href":"https:\/\/www.europesays.com\/cz\/wp-json\/wp\/v2\/categories?post=203162"},{"taxonomy":"post_tag","embeddable":true,"href":"https:\/\/www.europesays.com\/cz\/wp-json\/wp\/v2\/tags?post=203162"}],"curies":[{"name":"wp","href":"https:\/\/api.w.org\/{rel}","templated":true}]}}