{"id":203166,"date":"2026-09-04T20:48:11","date_gmt":"2026-09-04T20:48:11","guid":{"rendered":"https:\/\/www.europesays.com\/cz\/203166\/"},"modified":"2026-09-04T20:48:11","modified_gmt":"2026-09-04T20:48:11","slug":"putin-nechce-zautocit-na-zeme-nato-prohlasil-trump-idnes-cz","status":"publish","type":"post","link":"https:\/\/www.europesays.com\/cz\/203166\/","title":{"rendered":"Putin nechce za\u00fato\u010dit na zem\u011b NATO, prohl\u00e1sil Trump &#8211; iDNES.cz"},"content":{"rendered":"<p><a href=\"https:\/\/news.google.com\/rss\/articles\/CBMi0AFBVV95cUxOVElWVkx5OTh3VWdoYzEtWlF1SnpMMklNVm5ud2hsMjVjWWpaeGkxRmdra1ZaREJTSWtCVl9VZmZVaXhXVHpQaE1NM2t2QkZlSHVPN3FoSHYxSkFFNDJOQUhLSjlKYXZUZjEwZG1rTmlRbkNfX244cVg4NjZURFNaOHFsMXlNV3lDY0N1UXRSeEZiVTNQQUtjb29CTTZHd3VGNEl5SFN0am1FR0p0aUZwUzBKU3FLNjZMUTlCd2Yzd09NaUU2QVZKeE5DNERTRUl1?oc=5\" target=\"_blank\" rel=\"nofollow noopener\">Putin nechce za\u00fato\u010dit na zem\u011b NATO, prohl\u00e1sil Trump<\/a>&nbsp;&nbsp;iDNES.cz<a href=\"https:\/\/news.google.com\/rss\/articles\/CBMiygFBVV95cUxObDFhZmZLTHV2Vk9UX2ViaGE0Z2o0Tl91b0R4TGtPbGNHTzNoeHpFU2lyUXhJcUdPQksxdW5WYTNVMk9POF92Sk9VS25Gb09weVRuWlRRU19JX21Zemk0ZzBLVlZqcnVVVWVUamRPOVk5clk4MXdocWR1OUxBdmtKQ2c2UFRUbjlSYWg3WlN2RzJVeFBJN2didThZaTZlcDBrX1UtQjExdzhTV05raHdoeFlzZjZtMXFLcXJZc2dKenhBMEp2WkhFRENn?oc=5\" target=\"_blank\" rel=\"nofollow noopener\">Cesta americk\u00fdch vyjednava\u010d\u016f do Kyjeva ohro\u017eena. Witkoff se boj\u00ed, p\u00ed\u0161e list<\/a>&nbsp;&nbsp;Novinky<a href=\"https:\/\/news.google.com\/rss\/articles\/CBMiwgFBVV95cUxOSVJYemxKcHVVR2RkZWRrV0F3V1ByUHlyTWU4Z1l4Nk9oSE5MOHg4N1JjUVhTajFEeUhpS21pOUZzMjQ5REU2bzhmVEtVYXF3RHMxWDRuQkxMaWpLVlRfdDV5R2paNEpKRzJrdHlqdlNqb2R2ejBuUThRcUxudFE3ZzM1M21fOFJGb0o3Q05zNEl6NFpSRkEwcUp6N1dqOU52R1FBamxXVlFhdFhvV2gxY0kxNlpYcEpCeC1PaWNhZi1FUQ?oc=5\" target=\"_blank\" rel=\"nofollow noopener\">Putin podle Trumpa na NATO za\u00fato\u010dit nechce. Witkof&#8230;<\/a>&nbsp;&nbsp;forum 24<a href=\"https:\/\/news.google.com\/rss\/articles\/CBMixgFBVV95cUxOSzlRbmlPckdCZ3FnX0drRkE4OXlaT2YwaDJuYV90VTVMeC0zOF9WTlltQ25LS21XMGIyMW5wNnZFUDQwd19hczV2QXBZRG1MX3cybUVTcnhEVjZPcGRZamNVY05EeWhfc3BsdEh3NFNXWllyNXhDWGJXSG1iMU1aUHZULVczMTdzSWRLN05PdnZBalZCdm04V21TeTZpRmJjTW5iYkpWMzZCeFE3SG8wX2o4eEdtMGJ3MUxqQjhMM2NrLU9oMmc?oc=5\" target=\"_blank\" rel=\"nofollow noopener\">Vyjednava\u010di USA Witkoff a Kushner nav\u0161t\u00edv\u00ed o v\u00edkendu Moskvu i Kyjev<\/a>&nbsp;&nbsp;Seznam Zpr\u00e1vy<a href=\"https:\/\/news.google.com\/rss\/articles\/CBMiSEFVX3lxTFBzWW5pNlY2QlY2LWFIeUJrWEVxTjM2WlM5SEhHQVMtT1Jpa2ZQODQwa1BQYjVZQU14T2dqQmhyMGNkel9UMU5CSA?oc=5\" target=\"_blank\" rel=\"nofollow noopener\">Ukrajina zajist\u00ed bezpe\u010dnost rusk\u00e9ho vzdu\u0161n\u00e9ho prostoru p\u0159i n\u00e1v\u0161t\u011bv\u011b americk\u00fdch vyjedn\u00e1va\u010d\u016f v Moskv\u011b<\/a>&nbsp;&nbsp;Den\u00edk N<\/p>\n","protected":false},"excerpt":{"rendered":"Putin nechce za\u00fato\u010dit na zem\u011b NATO, prohl\u00e1sil Trump&nbsp;&nbsp;iDNES.czCesta americk\u00fdch vyjednava\u010d\u016f do Kyjeva ohro\u017eena. Witkoff se boj\u00ed, p\u00ed\u0161e list&nbsp;&nbsp;NovinkyPutin&hellip;\n","protected":false},"author":2,"featured_media":203167,"comment_status":"","ping_status":"","sticky":false,"template":"","format":"standard","meta":{"footnotes":"","_share_on_mastodon":"0"},"categories":[11],"tags":[212,1609,895,61,59,54,110,166,53,52],"class_list":["post-203166","post","type-post","status-publish","format-standard","has-post-thumbnail","category-svet","tag-donald-trump","tag-jared-kushner","tag-nato","tag-rusko","tag-steve-witkoff","tag-svet","tag-ukrajina","tag-vladimir-putin","tag-world","tag-world-news"],"share_on_mastodon":{"url":"https:\/\/pubeurope.com\/@cz\/117214740688688643","error":""},"_links":{"self":[{"href":"https:\/\/www.europesays.com\/cz\/wp-json\/wp\/v2\/posts\/203166","targetHints":{"allow":["GET"]}}],"collection":[{"href":"https:\/\/www.europesays.com\/cz\/wp-json\/wp\/v2\/posts"}],"about":[{"href":"https:\/\/www.europesays.com\/cz\/wp-json\/wp\/v2\/types\/post"}],"author":[{"embeddable":true,"href":"https:\/\/www.europesays.com\/cz\/wp-json\/wp\/v2\/users\/2"}],"replies":[{"embeddable":true,"href":"https:\/\/www.europesays.com\/cz\/wp-json\/wp\/v2\/comments?post=203166"}],"version-history":[{"count":0,"href":"https:\/\/www.europesays.com\/cz\/wp-json\/wp\/v2\/posts\/203166\/revisions"}],"wp:featuredmedia":[{"embeddable":true,"href":"https:\/\/www.europesays.com\/cz\/wp-json\/wp\/v2\/media\/203167"}],"wp:attachment":[{"href":"https:\/\/www.europesays.com\/cz\/wp-json\/wp\/v2\/media?parent=203166"}],"wp:term":[{"taxonomy":"category","embeddable":true,"href":"https:\/\/www.europesays.com\/cz\/wp-json\/wp\/v2\/categories?post=203166"},{"taxonomy":"post_tag","embeddable":true,"href":"https:\/\/www.europesays.com\/cz\/wp-json\/wp\/v2\/tags?post=203166"}],"curies":[{"name":"wp","href":"https:\/\/api.w.org\/{rel}","templated":true}]}}