{"id":203168,"date":"2026-09-04T20:50:23","date_gmt":"2026-09-04T20:50:23","guid":{"rendered":"https:\/\/www.europesays.com\/cz\/203168\/"},"modified":"2026-09-04T20:50:23","modified_gmt":"2026-09-04T20:50:23","slug":"uspesny-utok-ukrajincu-ze-skladu-ropy-v-soci-stoupa-cerny-dym-z-mista-jsou-slyset-exploze","status":"publish","type":"post","link":"https:\/\/www.europesays.com\/cz\/203168\/","title":{"rendered":"\u00dasp\u011b\u0161n\u00fd \u00fatok Ukrajinc\u016f: Ze skladu ropy v So\u010di stoup\u00e1 \u010dern\u00fd d\u00fdm. Z m\u00edsta jsou sly\u0161et exploze"},"content":{"rendered":"<p>\n                        Po ukrajinsk\u00e9m dronov\u00e9m \u00fatoku vypukl po\u017e\u00e1r ropn\u00e9ho skladu v \u010dernomo\u0159sk\u00e9m p\u0159\u00edstavn\u00edm m\u011bst\u011b So\u010di na jihu Ruska. V p\u00e1tek o tom informovaly \u00fa\u0159ady Krasnodarsk\u00e9ho kraje, napsala agentura Reuters. Ukrajina, kter\u00e1 od \u00fanora 2022 vzdoruje rusk\u00e9 invazi, podnik\u00e1 v sebeobran\u011b vzdu\u0161n\u00e9 \u00fadery na c\u00edle v Rusku.\n                    <\/p>\n<p>Rozsah \u0161kod po dronov\u00e9m \u00fatoku v So\u010di \u00fa\u0159ady nezve\u0159ejnily. M\u00edstn\u00ed obyvatel\u00e9 ale na soci\u00e1ln\u00edch s\u00edt\u00edch informovali o exploz\u00edch a velk\u00e9m po\u017e\u00e1ru, co\u017e dokl\u00e1daj\u00ed i zve\u0159ejn\u011bn\u00e9 z\u00e1b\u011bry. Ukrajinsk\u00fd monitorovac\u00ed kan\u00e1l Exilenova+ zve\u0159ejnil sn\u00edmky, podle kter\u00fdch jsou v plamenech ropn\u00fd termin\u00e1l spole\u010dnosti Rosn\u011bf\u0165 a tak\u00e9 ropn\u00fd termin\u00e1l spole\u010dnosti Lukoil.<\/p>\n<p>\u010cT\u011aTE TAK\u00c9: <a target=\"_blank\" href=\"https:\/\/cnn.iprima.cz\/sklady-v-plamenech-po-raketovem-uderu-ukrajincu-urady-hlasi-mrtve-rusove-zasahli-vyskovou-budovu-520550\" rel=\"nofollow noopener\">Ho\u0159\u00edc\u00ed sklady po raketov\u00e9m \u00faderu Ukrajinc\u016f, \u00fa\u0159ady hl\u00e1s\u00ed mrtv\u00e9. Rusov\u00e9 zas\u00e1hli v\u00fd\u0161kovou budovu<\/a><\/p>\n<p>Ropn\u00e9 sklady, termin\u00e1ly \u010di rafin\u00e9rie jsou \u010dast\u00fdm c\u00edlem ukrajinsk\u00fdch \u00fader\u016f. Ukrajina tvrd\u00ed, \u017ee c\u00edlem takov\u00fdch \u00fatok\u016f je sn\u00ed\u017eit rusk\u00e9 p\u0159\u00edjmy z ropy, a tak znemo\u017enit Moskv\u011b financovat v\u00e1lku. \u00datoky rovn\u011b\u017e vyvol\u00e1vaj\u00ed nedostatek pohonn\u00fdch hmot v zemi. Rusk\u00fd prezident Vladimir Putin v srpnu prohl\u00e1sil, \u017ee ukrajinsk\u00e9 \u00fatoky na pr\u016fmysl a infrastrukturu v hloubi Ruska sice zp\u016fsobuj\u00ed \u0161kody, ale d\u016fsledky nejsou kritick\u00e9.<\/p>\n<p lang=\"en\" dir=\"ltr\">04.09.26: Morning in Sochi.<br \/>DeRefinerization \ud83d\udc4c\ud83c\udffc <a href=\"https:\/\/t.co\/gQZcTevVb8\" rel=\"nofollow\">pic.twitter.com\/gQZcTevVb8<\/a><\/p>\n<p>\u2014 Alex Bond (@AlexBondODUA) <a href=\"https:\/\/x.com\/AlexBondODUA\/status\/2095729141777584519?ref_src=twsrc%5Etfw\" rel=\"nofollow\">September 4, 2026<\/a><\/p>\n<p>Rusko rovn\u011b\u017e informovalo o \u010dtvrte\u010dn\u00edm ukrajinsk\u00e9m \u00faderu na Belgorodskou oblast u hranic s Ukrajinou, p\u0159i kter\u00e9m zahynuli \u010dty\u0159i lid\u00e9 v\u010detn\u011b dvou zdravotn\u00edk\u016f. Dal\u0161\u00ed t\u0159i lid\u00e9 utrp\u011bli zran\u011bn\u00ed.<\/p>\n<p>MOHLO V\u00c1M UNIKNOUT: <a target=\"_blank\" href=\"https:\/\/cnn.iprima.cz\/video-ukrajinci-znicili-unikatni-namorni-dron-okupantu-rusky-stroj-predstavuje-novou-hrozbu-489100\" rel=\"nofollow noopener\">Zk\u00e1za rusk\u00e9 superzbran\u011b. Z\u00e1b\u011bry Ukrajinc\u016f odhaluj\u00ed trumf Kremlu, kter\u00fd dosud nikdo nevid\u011bl<\/a><\/p>\n<p>        <img decoding=\"async\" src=\"https:\/\/www.europesays.com\/cz\/wp-content\/uploads\/2026\/09\/1788555023_825_a66033d0e1b43ce9c627652e554fdc64.png\" alt=\"\u010cTK\" class=\"avatar-img w-[40px] h-[40px] min-w-[40px] rounded-full border-[1.5px] border-solid border-black object-cover hover:opacity-90 transition-opacity before:!content-none !bg-none\" loading=\"lazy\"\/><\/p>\n<p>                                    \u010cTK<\/p>\n<p class=\"!text-semibold-14-14 !text-black mb-0 mt-2\">\n                Spolehliv\u00fd, rychl\u00fd a nez\u00e1visl\u00fd zpravodajsk\u00fd servis.\n            <\/p>\n<p>            <script async src=\"https:\/\/platform.twitter.com\/widgets.js\" charset=\"utf-8\"><\/script><\/p>\n","protected":false},"excerpt":{"rendered":"Po ukrajinsk\u00e9m dronov\u00e9m \u00fatoku vypukl po\u017e\u00e1r ropn\u00e9ho skladu v \u010dernomo\u0159sk\u00e9m p\u0159\u00edstavn\u00edm m\u011bst\u011b So\u010di na jihu Ruska. V p\u00e1tek&hellip;\n","protected":false},"author":2,"featured_media":203169,"comment_status":"","ping_status":"","sticky":false,"template":"","format":"standard","meta":{"footnotes":"","_share_on_mastodon":"0"},"categories":[10],"tags":[17,21,1635,23866,30946,16,7527,735,205,16688,1730,61,35184,46301,18,19,22,110,30171,1636,20],"class_list":["post-203168","post","type-post","status-publish","format-standard","has-post-thumbnail","category-zpravy","tag-headlines","tag-hlavni-udalosti","tag-konflikt","tag-krasnodarsky-kraj","tag-lukoil","tag-news","tag-ozbrojeny-konflikt","tag-pozar","tag-ropa","tag-rosneft","tag-ruska-invaze-na-ukrajinu","tag-rusko","tag-sebeobrana","tag-soci","tag-top-news","tag-top-stories","tag-udalosti-dne","tag-ukrajina","tag-valecne-obeti","tag-valka-a-mir","tag-zpravy"],"share_on_mastodon":{"url":"https:\/\/pubeurope.com\/@cz\/117214748963339984","error":""},"_links":{"self":[{"href":"https:\/\/www.europesays.com\/cz\/wp-json\/wp\/v2\/posts\/203168","targetHints":{"allow":["GET"]}}],"collection":[{"href":"https:\/\/www.europesays.com\/cz\/wp-json\/wp\/v2\/posts"}],"about":[{"href":"https:\/\/www.europesays.com\/cz\/wp-json\/wp\/v2\/types\/post"}],"author":[{"embeddable":true,"href":"https:\/\/www.europesays.com\/cz\/wp-json\/wp\/v2\/users\/2"}],"replies":[{"embeddable":true,"href":"https:\/\/www.europesays.com\/cz\/wp-json\/wp\/v2\/comments?post=203168"}],"version-history":[{"count":0,"href":"https:\/\/www.europesays.com\/cz\/wp-json\/wp\/v2\/posts\/203168\/revisions"}],"wp:featuredmedia":[{"embeddable":true,"href":"https:\/\/www.europesays.com\/cz\/wp-json\/wp\/v2\/media\/203169"}],"wp:attachment":[{"href":"https:\/\/www.europesays.com\/cz\/wp-json\/wp\/v2\/media?parent=203168"}],"wp:term":[{"taxonomy":"category","embeddable":true,"href":"https:\/\/www.europesays.com\/cz\/wp-json\/wp\/v2\/categories?post=203168"},{"taxonomy":"post_tag","embeddable":true,"href":"https:\/\/www.europesays.com\/cz\/wp-json\/wp\/v2\/tags?post=203168"}],"curies":[{"name":"wp","href":"https:\/\/api.w.org\/{rel}","templated":true}]}}