{"id":203174,"date":"2026-09-04T21:00:16","date_gmt":"2026-09-04T21:00:16","guid":{"rendered":"https:\/\/www.europesays.com\/cz\/203174\/"},"modified":"2026-09-04T21:00:16","modified_gmt":"2026-09-04T21:00:16","slug":"odsouzeny-vrah-kramny-zautocil-na-nemocnici-ktera-ho-usvedcila-zpochybnil-jeji-posudek","status":"publish","type":"post","link":"https:\/\/www.europesays.com\/cz\/203174\/","title":{"rendered":"Odsouzen\u00fd vrah Kramn\u00fd za\u00fato\u010dil na nemocnici, kter\u00e1 ho usv\u011bd\u010dila. Zpochybnil jej\u00ed posudek"},"content":{"rendered":"<p>Petr Kramn\u00fd, odsouzen\u00fd na 28 let za vra\u017edu man\u017eelky a dcery, prohr\u00e1l kasa\u010dn\u00ed st\u00ed\u017enost u Nejvy\u0161\u0161\u00edho spr\u00e1vn\u00edho soudu. Napadal v n\u00ed znaleck\u00e9 opr\u00e1vn\u011bn\u00ed Nemocnice \u010cesk\u00e9 Bud\u011bjovice, kter\u00e1 zpracovala kl\u00ed\u010dov\u00fd revizn\u00ed posudek. Podle soud\u016f nebyl opr\u00e1vn\u011bn podat z\u00e1sahovou \u017ealobu a n\u00e1mitky m\u011bl uplatnit v trestn\u00edm \u0159\u00edzen\u00ed.<\/p>\n<p>Podle pravomocn\u00e9ho verdiktu Kramn\u00fd v roce 2013 v hotelu v Egypt\u011b zavra\u017edil svou man\u017eelku a dceru elektrick\u00fdm proudem. \u0158e\u0161il tak \u00fadajn\u011b dlouhodob\u00e9 spory v rodin\u011b. V roce 2016 byl odsouzen na z\u00e1klad\u011b nep\u0159\u00edm\u00fdch d\u016fkaz\u016f. Vinu pop\u0159el. Rozsudek v minulosti potvrdily Nejvy\u0161\u0161\u00ed i \u00dastavn\u00ed soud.<\/p>\n<p>Spor o revizn\u00ed posudek<\/p>\n<p>V kauze vznikly protikladn\u00e9 znaleck\u00e9 posudky. Ten kl\u00ed\u010dov\u00fd, revizn\u00ed, zpracovala jako znaleck\u00fd \u00fastav Nemocnice \u010cesk\u00e9 Bud\u011bjovice. Kramn\u00fd se s desetilet\u00fdm odstupem dom\u00e1hal p\u0159ed M\u011bstsk\u00fdm soudem v Praze ochrany p\u0159ed nez\u00e1konn\u00fdm z\u00e1sahem ministerstva spravedlnosti. Spat\u0159oval ho v tom, \u017ee ministerstvo ud\u011blilo nemocnici status znaleck\u00e9ho \u00fastavu, a\u010dkoliv podle Kramn\u00e9ho nespl\u0148ovala z\u00e1konn\u00e9 podm\u00ednky.<\/p>\n<p>M\u011bstsk\u00fd soud \u017ealobu odm\u00edtl. Dosp\u011bl k z\u00e1v\u011bru, \u017ee Kramn\u00fd \u017ealobu podal opo\u017ed\u011bn\u011b a nav\u00edc k n\u00ed nem\u011bl opr\u00e1vn\u011bn\u00ed, co\u017e nyn\u00ed potvrdil i NSS. \u201eV nyn\u00ed posuzovan\u00e9 v\u011bci m\u011bstsk\u00fd soud spr\u00e1vn\u011b dovodil, \u017ee st\u011b\u017eovatel zjevn\u011b nen\u00ed opr\u00e1vn\u011bn k pod\u00e1n\u00ed z\u00e1sahov\u00e9 \u017ealoby, jeliko\u017e tvrzen\u00e9 z\u00e1sahy nebyly zam\u011b\u0159eny p\u0159\u00edmo proti n\u011bmu ani v jejich d\u016fsledku proti n\u011bmu nebylo p\u0159\u00edmo zasa\u017eeno,\u201c uv\u00e1d\u00ed rozsudek.<\/p>\n<p>Znaleck\u00fd \u00fastav nen\u00ed spr\u00e1vn\u00ed org\u00e1n<\/p>\n<p>NSS tak\u00e9 p\u0159ipomn\u011bl, \u017ee znaleck\u00fd \u00fastav p\u0159i zpracov\u00e1n\u00ed posudku nevystupuje jako spr\u00e1vn\u00ed org\u00e1n. \u201eSamotn\u00e9 proveden\u00ed a hodnocen\u00ed tohoto d\u016fkazu v trestn\u00edm \u0159\u00edzen\u00ed je pak v\u011bc\u00ed trestn\u00edho soudu, kter\u00fd o vin\u011b \u010di nevin\u011b rozhoduje na z\u00e1klad\u011b proveden\u00fdch d\u016fkaz\u016f podle z\u00e1sady voln\u00e9ho hodnocen\u00ed d\u016fkaz\u016f,\u201c pokra\u010duje rozsudek.<\/p>\n<p>Spolek \u0160alamoun, kter\u00fd v kauze vystupuje ve prosp\u011bch Kramn\u00e9ho, dlouhodob\u011b tvrd\u00ed, \u017ee se nemocnice nikdy \u0159\u00e1dn\u011b nestala znaleck\u00fdm \u00fastavem a nem\u011bla opr\u00e1vn\u011bn\u00ed pod\u00e1vat posudky v trestn\u00edch \u0159\u00edzen\u00edch. Nemocnice v roce 2020 jak\u00e9koliv zpochyb\u0148ov\u00e1n\u00ed odm\u00edtla a zd\u016fraznila, \u017ee spl\u0148uje a spl\u0148ovala v\u0161echny z\u00e1konn\u00e9 podm\u00ednky. V sou\u010dasnosti u\u017e jako znaleck\u00fd \u00fastav zapsan\u00e1 nen\u00ed. V roce 2022 ukon\u010den\u00ed znaleck\u00e9 \u010dinnosti zd\u016fvodnila t\u00edm, \u017ee z pozice prim\u00e1\u0159e soudn\u011bl\u00e9ka\u0159sk\u00e9ho odd\u011blen\u00ed ode\u0161el do d\u016fchodu Franti\u0161ek Vorel.<\/p>\n<p>Protich\u016fdn\u00e9 z\u00e1v\u011bry o p\u0159\u00ed\u010din\u011b smrti<\/p>\n<p>T\u011bla ob\u011bt\u00ed po p\u0159evozu z Egypta do \u010ceska pitvali znalci z \u00dastavu soudn\u00edho l\u00e9ka\u0159stv\u00ed v Ostrav\u011b. Do\u0161li k z\u00e1v\u011bru, \u017ee zem\u0159ely po z\u00e1sahu elektrick\u00fdm proudem. Podle znaleck\u00e9ho posudku, kter\u00fd si nechala vypracovat obhajoba, byla nejpravd\u011bpodobn\u011bj\u0161\u00ed p\u0159\u00ed\u010dinou smrti otrava. Soud si proto objednal revizn\u00ed posudek, kter\u00fd se p\u0159iklonil k z\u00e1sahu elektrick\u00fdm proudem.<\/p>\n<p>Znalci Igor Farga\u0161 a Radek Matlach, kte\u0159\u00ed v p\u0159\u00edpadu vypracovali posudek sv\u011bd\u010d\u00edc\u00ed ve prosp\u011bch Kramn\u00e9ho, svoje zkoum\u00e1n\u00ed <a href=\"https:\/\/www.ceska-justice.cz\/2021\/11\/kauza-kramny-ustavni-soud-prezkouma-verdikt-nad-znalci-dostali-podminky\/\" rel=\"nofollow noopener\" target=\"_blank\">zkreslili<\/a>. Dostali za to dokonce podm\u00edn\u011bn\u00e9 tresty.<\/p>\n<p>Kramn\u00fd se opakovan\u011b dom\u00e1h\u00e1 obnovy \u0159\u00edzen\u00ed, zat\u00edm bez \u00fasp\u011bchu. Jeho st\u00ed\u017enost loni <a href=\"https:\/\/www.ceska-justice.cz\/2025\/09\/vrah-z-egypta-kramny-neuspel-ve-strasburku\/\" rel=\"nofollow noopener\" target=\"_blank\">zam\u00edtl tak\u00e9 Evropsk\u00fd soud pro lidsk\u00e1 pr\u00e1va<\/a>.<\/p>\n<p>    Mohlo by v\u00e1s zaj\u00edmat<\/p>\n<p>        <a href=\"https:\/\/www.ceska-justice.cz\/2026\/08\/zaplatil-14-milionu-mikejepan-exekuce\/\" class=\"relative block overflow-hidden rounded-lg group aspect-[3\/2] md:aspect-video min-w-[88px] sm:min-w-[175px] lg:min-w-[225px]\" aria-label=\"\u010d\u00edst v\u00edce\" rel=\"nofollow noopener\" target=\"_blank\"><br \/>\n                        <img loading=\"lazy\" decoding=\"async\" width=\"310\" height=\"256\" src=\"https:\/\/www.europesays.com\/cz\/wp-content\/uploads\/2026\/09\/mike-oganesjan-e1772033819208-310x256.jpg\" class=\"absolute object-cover w-full h-full group-hover:scale-105 transition-all\" alt=\"\"  \/><br \/>\n                        <\/a><\/p>\n","protected":false},"excerpt":{"rendered":"Petr Kramn\u00fd, odsouzen\u00fd na 28 let za vra\u017edu man\u017eelky a dcery, prohr\u00e1l kasa\u010dn\u00ed st\u00ed\u017enost u Nejvy\u0161\u0161\u00edho spr\u00e1vn\u00edho soudu.&hellip;\n","protected":false},"author":2,"featured_media":203175,"comment_status":"","ping_status":"","sticky":false,"template":"","format":"standard","meta":{"footnotes":"","_share_on_mastodon":"0"},"categories":[7],"tags":[43,42,41,40,46302,1488,1878,5893,46303,6158,31924,46304,46305],"class_list":["post-203174","post","type-post","status-publish","format-standard","has-post-thumbnail","category-cesko","tag-ceska-republika","tag-cesko","tag-czech-republic","tag-czechia","tag-dvojnasobna-vrazda","tag-mestsky-soud-v-praze","tag-ministerstvo-spravedlnosti","tag-nejvyssi-spravni-soud","tag-nemocnice-ceske-budejovice","tag-nss","tag-petr-kramny","tag-revizni-posudek","tag-soudni-znalci"],"share_on_mastodon":{"url":"https:\/\/pubeurope.com\/@cz\/117214788189127893","error":""},"_links":{"self":[{"href":"https:\/\/www.europesays.com\/cz\/wp-json\/wp\/v2\/posts\/203174","targetHints":{"allow":["GET"]}}],"collection":[{"href":"https:\/\/www.europesays.com\/cz\/wp-json\/wp\/v2\/posts"}],"about":[{"href":"https:\/\/www.europesays.com\/cz\/wp-json\/wp\/v2\/types\/post"}],"author":[{"embeddable":true,"href":"https:\/\/www.europesays.com\/cz\/wp-json\/wp\/v2\/users\/2"}],"replies":[{"embeddable":true,"href":"https:\/\/www.europesays.com\/cz\/wp-json\/wp\/v2\/comments?post=203174"}],"version-history":[{"count":0,"href":"https:\/\/www.europesays.com\/cz\/wp-json\/wp\/v2\/posts\/203174\/revisions"}],"wp:featuredmedia":[{"embeddable":true,"href":"https:\/\/www.europesays.com\/cz\/wp-json\/wp\/v2\/media\/203175"}],"wp:attachment":[{"href":"https:\/\/www.europesays.com\/cz\/wp-json\/wp\/v2\/media?parent=203174"}],"wp:term":[{"taxonomy":"category","embeddable":true,"href":"https:\/\/www.europesays.com\/cz\/wp-json\/wp\/v2\/categories?post=203174"},{"taxonomy":"post_tag","embeddable":true,"href":"https:\/\/www.europesays.com\/cz\/wp-json\/wp\/v2\/tags?post=203174"}],"curies":[{"name":"wp","href":"https:\/\/api.w.org\/{rel}","templated":true}]}}