{"id":203176,"date":"2026-09-04T21:01:15","date_gmt":"2026-09-04T21:01:15","guid":{"rendered":"https:\/\/www.europesays.com\/cz\/203176\/"},"modified":"2026-09-04T21:01:15","modified_gmt":"2026-09-04T21:01:15","slug":"putin-podle-trumpa-nechce-zautocit-na-nato-kushner-a-witkoff-leti-jednat","status":"publish","type":"post","link":"https:\/\/www.europesays.com\/cz\/203176\/","title":{"rendered":"Putin podle Trumpa nechce za\u00fato\u010dit na NATO, Kushner a\u00a0Witkoff let\u00ed jednat"},"content":{"rendered":"<p class=\"e_bX\">Americk\u00fd prezident Donald Trump dnes uvedl, \u017ee rusk\u00fd prezident Vladimir Putin nechce za\u00fato\u010dit na zem\u011b Severoatlantick\u00e9 aliance. \u0160\u00e9f B\u00edl\u00e9ho domu z\u00e1rove\u0148 potvrdil, \u017ee ameri\u010dt\u00ed vyjednava\u010di Steve Witkoff a\u00a0Jared Kushner polet\u00ed do zahrani\u010d\u00ed jednat o\u00a0m\u00edru mezi Ruskem a\u00a0Ukrajinou, p\u00ed\u0161e agentura Reuters.<\/p>\n<p class=\"e_bX\">Trump p\u0159ed novin\u00e1\u0159i v\u00a0Ov\u00e1ln\u00e9 pracovn\u011b podle Reuters neup\u0159esnil, zda jeho ze\u0165 Kushner a\u00a0zmocn\u011bnec Witkoff nav\u0161t\u00edv\u00ed Kyjev, Moskvu nebo ob\u011b metropole. Nazna\u010dil ale, \u017ee Spojen\u00e9 st\u00e1ty maj\u00ed n\u00e1vrh na ukon\u010den\u00ed v\u00e1lky. \u201eM\u00e1me n\u00e1pad, jak dos\u00e1hnout m\u00edru,\u201c uvedl Trump. \u201eVys\u00edl\u00e1m Steva Witkoffa a\u00a0Jareda Kushnera, dva skv\u011bl\u00e9 vyjednava\u010de. Odvedli skv\u011blou pr\u00e1ci a\u00a0po\u0161leme je tam, aby vid\u011bli, zda se d\u00e1 ud\u011blat je\u0161t\u011b n\u011bco. Mo\u017en\u00e1 je tam dobr\u00e1 \u0161ance,\u201c \u0159ekl Trump.<\/p>\n<p><a data-dot=\"mol-article-card-media\" aria-hidden=\"true\" tabindex=\"-1\" href=\"https:\/\/www.seznamzpravy.cz\/clanek\/zahranicni-vyjednavaci-usa-witkoff-a-kushner-zrejme-navstivi-o-vikendu-moskvu-i-kyjev-314645\" class=\"e_n f_l8\" rel=\"nofollow noopener\" target=\"_blank\"><img fetchpriority=\"high\" height=\"2304\"   width=\"4096\" src=\"https:\/\/www.europesays.com\/cz\/wp-content\/uploads\/2026\/09\/1788555674_30_steve-witkoff.jpeg\" loading=\"eager\" decoding=\"sync\" class=\"e_aa e_Z\"\/><\/a><\/p>\n<p class=\"e_bX\">Witkoff a\u00a0Kushner ji\u017e n\u011bkolikr\u00e1t nav\u0161t\u00edvili Moskvu a\u00a0o jejich cest\u011b do ukrajinsk\u00e9 metropole se vyjedn\u00e1valo n\u011bkolik m\u011bs\u00edc\u016f, uvedla agentura AFP. Podle ukrajinsk\u00fdch m\u00e9di\u00ed a\u00a0zdroj\u016f agentury Reuters se rusk\u00e1 strana sna\u017eila Ameri\u010dany od n\u00e1v\u0161t\u011bvy Kyjeva odradit.<\/p>\n<p class=\"e_bX\">Ukrajinsk\u00fd server Kyiv Independent dnes s\u00a0odvol\u00e1n\u00edm na zdroj z\u00a0americk\u00e9 administrativy napsal, \u017ee n\u00e1v\u0161t\u011bva americk\u00fdch vyjednava\u010d\u016f je v\u00a0pl\u00e1nu, ale st\u00e1le m\u016f\u017ee b\u00fdt zru\u0161ena, nebo\u0165 se za\u010d\u00ednaj\u00ed ob\u00e1vat o\u00a0svou bezpe\u010dnost. Rusko v\u00fdrazn\u011b zes\u00edlilo raketov\u00e9 a\u00a0dronov\u00e9 \u00fatoky na ukrajinsk\u00e9 hlavn\u00ed m\u011bsto a\u00a0jeho obyvatele su\u017euj\u00ed u\u017e dev\u00e1t\u00fd den v\u00a0\u0159ad\u011b soustavn\u00e9 n\u00e1lety dron\u016f, v\u010detn\u011b bezpilotn\u00edch letoun\u016f s\u00a0proudov\u00fdm pohonem, kter\u00e9 je obt\u00ed\u017en\u011bj\u0161\u00ed sest\u0159elit.<\/p>\n<p class=\"e_bX\">Minul\u00fd t\u00fdden Moskvu p\u0159ekvapiv\u011b nav\u0161t\u00edvil \u0161\u00e9f americk\u00e9 \u00dast\u0159edn\u00ed zpravodajsk\u00e9 slu\u017eby (CIA) John Ratcliffe. Podle Axiosu se sna\u017eil zjistit, zda by \u0161\u00e9fov\u00e9 rusk\u00fdch zpravodajsk\u00fdch slu\u017eeb dok\u00e1zali p\u0159esv\u011bd\u010dit Putina, aby se vydal cestou diplomacie s\u00a0c\u00edlem ukon\u010dit v\u00e1lku.<\/p>\n<p><a data-dot=\"mol-article-card-media\" aria-hidden=\"true\" tabindex=\"-1\" href=\"https:\/\/www.seznamzpravy.cz\/clanek\/ekonomika-byznys-rozhovory-skrty-ve-vw-mohou-ohrozit-desitky-ceskych-dodavatelu-varuje-expert-314635\" class=\"e_n f_l8\" rel=\"nofollow noopener\" target=\"_blank\"><img height=\"900\"   width=\"1600\" src=\"https:\/\/www.europesays.com\/cz\/wp-content\/uploads\/2026\/09\/Q6dCL.jpeg\" loading=\"eager\" decoding=\"sync\" class=\"e_aa e_Z\"\/><\/a><a data-dot=\"mol-article-card-media\" aria-hidden=\"true\" tabindex=\"-1\" href=\"https:\/\/www.seznamzpravy.cz\/clanek\/kultura-na-telo-hrebejk-recenze-314682\" class=\"e_n f_l8\" rel=\"nofollow noopener\" target=\"_blank\"><img height=\"2304\"   width=\"4096\" src=\"https:\/\/www.europesays.com\/cz\/wp-content\/uploads\/2026\/09\/serial-na-telo.jpeg\" loading=\"eager\" decoding=\"sync\" class=\"e_aa e_Z\"\/><\/a><\/p>\n","protected":false},"excerpt":{"rendered":"Americk\u00fd prezident Donald Trump dnes uvedl, \u017ee rusk\u00fd prezident Vladimir Putin nechce za\u00fato\u010dit na zem\u011b Severoatlantick\u00e9 aliance. \u0160\u00e9f&hellip;\n","protected":false},"author":2,"featured_media":203177,"comment_status":"","ping_status":"","sticky":false,"template":"","format":"standard","meta":{"footnotes":"","_share_on_mastodon":"0"},"categories":[10],"tags":[212,17,21,1609,16,59,18,19,22,56,166,20],"class_list":["post-203176","post","type-post","status-publish","format-standard","has-post-thumbnail","category-zpravy","tag-donald-trump","tag-headlines","tag-hlavni-udalosti","tag-jared-kushner","tag-news","tag-steve-witkoff","tag-top-news","tag-top-stories","tag-udalosti-dne","tag-valka-rusko-ukrajina","tag-vladimir-putin","tag-zpravy"],"share_on_mastodon":{"url":"https:\/\/pubeurope.com\/@cz\/117214791908852993","error":""},"_links":{"self":[{"href":"https:\/\/www.europesays.com\/cz\/wp-json\/wp\/v2\/posts\/203176","targetHints":{"allow":["GET"]}}],"collection":[{"href":"https:\/\/www.europesays.com\/cz\/wp-json\/wp\/v2\/posts"}],"about":[{"href":"https:\/\/www.europesays.com\/cz\/wp-json\/wp\/v2\/types\/post"}],"author":[{"embeddable":true,"href":"https:\/\/www.europesays.com\/cz\/wp-json\/wp\/v2\/users\/2"}],"replies":[{"embeddable":true,"href":"https:\/\/www.europesays.com\/cz\/wp-json\/wp\/v2\/comments?post=203176"}],"version-history":[{"count":0,"href":"https:\/\/www.europesays.com\/cz\/wp-json\/wp\/v2\/posts\/203176\/revisions"}],"wp:featuredmedia":[{"embeddable":true,"href":"https:\/\/www.europesays.com\/cz\/wp-json\/wp\/v2\/media\/203177"}],"wp:attachment":[{"href":"https:\/\/www.europesays.com\/cz\/wp-json\/wp\/v2\/media?parent=203176"}],"wp:term":[{"taxonomy":"category","embeddable":true,"href":"https:\/\/www.europesays.com\/cz\/wp-json\/wp\/v2\/categories?post=203176"},{"taxonomy":"post_tag","embeddable":true,"href":"https:\/\/www.europesays.com\/cz\/wp-json\/wp\/v2\/tags?post=203176"}],"curies":[{"name":"wp","href":"https:\/\/api.w.org\/{rel}","templated":true}]}}