{"id":203196,"date":"2026-09-04T21:46:12","date_gmt":"2026-09-04T21:46:12","guid":{"rendered":"https:\/\/www.europesays.com\/cz\/203196\/"},"modified":"2026-09-04T21:46:12","modified_gmt":"2026-09-04T21:46:12","slug":"v-rakouskych-alpach-zahynula-mlada-ceska","status":"publish","type":"post","link":"https:\/\/www.europesays.com\/cz\/203196\/","title":{"rendered":"V\u00a0rakousk\u00fdch Alp\u00e1ch zahynula mlad\u00e1 \u010ce\u0161ka"},"content":{"rendered":"<p class=\"e_bX\">Dvaadvacetilet\u00e1 \u010ce\u0161ka dnes zahynula po p\u00e1du ve skalnat\u00e9m ter\u00e9nu u\u00a0hory Grosser B\u00f6senstein v\u00a0Rakousku. Na t\u00fa\u0159e byla se sv\u00fdm otcem, p\u00ed\u0161e den\u00edk Kleine Zeitung. Z\u0159\u00edtila se ze zhruba 150metrov\u00e9 v\u00fd\u0161ky.<\/p>\n<p class=\"e_bX\">Dcera s\u00a0otcem byli na stezce mezi horami Grosser B\u00f6senstein a\u00a0Sonntagskarspitz ve v\u00fdchodn\u00edm \u0160t\u00fdrsku. Kolem 11:00\u00a0se vlastn\u00ed vinou z\u0159\u00edtila a\u00a0utrp\u011bla smrteln\u00e1 zran\u011bn\u00ed.<\/p>\n<p class=\"e_bX\">T\u011blo n\u00e1sledn\u011b vyprostila pos\u00e1dka policejn\u00edho vrtuln\u00edku. Jej\u00edho otce se ujal t\u00fdm pro zvl\u00e1d\u00e1n\u00ed krizov\u00fdch situac\u00ed, uvedla policie dnes ve\u010der.<\/p>\n","protected":false},"excerpt":{"rendered":"Dvaadvacetilet\u00e1 \u010ce\u0161ka dnes zahynula po p\u00e1du ve skalnat\u00e9m ter\u00e9nu u\u00a0hory Grosser B\u00f6senstein v\u00a0Rakousku. Na t\u00fa\u0159e byla se sv\u00fdm&hellip;\n","protected":false},"author":2,"featured_media":203197,"comment_status":"","ping_status":"","sticky":false,"template":"","format":"standard","meta":{"footnotes":"","_share_on_mastodon":"0"},"categories":[10],"tags":[17,21,16,256,18,19,22,81,20],"class_list":["post-203196","post","type-post","status-publish","format-standard","has-post-thumbnail","category-zpravy","tag-headlines","tag-hlavni-udalosti","tag-news","tag-rakousko","tag-top-news","tag-top-stories","tag-udalosti-dne","tag-umrti","tag-zpravy"],"share_on_mastodon":{"url":"https:\/\/pubeurope.com\/@cz\/117214968885663466","error":""},"_links":{"self":[{"href":"https:\/\/www.europesays.com\/cz\/wp-json\/wp\/v2\/posts\/203196","targetHints":{"allow":["GET"]}}],"collection":[{"href":"https:\/\/www.europesays.com\/cz\/wp-json\/wp\/v2\/posts"}],"about":[{"href":"https:\/\/www.europesays.com\/cz\/wp-json\/wp\/v2\/types\/post"}],"author":[{"embeddable":true,"href":"https:\/\/www.europesays.com\/cz\/wp-json\/wp\/v2\/users\/2"}],"replies":[{"embeddable":true,"href":"https:\/\/www.europesays.com\/cz\/wp-json\/wp\/v2\/comments?post=203196"}],"version-history":[{"count":0,"href":"https:\/\/www.europesays.com\/cz\/wp-json\/wp\/v2\/posts\/203196\/revisions"}],"wp:featuredmedia":[{"embeddable":true,"href":"https:\/\/www.europesays.com\/cz\/wp-json\/wp\/v2\/media\/203197"}],"wp:attachment":[{"href":"https:\/\/www.europesays.com\/cz\/wp-json\/wp\/v2\/media?parent=203196"}],"wp:term":[{"taxonomy":"category","embeddable":true,"href":"https:\/\/www.europesays.com\/cz\/wp-json\/wp\/v2\/categories?post=203196"},{"taxonomy":"post_tag","embeddable":true,"href":"https:\/\/www.europesays.com\/cz\/wp-json\/wp\/v2\/tags?post=203196"}],"curies":[{"name":"wp","href":"https:\/\/api.w.org\/{rel}","templated":true}]}}