{"id":203208,"date":"2026-09-04T22:09:09","date_gmt":"2026-09-04T22:09:09","guid":{"rendered":"https:\/\/www.europesays.com\/cz\/203208\/"},"modified":"2026-09-04T22:09:09","modified_gmt":"2026-09-04T22:09:09","slug":"pokuta-625-milionu-jako-ten-mene-bolavy-trest-kletba-sedi-na-clippers-i-za-ballmera-idnes-cz","status":"publish","type":"post","link":"https:\/\/www.europesays.com\/cz\/203208\/","title":{"rendered":"Pokuta 625 milion\u016f jako ten m\u00e9n\u011b bolav\u00fd trest. Kletba sed\u00ed na Clippers i za Ballmera &#8211; iDNES.cz"},"content":{"rendered":"<p><a href=\"https:\/\/news.google.com\/rss\/articles\/CBMi2AFBVV95cUxNcDBTeXhpb0M1M3JFa2dxaXU5aWFVaUNTemFqZ2xMZk96R0h0WnRuQXNDNUViaUdwTGptMENUYlltLXptMzB4enFsalBCZ2FOY0hkdURxSThncFo1TlhTTFR1cG5nTGZyZ3FLWHpxd2NtLWFjRUZsMV9QdXpwNmRPck1ORG5GTWF1MVhacWh6V3RWZFZjY1FrVE9WREFuZC1hN24zWFJ5TzdCZFdFbVVxdjJEUVBobGctVnVSSUM3MlNzRjhIUF9uMFNsVWFhUm42d0M2U2VkbEk?oc=5\" target=\"_blank\" rel=\"nofollow noopener\">Pokuta 625 milion\u016f jako ten m\u00e9n\u011b bolav\u00fd trest. Kletba sed\u00ed na Clippers i za Ballmera<\/a>&nbsp;&nbsp;iDNES.cz<a href=\"https:\/\/news.google.com\/rss\/articles\/CBMiuwFBVV95cUxQOXk4aHZGRHpteHcwTGJQQWFMeVB3eEhIY2tDYzlMalBDVkZkOXZLOC1kQmZtYXJIOUhWS1Z2bUlFZERxalFGSTEyUG5MUkxpa0Y5MHpoVEpUZ2JMYTNKdHNFa29iUTc2cnRnUkpQVXBHdUNFVS1fcDVla09mbDNIWVFoMXpsWU91Y3g0MUJ5TkhOSWo2SWg2SmtIWnctajkyYjBvWjRaQy15WWFOUEZlUVRZX3ZoQy1WT3lV?oc=5\" target=\"_blank\" rel=\"nofollow noopener\">Basketbalov\u00fd skand\u00e1l. Klub platil hv\u011bzdu bokem, schytal rekordn\u00ed trest<\/a>&nbsp;&nbsp;Seznam Zpr\u00e1vy<a href=\"https:\/\/news.google.com\/rss\/articles\/CBMipwFBVV95cUxNc0RWbFc3bkpDY2JfVHBQYVhLSVpxV3dMa0lXWUlyd01pckxvLVloOWIzdVBTZ1pNcnNzS01lX0I4Y0VQOVIxWVRXaVJwZlFXTUtPMWpwUDhBbnNpSFV5TTBMOEZtT3E2Xzl5T1FtcC1obTJXTW5tYWw3WldxeTFOUjlsUDVycU9iLW9uZ0lreHlzQm1vMkpnUXBhNWIzc0JLaXFfUUUtOA?oc=5\" target=\"_blank\" rel=\"nofollow noopener\">David Ondr\u00e1\u010dka: Kauza Clippers ukazuje, \u017ee ani ultraboh\u00e1\u010di nemohou v\u0161echno<\/a>&nbsp;&nbsp;Newstream<a href=\"https:\/\/news.google.com\/rss\/articles\/CBMiigFBVV95cUxNT3BYR2kyYjhUbENoVXV2bldYUi10M2pHajBreXZ5Nm05V1JxMzIyNk5DVU1BaXkydV9rLVFWa20wTWhkaHJ0V0duNUJaYWxINlppdGx6Ty1qWG5jWUpvVDJCVEowUVlldW9ua3ROSGlwS0l0QU5NdFFRQnVDblpJc0dCQWkzTlE4a2c?oc=5\" target=\"_blank\" rel=\"nofollow noopener\">30 milion\u016f dolar\u016f a p\u011bt draftov\u00fdch voleb. Clippers dopl\u00e1cej\u00ed na \u00e9ru Kawhiho Leonarda a Steva Ballmera<\/a>&nbsp;&nbsp;Hrot24.cz<a href=\"https:\/\/news.google.com\/rss\/articles\/CBMi3AFBVV95cUxQWUl3UFdvdEhyZmZ5eFg1VUpNUS16NEtEUEhCa3dPdG1FQnJ3VTIzSGdFNUFnekJnTUw5am9FUFMxcEJUZmZPMzlsVkJ5RjNBZ0V6MGY1LVMtLWdwNmxzdHFJRjNITUFoaWNkbm5Td1NBcGxyTVRSSnFCWkF6U0tIeDFqOHR2MnVGaEVhc0tGLWtaYWR3dFIzb3Btci1pVnM1dmpzMl9yY1hoOWUzckVQZUNtSjBvR0Nsa1oyekRfY1RBMjh4WnlrV1RmVWg2SmgxenA2dWRZcktMLUh1?oc=5\" target=\"_blank\" rel=\"nofollow noopener\">Ballmer m\u016f\u017ee 30 milion\u016f zaplatit dnes. P\u011bt prvn\u00edch kol draftu si ale Clippers nekoup\u00ed zp\u00e1tky ani za miliardu<\/a>&nbsp;&nbsp;Centrum.cz<\/p>\n","protected":false},"excerpt":{"rendered":"Pokuta 625 milion\u016f jako ten m\u00e9n\u011b bolav\u00fd trest. Kletba sed\u00ed na Clippers i za Ballmera&nbsp;&nbsp;iDNES.czBasketbalov\u00fd skand\u00e1l. Klub platil&hellip;\n","protected":false},"author":2,"featured_media":203209,"comment_status":"","ping_status":"","sticky":false,"template":"","format":"standard","meta":{"footnotes":"","_share_on_mastodon":"0"},"categories":[15],"tags":[2046,46314,2879,46312,94,93,46311,46313],"class_list":["post-203208","post","type-post","status-publish","format-standard","has-post-thumbnail","category-sport","tag-dolar","tag-la-clippers","tag-nba","tag-paul-george","tag-sport","tag-sports","tag-steve-ballmer","tag-toronto-raptors"],"share_on_mastodon":{"url":"https:\/\/pubeurope.com\/@cz\/117215059119656343","error":""},"_links":{"self":[{"href":"https:\/\/www.europesays.com\/cz\/wp-json\/wp\/v2\/posts\/203208","targetHints":{"allow":["GET"]}}],"collection":[{"href":"https:\/\/www.europesays.com\/cz\/wp-json\/wp\/v2\/posts"}],"about":[{"href":"https:\/\/www.europesays.com\/cz\/wp-json\/wp\/v2\/types\/post"}],"author":[{"embeddable":true,"href":"https:\/\/www.europesays.com\/cz\/wp-json\/wp\/v2\/users\/2"}],"replies":[{"embeddable":true,"href":"https:\/\/www.europesays.com\/cz\/wp-json\/wp\/v2\/comments?post=203208"}],"version-history":[{"count":0,"href":"https:\/\/www.europesays.com\/cz\/wp-json\/wp\/v2\/posts\/203208\/revisions"}],"wp:featuredmedia":[{"embeddable":true,"href":"https:\/\/www.europesays.com\/cz\/wp-json\/wp\/v2\/media\/203209"}],"wp:attachment":[{"href":"https:\/\/www.europesays.com\/cz\/wp-json\/wp\/v2\/media?parent=203208"}],"wp:term":[{"taxonomy":"category","embeddable":true,"href":"https:\/\/www.europesays.com\/cz\/wp-json\/wp\/v2\/categories?post=203208"},{"taxonomy":"post_tag","embeddable":true,"href":"https:\/\/www.europesays.com\/cz\/wp-json\/wp\/v2\/tags?post=203208"}],"curies":[{"name":"wp","href":"https:\/\/api.w.org\/{rel}","templated":true}]}}