{"id":203238,"date":"2026-09-04T23:01:16","date_gmt":"2026-09-04T23:01:16","guid":{"rendered":"https:\/\/www.europesays.com\/cz\/203238\/"},"modified":"2026-09-04T23:01:16","modified_gmt":"2026-09-04T23:01:16","slug":"trump-vystavil-evrope-ucet-za-ukrajinu-chce-zpetne-zaplatit-bidenovu-pomoc","status":"publish","type":"post","link":"https:\/\/www.europesays.com\/cz\/203238\/","title":{"rendered":"Trump vystavil Evrop\u011b \u00fa\u010det za Ukrajinu. Chce zp\u011btn\u011b zaplatit Bidenovu pomoc"},"content":{"rendered":"<p>\u201eStovky miliard dolar\u016f byly Ukrajin\u011b a NATO poskytnuty zdarma, p\u0159esto\u017ee by je Evropa uhradila, kdyby ji o to n\u011bkdo po\u017e\u00e1dal. O tyto pen\u00edze si v\u0161ak \u0159ekneme, i kdy\u017e pon\u011bkud opo\u017ed\u011bn\u011b!&#8220; napsal <a href=\"https:\/\/www.e15.cz\/ekonomika\/trump-odmita-jednani-a-ropa-divoce-roste-jak-konflikt-v-hormuzu-nici-akcie-i-vladni-dluhopisy-1435445\" rel=\"nofollow noopener\" target=\"_blank\">republik\u00e1nsk\u00fd prezident<\/a>.<\/p>\n<p>Feder\u00e1ln\u00ed vl\u00e1da za Bidenova funk\u010dn\u00edho obdob\u00ed vydala miliardy dolar\u016f na <a href=\"https:\/\/www.e15.cz\/valka-na-ukrajine\/brusel-uvolnil-147-miliard-korun-na-zbrane-pro-ukrajinu-jde-o-cast-z-obri-unijni-pujcky-1435145\" rel=\"nofollow noopener\" target=\"_blank\">vojenskou pomoc Ukrajin\u011b<\/a>, kter\u00e1 od roku 2022 \u010del\u00ed rusk\u00e9 invazi. Trump za to sv\u00e9ho p\u0159edch\u016fdce opakovan\u011b kritizuje. \u201eBidenova administrativa dala mnohem v\u00edce munice Ukrajin\u011b, kterou to nic nest\u00e1lo, ne\u017e jsme my pou\u017eili v \u00cdr\u00e1nu,&#8220; uvedl v p\u0159\u00edsp\u011bvku Trump.<\/p>\n<p>Americk\u00e1 arm\u00e1da od za\u010d\u00e1tku v\u00e1lky s \u00cdr\u00e1nem na konci \u00fanora vy\u010derpala t\u00e9m\u011b\u0159 80 procent st\u0159el pro sv\u016fj kl\u00ed\u010dov\u00fd syst\u00e9m protivzdu\u0161n\u00e9 obrany THAAD a p\u0159ibli\u017en\u011b polovinu raket pro syst\u00e9m Patriot, informovala na za\u010d\u00e1tku srpna stanice CNN. Washingtonsk\u00e9 St\u0159edisko pro strategick\u00e1 a mezin\u00e1rodn\u00ed studia (CSIS) odhaduje, \u017ee USA p\u0159ed za\u010d\u00e1tkem v\u00e1lky s \u00cdr\u00e1nem disponovaly p\u0159ibli\u017en\u011b 2200 st\u0159elami pro dv\u011b nejmodern\u011bj\u0161\u00ed varianty syst\u00e9mu Patriot a 452 raketami pro THAAD.<\/p>\n<p>Trump v\u0161ak trv\u00e1 na tom, \u017ee USA maj\u00ed prakticky neomezen\u00e9 mno\u017estv\u00ed st\u0159eliva a zpr\u00e1vy o opaku ozna\u010dil za vlastizr\u00e1dn\u00e9. \u201eVytv\u00e1\u0159\u00edme si z\u00e1soby a p\u0159ipravujeme se na jakoukoli mimo\u0159\u00e1dnou ud\u00e1lost, kter\u00e1 by mohla nastat. Z\u00e1soby si nech\u00e1v\u00e1me pro sebe, m\u00edsto toho, abychom je prod\u00e1vali ostatn\u00edm. Prodej spojenc\u016fm v\u0161ak op\u011bt brzy za\u010dne,&#8220; napsal Trump.<\/p>\n","protected":false},"excerpt":{"rendered":"\u201eStovky miliard dolar\u016f byly Ukrajin\u011b a NATO poskytnuty zdarma, p\u0159esto\u017ee by je Evropa uhradila, kdyby ji o to&hellip;\n","protected":false},"author":2,"featured_media":203239,"comment_status":"","ping_status":"","sticky":false,"template":"","format":"standard","meta":{"footnotes":"","_share_on_mastodon":"0"},"categories":[11],"tags":[1187,212,106,808,4129,54,13235,110,113,26506,964,53,52],"class_list":["post-203238","post","type-post","status-publish","format-standard","has-post-thumbnail","category-svet","tag-bily-dum","tag-donald-trump","tag-evropa","tag-iran","tag-joe-biden","tag-svet","tag-truth-social","tag-ukrajina","tag-usa","tag-valka-na-blizkem-vychode","tag-vlada","tag-world","tag-world-news"],"share_on_mastodon":{"url":"https:\/\/pubeurope.com\/@cz\/117215263767115619","error":""},"_links":{"self":[{"href":"https:\/\/www.europesays.com\/cz\/wp-json\/wp\/v2\/posts\/203238","targetHints":{"allow":["GET"]}}],"collection":[{"href":"https:\/\/www.europesays.com\/cz\/wp-json\/wp\/v2\/posts"}],"about":[{"href":"https:\/\/www.europesays.com\/cz\/wp-json\/wp\/v2\/types\/post"}],"author":[{"embeddable":true,"href":"https:\/\/www.europesays.com\/cz\/wp-json\/wp\/v2\/users\/2"}],"replies":[{"embeddable":true,"href":"https:\/\/www.europesays.com\/cz\/wp-json\/wp\/v2\/comments?post=203238"}],"version-history":[{"count":0,"href":"https:\/\/www.europesays.com\/cz\/wp-json\/wp\/v2\/posts\/203238\/revisions"}],"wp:featuredmedia":[{"embeddable":true,"href":"https:\/\/www.europesays.com\/cz\/wp-json\/wp\/v2\/media\/203239"}],"wp:attachment":[{"href":"https:\/\/www.europesays.com\/cz\/wp-json\/wp\/v2\/media?parent=203238"}],"wp:term":[{"taxonomy":"category","embeddable":true,"href":"https:\/\/www.europesays.com\/cz\/wp-json\/wp\/v2\/categories?post=203238"},{"taxonomy":"post_tag","embeddable":true,"href":"https:\/\/www.europesays.com\/cz\/wp-json\/wp\/v2\/tags?post=203238"}],"curies":[{"name":"wp","href":"https:\/\/api.w.org\/{rel}","templated":true}]}}