{"id":203258,"date":"2026-09-05T01:01:21","date_gmt":"2026-09-05T01:01:21","guid":{"rendered":"https:\/\/www.europesays.com\/cz\/203258\/"},"modified":"2026-09-05T01:01:21","modified_gmt":"2026-09-05T01:01:21","slug":"trumpova-cla-a-hormuzsky-pruliv-podivejte-se-kterym-zemim-se-nejvice-propadl-vyvoz-do-usa","status":"publish","type":"post","link":"https:\/\/www.europesays.com\/cz\/203258\/","title":{"rendered":"Trumpova cla a Hormuzsk\u00fd pr\u016fliv. Pod\u00edvejte se, kter\u00fdm zem\u00edm se nejv\u00edce propadl v\u00fdvoz do USA"},"content":{"rendered":"<p>Jak\u00fd dopad m\u011bla cla vyhl\u00e1\u0161en\u00e1 americk\u00fdm prezidentem Donaldem Trumpem po n\u011bkolika m\u011bs\u00edc\u00edch na americk\u00e9 obchodn\u00ed partnery? Koho zas\u00e1hla nejv\u00edce? Pod\u00edvejte se na deset zem\u00ed, kter\u00fdm se nejv\u00edce propadl v\u00fdvoz do USA v miliard\u00e1ch dolar\u016f. \u017deb\u0159\u00ed\u010dek srovn\u00e1v\u00e1 v\u00fdvoz v prvn\u00edm pololet\u00ed roku 2024 s prvn\u00edm pololet\u00edm roku 2026 podle dat <a href=\"https:\/\/usatradeonline.census.gov\/\" target=\"_blank\" rel=\"noopener nofollow\">U. S. Census Bureau<\/a>.\u00a0<\/p>\n<p>10. Ir\u00e1k<\/p>\n<p>Dovoz z Ir\u00e1ku do Spojen\u00fdch st\u00e1t\u016f se oproti sledovan\u00e9mu obdob\u00ed sn\u00ed\u017eil o 1,5 miliardy dolar\u016f, co\u017e v jeho p\u0159\u00edpad\u011b p\u0159edstavuje v\u00fdrazn\u00fd propad skoro o 42 procent.  | Zdroj: Profimedia<\/p>\n<p class=\"isSelectedEnd\">Dovoz z Ir\u00e1ku do Spojen\u00fdch st\u00e1t\u016f se oproti sledovan\u00e9mu obdob\u00ed sn\u00ed\u017eil o 1,5 miliardy dolar\u016f, co\u017e v jeho p\u0159\u00edpad\u011b p\u0159edstavuje v\u00fdrazn\u00fd propad skoro o 42 procent. Za n\u00edm ale nelze jednodu\u0161e hledat Trumpova cla. Ir\u00e1ck\u00fd v\u00fdvoz do USA je toti\u017e mimo\u0159\u00e1dn\u011b z\u00e1visl\u00fd na rop\u011b a energetick\u00e9 suroviny byly z americk\u00fdch recipro\u010dn\u00edch cel vy\u0148aty. P\u0159esto\u017ee Trumpova administrativa stanovila pro ostatn\u00ed ir\u00e1ck\u00e9 zbo\u017e\u00ed vysokou celn\u00ed sazbu, na hlavn\u00ed ir\u00e1ck\u00fd exportn\u00ed artikl se tak nevztahuje.\u00a0<\/p>\n<p>Propad ir\u00e1ck\u00e9ho v\u00fdvozu do USA souvis\u00ed p\u0159edev\u0161\u00edm s probl\u00e9my s dopravou ropy na sv\u011btov\u00fd trh. Ir\u00e1k vyv\u00e1\u017e\u00ed v\u011bt\u0161inu ropy z termin\u00e1l\u016f na jihu zem\u011b p\u0159es Persk\u00fd z\u00e1liv a Hormuzsk\u00fd pr\u016fliv. Po jeho faktick\u00e9m uzav\u0159en\u00ed na konci \u00fanora 2026 se tato cesta v\u00fdrazn\u011b omezila a zem\u011b musela sn\u00ed\u017eit t\u011b\u017ebu. To je dob\u0159e vid\u011bt tak\u00e9 v americk\u00fdch statistik\u00e1ch. Zat\u00edmco v lednu dovezly Spojen\u00e9 st\u00e1ty z Ir\u00e1ku 8,2 milionu barel\u016f ropy, v dubnu u\u017e to bylo jen 3,3 milionu a v kv\u011btnu 2,2 milionu barel\u016f.\u00a0<\/p>\n","protected":false},"excerpt":{"rendered":"Jak\u00fd dopad m\u011bla cla vyhl\u00e1\u0161en\u00e1 americk\u00fdm prezidentem Donaldem Trumpem po n\u011bkolika m\u011bs\u00edc\u00edch na americk\u00e9 obchodn\u00ed partnery? Koho zas\u00e1hla&hellip;\n","protected":false},"author":2,"featured_media":203259,"comment_status":"","ping_status":"","sticky":false,"template":"","format":"standard","meta":{"footnotes":"","_share_on_mastodon":"0"},"categories":[11],"tags":[202,847,2046,212,6387,1290,1667,894,205,54,113,2803,53,52],"class_list":["post-203258","post","type-post","status-publish","format-standard","has-post-thumbnail","category-svet","tag-cina","tag-cla","tag-dolar","tag-donald-trump","tag-hormuzsky-pruliv","tag-irak","tag-listovackae15","tag-nizozemsko","tag-ropa","tag-svet","tag-usa","tag-vyvoz","tag-world","tag-world-news"],"share_on_mastodon":{"url":"https:\/\/pubeurope.com\/@cz\/117215735586416250","error":""},"_links":{"self":[{"href":"https:\/\/www.europesays.com\/cz\/wp-json\/wp\/v2\/posts\/203258","targetHints":{"allow":["GET"]}}],"collection":[{"href":"https:\/\/www.europesays.com\/cz\/wp-json\/wp\/v2\/posts"}],"about":[{"href":"https:\/\/www.europesays.com\/cz\/wp-json\/wp\/v2\/types\/post"}],"author":[{"embeddable":true,"href":"https:\/\/www.europesays.com\/cz\/wp-json\/wp\/v2\/users\/2"}],"replies":[{"embeddable":true,"href":"https:\/\/www.europesays.com\/cz\/wp-json\/wp\/v2\/comments?post=203258"}],"version-history":[{"count":0,"href":"https:\/\/www.europesays.com\/cz\/wp-json\/wp\/v2\/posts\/203258\/revisions"}],"wp:featuredmedia":[{"embeddable":true,"href":"https:\/\/www.europesays.com\/cz\/wp-json\/wp\/v2\/media\/203259"}],"wp:attachment":[{"href":"https:\/\/www.europesays.com\/cz\/wp-json\/wp\/v2\/media?parent=203258"}],"wp:term":[{"taxonomy":"category","embeddable":true,"href":"https:\/\/www.europesays.com\/cz\/wp-json\/wp\/v2\/categories?post=203258"},{"taxonomy":"post_tag","embeddable":true,"href":"https:\/\/www.europesays.com\/cz\/wp-json\/wp\/v2\/tags?post=203258"}],"curies":[{"name":"wp","href":"https:\/\/api.w.org\/{rel}","templated":true}]}}