{"id":203260,"date":"2026-09-05T01:07:12","date_gmt":"2026-09-05T01:07:12","guid":{"rendered":"https:\/\/www.europesays.com\/cz\/203260\/"},"modified":"2026-09-05T01:07:12","modified_gmt":"2026-09-05T01:07:12","slug":"leos-mares-na-pohrbu-ludka-hrzala-proc-mu-nesplnil-posledni-prani","status":"publish","type":"post","link":"https:\/\/www.europesays.com\/cz\/203260\/","title":{"rendered":"Leo\u0161 Mare\u0161 na poh\u0159bu Lu\u010fka Hrzala: Pro\u010d mu nesplnil posledn\u00ed p\u0159\u00e1n\u00ed?"},"content":{"rendered":"<p class=\"isSelectedEnd\">Nejbolestiv\u011bj\u0161\u00ed r\u00e1na p\u0159i\u0161la loni v prosinci. Po t\u011b\u017ek\u00e9 nemoci zem\u0159el Patrik Hezuck\u00fd, s n\u00edm\u017e Mare\u0161 dlouh\u00e1 l\u00e9ta tvo\u0159il jednu z nejzn\u00e1m\u011bj\u0161\u00edch rozhlasov\u00fdch dvojic v \u010cesku. Jejich spole\u010dn\u00e1 Rann\u00ed show na Evrop\u011b 2 za\u010dala u\u017e v roce 1998 a pracovn\u00ed vztah se b\u011bhem let prom\u011bnil v bl\u00edzk\u00e9 p\u0159\u00e1telstv\u00ed.<\/p>\n<p class=\"isSelectedEnd\">Se smrt\u00ed Hezuck\u00e9ho se Mare\u0161 vyrovn\u00e1val jen t\u011b\u017eko. Na sv\u00e9ho kolegu a kamar\u00e1da opakovan\u011b vzpom\u00ednal a jeho pam\u00e1tce byl v\u011bnov\u00e1n tak\u00e9 velk\u00fd koncert v pra\u017esk\u00e9 O2 aren\u011b.<\/p>\n<p>    <a href=\"https:\/\/www.ahaonline.cz\/clanek\/zhave-drby\/237072\/evropa-2-v-slzach-po-hezuckem-zemrela-dalsi-hvezda-mares-dekuje.html\" rel=\"nofollow noopener\" target=\"_blank\"><\/p>\n<p>        <img decoding=\"async\" src=\"https:\/\/www.europesays.com\/cz\/wp-content\/uploads\/2026\/09\/1788570431_771_9950816-crop.jpg\" alt=\"Evropa 2 v slz\u00e1ch: Po Hezuck\u00e9m zem\u0159ela dal\u0161\u00ed hv\u011bzda! Mare\u0161 d\u011bkuje\" title=\"Evropa 2 v slz\u00e1ch: Po Hezuck\u00e9m zem\u0159ela dal\u0161\u00ed hv\u011bzda! Mare\u0161 d\u011bkuje\" height=\"140\" width=\"220\" class=\"lazyload \" loading=\"lazy\" \/><\/p>\n<p>    <\/a><\/p>\n<p class=\"isSelectedEnd\">Dal\u0161\u00ed bolestn\u00e1 zpr\u00e1va p\u0159i\u0161la letos v \u010dervnu, kdy zem\u0159ela Mare\u0161ova dlouholet\u00e1 spolupracovnice a mana\u017eerka Kate\u0159ina Niklov\u00e1. Bylo j\u00ed pouh\u00fdch 42 let. Tak\u00e9 ona pat\u0159ila \u0159adu let k lidem, kte\u0159\u00ed byli sou\u010d\u00e1st\u00ed Mare\u0161ova ka\u017edodenn\u00edho pracovn\u00edho \u017eivota.<\/p>\n<p class=\"isSelectedEnd\">A nyn\u00ed zas\u00e1hl smutek tak\u00e9 Evropu 2. Moder\u00e1tor a DJ Lud\u011bk Hrzal zem\u0159el 27. srpna ve v\u011bku 60 let po boji s leukemi\u00ed.<\/p>\n<p class=\"isSelectedEnd\">Posledn\u00ed rozlou\u010den\u00ed se konalo ve \u010dtvrtek ve Velk\u00e9 ob\u0159adn\u00ed s\u00edni Stra\u0161nick\u00e9ho krematoria. Hrzal si p\u0159\u00e1l, aby se jeho poh\u0159eb nenesl v tradi\u010dn\u011b ponur\u00e9m duchu. Host\u00e9 proto m\u011bli p\u0159ij\u00edt ve sv\u011btl\u00e9m \u010di barevn\u00e9m oble\u010den\u00ed, ide\u00e1ln\u011b s kv\u011btinov\u00fdmi vzory. Na parte st\u00e1lo: \u201eA\u0165 je to je\u0161t\u011b jeden posledn\u00ed mejdan pro Lu\u010fka.\u201c<\/p>\n<p class=\"isSelectedEnd\">V\u011bt\u0161ina smute\u010dn\u00edch host\u016f toto p\u0159\u00e1n\u00ed respektovala. D\u00e1my p\u0159ich\u00e1zely v barevn\u00fdch \u010di kv\u011btovan\u00fdch \u0161atech, n\u011bkte\u0159\u00ed mu\u017ei zvolili sv\u011btl\u00e9 nebo v\u00fdrazn\u011bj\u0161\u00ed ko\u0161ile. Leo\u0161 Mare\u0161 v\u0161ak dorazil cel\u00fd v \u010dern\u00e9m. V rukou nesl velkou kytici b\u00edl\u00fdch r\u016f\u017e\u00ed a doprov\u00e1zel ho kolega Milo\u0161 Pokorn\u00fd.<\/p>\n<p class=\"isSelectedEnd\">Pro\u010d Mare\u0161 zvolil pr\u00e1v\u011b tradi\u010dn\u00ed \u010dern\u00fd smute\u010dn\u00ed od\u011bv, zn\u00e1mo nen\u00ed. Nelze tedy \u0159\u00edci, zda doporu\u010den\u00ed p\u0159ehl\u00e9dl, nebo m\u011bl pro svoji volbu jin\u00fd d\u016fvod. Mezi ostatn\u00edmi hosty v\u0161ak jeho oble\u010den\u00ed v\u00fdrazn\u011b vy\u010dn\u00edvalo.<\/p>\n<p>Posledn\u00ed sbohem p\u0159i\u0161li Lu\u010fku Hrzalovi d\u00e1t tak\u00e9 Leona Mach\u00e1lkov\u00e1, Mat\u011bj Ruppert, V\u00e1clav Kopta \u010di Petr Mal\u00e1sek. Pro Mare\u0161e znamenalo posledn\u00ed rozlou\u010den\u00ed dal\u0161\u00ed bolestnou ud\u00e1lost v obdob\u00ed, kdy se musel b\u011bhem n\u011bkolika m\u011bs\u00edc\u016f vyrovnat s odchodem hned n\u011bkolika lid\u00ed ze sv\u00e9ho bl\u00edzk\u00e9ho pracovn\u00edho okol\u00ed.<\/p>\n<p>    <a href=\"https:\/\/www.ahaonline.cz\/clanek\/zhave-drby\/236585\/mares-junior-o-tatovi-a-slave-v-americe-jsem-vic-v-klidu.html\" rel=\"nofollow noopener\" target=\"_blank\"><\/p>\n<p>        <img decoding=\"async\" src=\"https:\/\/www.europesays.com\/cz\/wp-content\/uploads\/2026\/09\/9160350.jpg\" alt=\"Mare\u0161 junior o t\u00e1tovi a sl\u00e1v\u011b: V Americe jsem v\u00edc v klidu\" title=\"Mare\u0161 junior o t\u00e1tovi a sl\u00e1v\u011b: V Americe jsem v\u00edc v klidu\" height=\"140\" width=\"220\" class=\"lazyload \" loading=\"lazy\" \/><\/p>\n<p>    <\/a><\/p>\n","protected":false},"excerpt":{"rendered":"Nejbolestiv\u011bj\u0161\u00ed r\u00e1na p\u0159i\u0161la loni v prosinci. Po t\u011b\u017ek\u00e9 nemoci zem\u0159el Patrik Hezuck\u00fd, s n\u00edm\u017e Mare\u0161 dlouh\u00e1 l\u00e9ta tvo\u0159il&hellip;\n","protected":false},"author":2,"featured_media":203261,"comment_status":"","ping_status":"","sticky":false,"template":"","format":"standard","meta":{"footnotes":"","_share_on_mastodon":"0"},"categories":[14],"tags":[42,79,8127,3320,44782,12586,12332,908,80,163],"class_list":["post-203260","post","type-post","status-publish","format-standard","has-post-thumbnail","category-zabava","tag-cesko","tag-entertainment","tag-evropa-2","tag-leos-mares","tag-ludek-hrzal","tag-obleceni","tag-patrik-hezucky","tag-pohreb","tag-zabava","tag-zhave-drby"],"share_on_mastodon":{"url":"https:\/\/pubeurope.com\/@cz\/117215759356875152","error":""},"_links":{"self":[{"href":"https:\/\/www.europesays.com\/cz\/wp-json\/wp\/v2\/posts\/203260","targetHints":{"allow":["GET"]}}],"collection":[{"href":"https:\/\/www.europesays.com\/cz\/wp-json\/wp\/v2\/posts"}],"about":[{"href":"https:\/\/www.europesays.com\/cz\/wp-json\/wp\/v2\/types\/post"}],"author":[{"embeddable":true,"href":"https:\/\/www.europesays.com\/cz\/wp-json\/wp\/v2\/users\/2"}],"replies":[{"embeddable":true,"href":"https:\/\/www.europesays.com\/cz\/wp-json\/wp\/v2\/comments?post=203260"}],"version-history":[{"count":0,"href":"https:\/\/www.europesays.com\/cz\/wp-json\/wp\/v2\/posts\/203260\/revisions"}],"wp:featuredmedia":[{"embeddable":true,"href":"https:\/\/www.europesays.com\/cz\/wp-json\/wp\/v2\/media\/203261"}],"wp:attachment":[{"href":"https:\/\/www.europesays.com\/cz\/wp-json\/wp\/v2\/media?parent=203260"}],"wp:term":[{"taxonomy":"category","embeddable":true,"href":"https:\/\/www.europesays.com\/cz\/wp-json\/wp\/v2\/categories?post=203260"},{"taxonomy":"post_tag","embeddable":true,"href":"https:\/\/www.europesays.com\/cz\/wp-json\/wp\/v2\/tags?post=203260"}],"curies":[{"name":"wp","href":"https:\/\/api.w.org\/{rel}","templated":true}]}}