{"id":203286,"date":"2026-09-05T03:09:18","date_gmt":"2026-09-05T03:09:18","guid":{"rendered":"https:\/\/www.europesays.com\/cz\/203286\/"},"modified":"2026-09-05T03:09:18","modified_gmt":"2026-09-05T03:09:18","slug":"nemecka-policie-zasahla-proti-podezrelemu-ze-sabotazi-na-rozvodnach","status":"publish","type":"post","link":"https:\/\/www.europesays.com\/cz\/203286\/","title":{"rendered":"N\u011bmeck\u00e1 policie zas\u00e1hla proti podez\u0159el\u00e9mu ze sabot\u00e1\u017e\u00ed na rozvodn\u00e1ch"},"content":{"rendered":"<p class=\"e_bX\">Podez\u0159el\u00fdm ze sabot\u00e1\u017ee na objektech energetick\u00e9 infrastruktury v\u00a0N\u011bmecku je klimatick\u00fd aktivista, ozn\u00e1mil spolkov\u00fd ministr vnitra Alexander Dobrindt. Policie v\u00a0Severn\u00edm Por\u00fdn\u00ed-Vestf\u00e1lsku vzala \u00fatokem vozidlo podez\u0159el\u00e9ho 48let\u00e9ho mu\u017ee z\u00a0Gevelsbergu v\u00a0t\u00e9to spolkov\u00e9 zemi, uvedl podle agentury DPA region\u00e1ln\u00ed ministr vnitra Herbert Reul. Podez\u0159el\u00fd napsal dopis, v\u00a0n\u011bm\u017e se k\u00a0\u00fatok\u016fm p\u0159ihl\u00e1sil.<\/p>\n<p class=\"e_bX\">Dobrindt \u00fatoky na elektrick\u00e9 rozvodny na n\u011bkolika m\u00edstech N\u011bmecka z\u00a0posledn\u00edch dn\u016f ozna\u010dil za projev \u201eklimatick\u00e9ho extremismu\u201c.<\/p>\n<p><a data-dot=\"mol-article-card-media\" aria-hidden=\"true\" tabindex=\"-1\" href=\"https:\/\/www.seznamzpravy.cz\/clanek\/zahranicni-nemecka-policie-vysetruje-dalsi-pripad-utoku-na-elektrickou-stanici-314605\" class=\"e_n f_l8\" rel=\"nofollow noopener\" target=\"_blank\"><img fetchpriority=\"high\" height=\"1508\"   width=\"2682\" src=\"https:\/\/www.europesays.com\/cz\/wp-content\/uploads\/2026\/09\/1788577756_157_nemecko-policie.jpeg\" loading=\"eager\" decoding=\"sync\" class=\"e_aa e_Z\"\/><\/a><\/p>\n<p class=\"e_bX\">Policejn\u00ed komando na v\u016fz podez\u0159el\u00e9ho za\u00fato\u010dilo v\u00a0oblasti povrchov\u00e9ho dolu Hombacher Forst. Podle Reula se nyn\u00ed mu\u017e z\u0159ejm\u011b pohybuje p\u011b\u0161ky a\u00a0daleko se nedostane.<\/p>\n<p class=\"e_bX\">Policie podnikla domovn\u00ed prohl\u00eddku v\u00a0byt\u011b, kde na\u0161la p\u0159edm\u011bty podobn\u00e9 v\u00fdbu\u0161nin\u00e1m, uvedl tak\u00e9 Reul. P\u00edsmo v\u00a0dopise o\u00a0odpov\u011bdnosti za \u00fatoky se podle Reula shoduje s\u00a0rukopisem podez\u0159el\u00e9ho mu\u017ee.<\/p>\n<p class=\"e_bX\">V dob\u011b Dobrindtovy a\u00a0Reulovy tiskov\u00e9 konference den\u00edk Bild na sv\u00fdch internetov\u00fdch str\u00e1nk\u00e1ch informoval, \u017ee v\u00a0Sasku byly objeveny d\u016fkazy o\u00a0dal\u0161\u00edm chystan\u00e9m \u00fatoku na energetickou infrastrukturu.<\/p>\n<p class=\"e_bX\">V \u00fater\u00fd se c\u00edlem sabot\u00e1\u017ee stala rozvodna pobl\u00ed\u017e elektr\u00e1rny J\u00e4nschwalde v\u00a0Braniborsku, na kterou pachatel \u010di pachatel\u00e9 za\u00fato\u010dili objekty dom\u00e1c\u00ed v\u00fdroby, kter\u00e9 se podobaly silvestrovsk\u00fdm raket\u00e1m. T\u00fd\u017e den se stala ter\u010dem tak\u00e9 rozvodna v\u00a0Bergheimu nedaleko Kol\u00edna nad R\u00fdnem, kde policie na\u0161la mo\u017en\u00e9 odpalovac\u00ed za\u0159\u00edzen\u00ed a\u00a0pyrotechniku. Ve \u010dtvrtek policie nalezla mo\u017en\u00e9 odpalovac\u00ed za\u0159\u00edzen\u00ed u\u00a0elektrick\u00e9 stanice v\u00a0Dormagenu mezi Kol\u00ednem nad R\u00fdnem a\u00a0D\u00fcsseldorfem.<\/p>\n<p><a data-dot=\"mol-article-card-media\" aria-hidden=\"true\" tabindex=\"-1\" href=\"https:\/\/www.seznamzpravy.cz\/clanek\/ekonomika-firmy-chteli-intel-zbyl-jim-agrofert-afd-hraje-do-karet-velka-promarnena-sance-314537\" class=\"e_n f_l8\" rel=\"nofollow noopener\" target=\"_blank\"><img height=\"2304\"   width=\"4096\" src=\"https:\/\/www.europesays.com\/cz\/wp-content\/uploads\/2026\/09\/1788577758_925_afd.jpeg\" loading=\"eager\" decoding=\"sync\" class=\"e_aa e_Z\"\/><\/a><a data-dot=\"mol-article-card-media\" aria-hidden=\"true\" tabindex=\"-1\" href=\"https:\/\/www.seznamzpravy.cz\/clanek\/zahranicni-vane-vitr-zmen-argentinsky-prezident-hrozi-britanii-ze-ji-vezme-uzemi-314644\" class=\"e_n f_l8\" rel=\"nofollow noopener\" target=\"_blank\"><img height=\"2304\"   width=\"4096\" src=\"https:\/\/www.europesays.com\/cz\/wp-content\/uploads\/2026\/09\/1788577758_865_javier-milei.jpeg\" loading=\"eager\" decoding=\"sync\" class=\"e_aa e_Z\"\/><\/a><\/p>\n","protected":false},"excerpt":{"rendered":"Podez\u0159el\u00fdm ze sabot\u00e1\u017ee na objektech energetick\u00e9 infrastruktury v\u00a0N\u011bmecku je klimatick\u00fd aktivista, ozn\u00e1mil spolkov\u00fd ministr vnitra Alexander Dobrindt. Policie&hellip;\n","protected":false},"author":2,"featured_media":203287,"comment_status":"","ping_status":"","sticky":false,"template":"","format":"standard","meta":{"footnotes":"","_share_on_mastodon":"0"},"categories":[10],"tags":[4444,17,21,375,16,17678,18,19,22,20],"class_list":["post-203286","post","type-post","status-publish","format-standard","has-post-thumbnail","category-zpravy","tag-aktiviste","tag-headlines","tag-hlavni-udalosti","tag-nemecko","tag-news","tag-sabotaz","tag-top-news","tag-top-stories","tag-udalosti-dne","tag-zpravy"],"share_on_mastodon":{"url":"https:\/\/pubeurope.com\/@cz\/117216239316666184","error":""},"_links":{"self":[{"href":"https:\/\/www.europesays.com\/cz\/wp-json\/wp\/v2\/posts\/203286","targetHints":{"allow":["GET"]}}],"collection":[{"href":"https:\/\/www.europesays.com\/cz\/wp-json\/wp\/v2\/posts"}],"about":[{"href":"https:\/\/www.europesays.com\/cz\/wp-json\/wp\/v2\/types\/post"}],"author":[{"embeddable":true,"href":"https:\/\/www.europesays.com\/cz\/wp-json\/wp\/v2\/users\/2"}],"replies":[{"embeddable":true,"href":"https:\/\/www.europesays.com\/cz\/wp-json\/wp\/v2\/comments?post=203286"}],"version-history":[{"count":0,"href":"https:\/\/www.europesays.com\/cz\/wp-json\/wp\/v2\/posts\/203286\/revisions"}],"wp:featuredmedia":[{"embeddable":true,"href":"https:\/\/www.europesays.com\/cz\/wp-json\/wp\/v2\/media\/203287"}],"wp:attachment":[{"href":"https:\/\/www.europesays.com\/cz\/wp-json\/wp\/v2\/media?parent=203286"}],"wp:term":[{"taxonomy":"category","embeddable":true,"href":"https:\/\/www.europesays.com\/cz\/wp-json\/wp\/v2\/categories?post=203286"},{"taxonomy":"post_tag","embeddable":true,"href":"https:\/\/www.europesays.com\/cz\/wp-json\/wp\/v2\/tags?post=203286"}],"curies":[{"name":"wp","href":"https:\/\/api.w.org\/{rel}","templated":true}]}}