{"id":203288,"date":"2026-09-05T03:18:17","date_gmt":"2026-09-05T03:18:17","guid":{"rendered":"https:\/\/www.europesays.com\/cz\/203288\/"},"modified":"2026-09-05T03:18:17","modified_gmt":"2026-09-05T03:18:17","slug":"ifa-2026-ai-diriguje-celou-domacnost-a-spotrebice-poslouchaji-jako-orchestr","status":"publish","type":"post","link":"https:\/\/www.europesays.com\/cz\/203288\/","title":{"rendered":"IFA 2026: AI diriguje celou dom\u00e1cnost. A\u00a0spot\u0159ebi\u010de poslouchaj\u00ed jako orchestr"},"content":{"rendered":"<p class=\"c_bB\">Jednotliv\u00e9 spot\u0159ebi\u010de u\u017e podle LG nemaj\u00ed fungovat jako samostatn\u00e1 za\u0159\u00edzen\u00ed, kter\u00e1 \u010dlov\u011bk ovl\u00e1d\u00e1 jedno po druh\u00e9m. Pra\u010dka, trouba, televize a\u00a0dal\u0161\u00ed vybaven\u00ed dom\u00e1cnosti maj\u00ed b\u00fdt propojen\u00e9 a\u00a0d\u00edky um\u011bl\u00e9 inteligenci spolupracovat jako jeden celek. A\u00a0\u010dlov\u011bk jim bude sp\u00ed\u0161e zad\u00e1vat pokyny, ne\u017e aby se staral o\u00a0ka\u017ed\u00fd spot\u0159ebi\u010d zvl\u00e1\u0161\u0165.<\/p>\n<p class=\"c_bB\">Pr\u00e1v\u011b takovou vizi LG p\u0159edstavuje na sv\u00e9m st\u00e1nku na berl\u00ednsk\u00e9m veletrhu IFA 2026.\u00a0Spole\u010dnost ji ozna\u010duje jako AI Home, tedy dom\u00e1cnost, v\u00a0n\u00ed\u017e um\u011bl\u00e1 inteligence propojuje jednotliv\u00e9 spot\u0159ebi\u010de, prostory i\u00a0slu\u017eby.<\/p>\n<p class=\"c_bB\">\u201eSna\u017e\u00edme se n\u00e1v\u0161t\u011bvn\u00edk\u016fm uk\u00e1zat na\u0161i vizi AI Home. M\u00e1me \u0159adu produkt\u016f s\u00a0funkcemi um\u011bl\u00e9 inteligence a\u00a0jejich propojen\u00edm m\u016f\u017eeme vytvo\u0159it kompletn\u011b koordinovanou dom\u00e1cnost,\u201c vysv\u011btluje Grace Parkov\u00e1 ze spole\u010dnosti LG.<\/p>\n<p><a data-dot=\"atm-link\" target=\"_self\" href=\"https:\/\/www.novinky.cz\/clanek\/internet-a-pc-mobil-ifa-2026-vypada-skoro-jako-iphone-ultra-cinane-narychlo-ukazali-vlastni-skladacku-40596010\" class=\"c_I\" rel=\"nofollow noopener\"><img fetchpriority=\"high\" height=\"1080\" width=\"1920\" src=\"https:\/\/www.europesays.com\/cz\/wp-content\/uploads\/2026\/09\/1788578295_280_mobil-xiaomi.jpeg\" loading=\"eager\" decoding=\"sync\" class=\"c_t c_r\"\/><\/a><img height=\"1500\"   width=\"2000\" src=\"https:\/\/www.europesays.com\/cz\/wp-content\/uploads\/2026\/09\/lg-ifa.jpeg\" loading=\"eager\" decoding=\"sync\" class=\"c_t c_r\"\/>Foto: Miloslav Fi\u0161er, Novinky<\/p>\n<p class=\"c_bB\">Koncert pod taktovkou um\u011bl\u00e9 inteligence p\u016fsobil symbolicky.<\/p>\n<p>Spot\u0159ebi\u010de bude \u00fakolovat AI agent<\/p>\n<p class=\"c_bB\">Centrem cel\u00e9ho konceptu je dom\u00e1c\u00ed hub nov\u00e9 generace LG ThinQ ON. Ten m\u00e1 propojovat jednotliv\u00e9 spot\u0159ebi\u010de a\u00a0slu\u017eby do jednoho syst\u00e9mu, kter\u00fd dok\u00e1\u017ee reagovat na po\u017eadavky u\u017eivatele.<\/p>\n<p class=\"c_bB\">Na veletrhu m\u00e1 svou ve\u0159ejnou premi\u00e9ru tak\u00e9 ThinQ Claw, AI agent zalo\u017een\u00fd na textov\u00e9 komunikaci. S\u00a0jeho pomoc\u00ed m\u016f\u017ee u\u017eivatel spot\u0159ebi\u010d\u016fm zad\u00e1vat p\u0159\u00edkazy podobn\u011b jako p\u0159i konverzaci s\u00a0chatbotem.<\/p>\n<p class=\"c_bB\">Nemus\u00ed p\u0159itom nutn\u011b p\u0159estat sledovat televizi a\u00a0j\u00edt n\u011bco nastavovat p\u0159\u00edmo na pra\u010dce. \u201eM\u016f\u017eete nap\u0159\u00edklad \u0159\u00edct: M\u016f\u017ee\u0161 v\u00a0m\u00e9 pra\u010dce spustit p\u0159edp\u00edrku? M\u016f\u017eete to zadat textem, ale tak\u00e9 hlasov\u00fdm ovl\u00e1d\u00e1n\u00edm,\u201c popisuje Parkov\u00e1.<\/p>\n<p class=\"c_bB\">Stejn\u00fdm zp\u016fsobem lze ovl\u00e1dat nap\u0159\u00edklad troubu. Sta\u010d\u00ed po\u017e\u00e1dat syst\u00e9m ThinQ ON, aby ji p\u0159edeh\u0159\u00e1l, a\u00a0spot\u0159ebi\u010d se o\u00a0zbytek postar\u00e1 s\u00e1m.<\/p>\n<p class=\"c_bB\">LG t\u00edm ale podle v\u0161eho nechce skon\u010dit u\u00a0hlasov\u00e9ho ovl\u00e1d\u00e1n\u00ed spot\u0159ebi\u010d\u016f. C\u00edlem je, aby jednotliv\u00e1 za\u0159\u00edzen\u00ed dok\u00e1zala fungovat koordinovan\u011b a\u00a0dom\u00e1cnost se postupn\u011b obe\u0161la bez neust\u00e1l\u00fdch z\u00e1sah\u016f \u010dlov\u011bka.<\/p>\n<p>Nemus\u00edte na nic myslet<\/p>\n<p class=\"c_bB\">Pr\u00e1v\u011b v\u00a0tom spo\u010d\u00edv\u00e1 ambici\u00f3zn\u011bj\u0161\u00ed \u010d\u00e1st vize LG. Spole\u010dnost mluv\u00ed o\u00a0dom\u00e1cnosti, kter\u00e1 bude prakticky \u201ebez pr\u00e1ce\u201c\u00a0\u2013 tedy o\u00a0prost\u0159ed\u00ed, kde um\u011bl\u00e1 inteligence sama zajist\u00ed b\u011b\u017en\u00e9 \u00fakoly a\u00a0\u010dlov\u011bk nebude muset p\u0159em\u00fd\u0161let nad t\u00edm, co je pot\u0159eba ud\u011blat.<\/p>\n<p class=\"c_bB\">\u201eNa\u0161\u00ed viz\u00ed do budoucna je dom\u00e1cnost bez pr\u00e1ce, ve kter\u00e9 nemus\u00edme na nic myslet,\u201c \u0159\u00edk\u00e1 Parkov\u00e1. \u201eP\u0159edstavujeme si, \u017ee na\u0161e AI dom\u00e1cnost ud\u011bl\u00e1 v\u0161e, co je pot\u0159eba, a\u00a0my nebudeme muset pracovat tak tvrd\u011b jako dnes.\u201c<\/p>\n<p class=\"c_bB\">Zn\u00ed to mo\u017en\u00e1 jako vzd\u00e1len\u00e1 budoucnost, LG ale upozor\u0148uje, \u017ee podobn\u00e9 technologie u\u017e zav\u00e1d\u011bj\u00ed v\u00a0Ji\u017en\u00ed Koreji. Dal\u0161\u00edm krokem m\u00e1 b\u00fdt jejich roz\u0161\u00ed\u0159en\u00ed do Evropy a\u00a0dal\u0161\u00edch \u010d\u00e1st\u00ed sv\u011bta.<\/p>\n<p class=\"c_bB\">Koncept chytr\u00e9 dom\u00e1cnosti je letos velk\u00fdm t\u00e9matem na veletrhu IFA 2026.\u00a0Ilustrovala to kr\u00e1sn\u011b tak\u00e9 spole\u010dn\u00e1 <a data-dot=\"atm-link\" target=\"_blank\" href=\"https:\/\/www.novinky.cz\/clanek\/internet-a-pc-ai-ifa-2026-mluvit-s-nami-bude-trouba-i-kavovar-ai-meni-spotrebice-k-nepoznani-40595937\" class=\"c_I\" rel=\"nofollow noopener\">tiskov\u00e1 konference spole\u010dnost\u00ed Bosch a\u00a0Siemens<\/a>, na kter\u00e9 byly k\u00a0vid\u011bn\u00ed trouby i\u00a0k\u00e1vovary, kter\u00e9 s\u00a0n\u00e1mi budou d\u00edky AI mluvit podobn\u011b jako lid\u00e9.<\/p>\n<p class=\"c_bB\">Chytr\u00e9 spot\u0159ebi\u010de na veletrhu IFA 2026\u00a0v\u00a0Berl\u00edn\u011bVideo: AP<\/p>\n<p><a data-dot=\"atm-link\" target=\"_self\" href=\"https:\/\/www.novinky.cz\/clanek\/internet-a-pc-ifa-2026-zadne-samopaly-ani-policie-ruskych-vyhruzek-se-nemci-neboji-40596169\" class=\"c_I\" rel=\"nofollow noopener\"><img height=\"1080\" width=\"1920\" src=\"https:\/\/www.europesays.com\/cz\/wp-content\/uploads\/2026\/09\/1788578297_401_ifa-2026-berlin-nemecko-veletrh.jpeg\" loading=\"eager\" decoding=\"sync\" class=\"c_t c_r\"\/><\/a><\/p>\n","protected":false},"excerpt":{"rendered":"Jednotliv\u00e9 spot\u0159ebi\u010de u\u017e podle LG nemaj\u00ed fungovat jako samostatn\u00e1 za\u0159\u00edzen\u00ed, kter\u00e1 \u010dlov\u011bk ovl\u00e1d\u00e1 jedno po druh\u00e9m. Pra\u010dka, trouba,&hellip;\n","protected":false},"author":2,"featured_media":203289,"comment_status":"","ping_status":"","sticky":false,"template":"","format":"standard","meta":{"footnotes":"","_share_on_mastodon":"0"},"categories":[10],"tags":[4125,31855,17,21,45891,21399,16,4195,18,19,22,1105,20],"class_list":["post-203288","post","type-post","status-publish","format-standard","has-post-thumbnail","category-zpravy","tag-berlin","tag-chytra-domacnost","tag-headlines","tag-hlavni-udalosti","tag-ifa-berlin","tag-lg","tag-news","tag-spotrebice","tag-top-news","tag-top-stories","tag-udalosti-dne","tag-veletrh","tag-zpravy"],"share_on_mastodon":{"url":"https:\/\/pubeurope.com\/@cz\/117216275094230612","error":""},"_links":{"self":[{"href":"https:\/\/www.europesays.com\/cz\/wp-json\/wp\/v2\/posts\/203288","targetHints":{"allow":["GET"]}}],"collection":[{"href":"https:\/\/www.europesays.com\/cz\/wp-json\/wp\/v2\/posts"}],"about":[{"href":"https:\/\/www.europesays.com\/cz\/wp-json\/wp\/v2\/types\/post"}],"author":[{"embeddable":true,"href":"https:\/\/www.europesays.com\/cz\/wp-json\/wp\/v2\/users\/2"}],"replies":[{"embeddable":true,"href":"https:\/\/www.europesays.com\/cz\/wp-json\/wp\/v2\/comments?post=203288"}],"version-history":[{"count":0,"href":"https:\/\/www.europesays.com\/cz\/wp-json\/wp\/v2\/posts\/203288\/revisions"}],"wp:featuredmedia":[{"embeddable":true,"href":"https:\/\/www.europesays.com\/cz\/wp-json\/wp\/v2\/media\/203289"}],"wp:attachment":[{"href":"https:\/\/www.europesays.com\/cz\/wp-json\/wp\/v2\/media?parent=203288"}],"wp:term":[{"taxonomy":"category","embeddable":true,"href":"https:\/\/www.europesays.com\/cz\/wp-json\/wp\/v2\/categories?post=203288"},{"taxonomy":"post_tag","embeddable":true,"href":"https:\/\/www.europesays.com\/cz\/wp-json\/wp\/v2\/tags?post=203288"}],"curies":[{"name":"wp","href":"https:\/\/api.w.org\/{rel}","templated":true}]}}