{"id":203304,"date":"2026-09-05T04:36:12","date_gmt":"2026-09-05T04:36:12","guid":{"rendered":"https:\/\/www.europesays.com\/cz\/203304\/"},"modified":"2026-09-05T04:36:12","modified_gmt":"2026-09-05T04:36:12","slug":"chtela-abych-ji-zabil-znalecky-posudek-viktorcina-otce-je-desivou-sondou-do-drogami-prozrane-mysli","status":"publish","type":"post","link":"https:\/\/www.europesays.com\/cz\/203304\/","title":{"rendered":"Cht\u011bla, abych ji zabil. Znaleck\u00fd posudek Viktor\u010dina otce je d\u011bsivou sondou do drogami pro\u017eran\u00e9 mysli"},"content":{"rendered":"<p class=\"c_bB\">T\u0159icetilet\u00fd otec d\u00edvenky nyn\u00ed dl\u00ed ve vazebn\u00ed v\u011bznici. M\u00e1 za sebou dlouhou drogovou historii, kter\u00e1 sah\u00e1 a\u017e do z\u00e1kladn\u00ed \u0161koly, k\u00a0tomu trp\u00ed schizofreni\u00ed. Je logick\u00e9, \u017ee policist\u00e9 oslovili znalce, aby zjistili, jak\u00fd byl v\u00a0dob\u011b \u010dinu mu\u017e\u016fv stav.<\/p>\n<p class=\"c_bB\">Psychiatri\u010dka Gabriela Leblov\u00e1 a\u00a0psycholo\u017eka Jind\u0159i\u0161ka Z\u00e1horsk\u00e1 po mu\u017eov\u011b vy\u0161et\u0159en\u00ed do\u0161ly k\u00a0z\u00e1v\u011bru, \u017ee byl nep\u0159\u00ed\u010detn\u00fd, na co\u017e policie reagovala tak, \u017ee \u010din p\u0159ekvalifikovala z\u00a0vra\u017edy na trestn\u00fd \u010din opilstv\u00ed, za kter\u00fd hroz\u00ed maxim\u00e1ln\u011b desetilet\u00e9 v\u011bzen\u00ed. Znalkyn\u011b ov\u0161em sou\u010dasn\u011b navrhly um\u00edstit mu\u017ee do detence, kde by teoreticky mohl z\u016fstat na do\u017eivot\u00ed.<\/p>\n<p class=\"c_bB\">\u201eM\u00e1m \u00fapln\u011b \u010dist\u00fd sv\u011bdom\u00ed. V\u011bd\u011bl jsem, \u017ee ji zabiju, u\u017e tak dva dny zp\u011bt. Dva dny p\u0159ed t\u00edm u\u017e mi to Viky nazna\u010dovala. Ne\u017e jsem ji zabil, za\u010dala si to poji\u0161\u0165ovat. Jen si m\u011b p\u0159ipravovala. Tot\u00e1ln\u00ed sv*n\u011b, manipul\u00e1torka. M\u011bla v\u0161echny tak zm\u00e1kl\u00fd,\u201c vypov\u011bd\u011bl mu\u017e p\u0159i znaleck\u00e9m zkoum\u00e1n\u00ed.<\/p>\n<p><a data-dot=\"atm-link\" target=\"_self\" href=\"https:\/\/www.novinky.cz\/clanek\/krimi-obrat-v-kauze-smrti-trilete-viktorky-otce-uz-nevini-z-vrazdy-ale-z-opilstvi-40595152\" class=\"c_I\" rel=\"nofollow noopener\"><img fetchpriority=\"high\" height=\"1780\" width=\"3164\" src=\"https:\/\/www.europesays.com\/cz\/wp-content\/uploads\/2026\/09\/1788582971_789_hasici-policie-xpolicie-xhasici.jpeg\" loading=\"eager\" decoding=\"sync\" class=\"c_t c_r\"\/><\/a>\u201eTo nebylo zloben\u00ed, to byl brut\u00e1ln\u00ed hnus\u201c<\/p>\n<p class=\"c_bB\">Na ot\u00e1zku, jak\u00fd m\u011bla dcera c\u00edl, m\u011bl jasnou odpov\u011b\u010f: \u201eA\u0165 ji zabiju. To nebylo zloben\u00ed, to byl brut\u00e1ln\u00ed hnus. Nejde popsat, co ta hol\u010di\u010dka dok\u00e1zala. A\u00a0pak zas byla sla\u010founk\u00e1. Jedin\u00fd dar, co mi mohla d\u00e1t, byl, \u017ee m\u011b donutila ji zab\u00edt. Douf\u00e1m, \u017ee je to nahran\u00fd v\u00a0telefonu, jak ji vra\u017ed\u00edm,\u201c pokra\u010doval mu\u017e.<\/p>\n<p class=\"c_bB\">Osudn\u00fd ve\u010der t\u0159\u00edlet\u00e9 d\u011bv\u010d\u00e1tko odvedl do lesa a\u00a0brut\u00e1ln\u011b je zavra\u017edil. Popis \u010dinu je tak n\u00e1siln\u00fd, \u017ee jej Novinky neuv\u00e1d\u00ed. \u201eNebylo to jednoduch\u00fd, nikdy bych nev\u011b\u0159il, co vydr\u017e\u00ed mal\u00fd d\u00edt\u011b,\u201c podivoval se i\u00a0po m\u011bs\u00edc\u00edch od \u010dinu otec.<\/p>\n<p class=\"c_bB\">\u201eV cele jsem s\u00e1m. U\u017e bylo p\u00e1r n\u00e1znak\u016f, \u017ee by m\u011b tady zabili. To v\u00edte, bylo to ve zpr\u00e1v\u00e1ch. To v\u00edte, zabil jsem mal\u00fd d\u00edt\u011b. No, co dostanu, to dostanu,\u201c dodal.<\/p>\n<p>Byl nep\u0159\u00ed\u010detn\u00fd, ale p\u0159i tom pl\u00e1noval?<\/p>\n<p class=\"c_bB\">Podle kl\u00ed\u010dov\u00e9 \u010d\u00e1sti posudku byl mu\u017e v\u00a0dob\u011b \u010dinu nep\u0159\u00ed\u010detn\u00fd, a\u010dkoli v\u00a0dokumentaci jsou i\u00a0zpr\u00e1vy dal\u0161\u00edch l\u00e9ka\u0159\u016f, kte\u0159\u00ed mu\u017e\u016fv stav p\u0159ed \u010di po \u010dinu hodnotili m\u00e9n\u011b jasn\u011b. Mu\u017e byl toti\u017e na posledn\u00ed kontrole na psychiatrii 4.\u00a0b\u0159ezna, kdy l\u00e9ka\u0159ka jeho stav popsala jako stabilizovan\u00fd s\u00a0t\u00edm, \u017ee dostal pravidelnou depotn\u00ed injekci s\u00a0l\u00e9ky.<\/p>\n<p class=\"c_bB\">K \u010dinu do\u0161lo 21.\u00a0b\u0159ezna, p\u0159i\u010dem\u017e mu\u017e opakovan\u011b popsal, jak se na \u00fatok dop\u0159edu p\u0159ipravil a\u00a0v\u011bd\u011bl, co chce ud\u011blat. Dop\u0159edu si nachystal a\u00a0ukryl zbra\u0148, dce\u0159i nachystal do batohu su\u0161enky a\u00a0pit\u00ed\u010dko, na\u010de\u017e hledal m\u00edsto, kde je nikdo neuvid\u00ed. Samotn\u00fd \u00fatok pak musel p\u0159izp\u016fsobovat p\u0159ek\u00e1\u017ek\u00e1m, kter\u00e9 ne\u010dekal.<\/p>\n<p class=\"c_bB\">\u201eTo jsou projevy pl\u00e1nov\u00e1n\u00ed, v\u00fdb\u011bru prost\u0159edk\u016f, monitorov\u00e1n\u00ed situace, adapta\u010dn\u00ed regulace jedn\u00e1n\u00ed a\u00a0n\u00e1sledn\u00e9ho chov\u00e1n\u00ed orientovan\u00e9ho na d\u016fsledky. Jedn\u00e1 se o\u00a0natolik siln\u00e1 a\u00a0protism\u011brn\u00e1 data, \u017ee bez jejich samostatn\u00e9 anal\u00fdzy nelze uzav\u0159\u00edt, \u017ee rozpozn\u00e1vac\u00ed i\u00a0ovl\u00e1dac\u00ed schopnost byly nikoli pouze sn\u00ed\u017eeny, n\u00fdbr\u017e zcela vymizel\u00e9. Pr\u00e1v\u011b tuto kolizi posudek fakticky v\u016fbec ne\u0159e\u0161\u00ed,\u201c upozornil zku\u0161en\u00fd znalec, jeho\u017e Novinky znaj\u00ed, a\u00a0kter\u00fd m\u011bl mo\u017enost posudek prostudovat.<\/p>\n<p><a data-dot=\"atm-link\" target=\"_self\" href=\"https:\/\/www.novinky.cz\/clanek\/domaci-jednoznacne-pochybeni-rekl-tejc-ke-karne-zalobe-soudkyne-v-pripadu-vrazdy-viktorky-40586016\" class=\"c_I\" rel=\"nofollow noopener\"><img height=\"2253\" width=\"4007\" src=\"https:\/\/www.europesays.com\/cz\/wp-content\/uploads\/2026\/09\/c7d0.jpeg\" loading=\"eager\" decoding=\"sync\" class=\"c_t c_r\"\/><\/a><\/p>\n<p class=\"c_bB\">Teprve 24.\u00a0b\u0159ezna bylo p\u0159\u00edbuzn\u00fdmi nahl\u00e1\u0161eno, \u017ee d\u00edvka nen\u00ed k\u00a0nalezen\u00ed. P\u0159ivolan\u00fdm policist\u016fm pak necht\u011bl mu\u017e \u0159\u00edct, kde dcera je, a\u00a0m\u00edsto toho jim vykl\u00e1dal, \u017ee je u\u00a0chytr\u00fdch lid\u00ed a\u00a0je o\u00a0ni dob\u0159e postar\u00e1no. Teprve po dal\u0161\u00ed dob\u011b se rozhodl policisty p\u0159iv\u00e9st na m\u00edsto vra\u017edy.<\/p>\n<p class=\"c_bB\">Kr\u00e1tce po vzet\u00ed do vazby, 4.\u00a0kv\u011btna, byl hospitalizov\u00e1n na v\u011bze\u0148sk\u00e9 psychiatrii. L\u00e9ka\u0159i tam zapsali, \u017ee se jim ov\u0161em pacient nejevil psychoticky. \u201eP\u0159i konfrontaci s\u00a0t\u00edm, \u017ee se n\u00e1m nejev\u00ed jednozna\u010dn\u011b du\u0161evn\u011b nemocn\u00fd v\u00a0prav\u00e9m slova smyslu, pacient p\u0159ipou\u0161t\u011bl, \u017ee nemoc je pro n\u011bj v\u00fdhodn\u00e1, p\u0159in\u00e1\u0161\u00ed mu \u00falevy, v\u00fdchodisko v\u00a0nep\u0159\u00edzniv\u00e9 situaci a\u00a0taky by bez n\u00ed mohl p\u0159ij\u00edt o\u00a0d\u016fchod,\u201c zapsali l\u00e9ka\u0159i.<\/p>\n<p>Dal\u0161\u00ed nejasnosti v\u00a0posudku<\/p>\n<p class=\"c_bB\">Podobn\u00fdch nejasnost\u00ed je p\u0159itom v\u00a0posudku v\u00edcero. Na jedn\u00e9 stran\u011b tak znalkyn\u011b p\u00ed\u0161\u00ed o\u00a0tom, \u017ee u\u00a0obvin\u011bn\u00e9ho je \u201ekontakt s\u00a0realitou v\u00fdznamn\u011b rozvoln\u011bn\u00fd, nestabiln\u00ed, naru\u0161en\u00fd, st\u00e1le se zhor\u0161uj\u00edc\u00ed\u201c, aby na vedlej\u0161\u00ed str\u00e1nce st\u00e1lo, \u017ee \u201eintelektov\u00e9 ani pam\u011b\u0165ov\u00e9 schopnosti posuzovan\u00e9ho nejsou naru\u0161eny, posuzovan\u00fd je z\u00a0dan\u00e9ho pohledu schopen situaci spr\u00e1vn\u011b vn\u00edmat, zapamatovat si ji a\u00a0verbalizovat pro\u017eit\u00e9 ud\u00e1losti.\u201c<\/p>\n<p class=\"c_bB\">Znalkyn\u011b tak\u00e9 doch\u00e1z\u00ed k\u00a0z\u00e1v\u011bru, \u017ee nelze p\u0159esn\u011b \u0159\u00edci, co u\u00a0mu\u017ee vedlo k\u00a0psychotick\u00fdm epizod\u00e1m, aby sou\u010dasn\u011b konstatovaly, \u017ee nedodr\u017eov\u00e1n\u00ed abstinence vedlo k\u00a0akutn\u00ed psych\u00f3ze.<\/p>\n<p class=\"c_bB\">Mu\u017e p\u0159i vy\u0161et\u0159en\u00ed sice se znalkyn\u011bmi spolupracoval, ale s\u00e1m dal najevo, co si o\u00a0odborn\u00edc\u00edch mysl\u00ed: \u201ePsychiat\u0159i jsou pozadu. Fe\u0165\u00e1ci jim daj\u00ed na frak.\u201c<\/p>\n<p class=\"c_bB\">Znalkyn\u011b z\u00a0oboru psychiatrie Leblov\u00e1 pat\u0159\u00ed podle dostupn\u00fdch informac\u00ed mezi nejvyt\u00ed\u017een\u011bj\u0161\u00ed znalce, za rok 2025\u00a0zpracovala podle ofici\u00e1ln\u00edch podklad\u016f 447\u00a0posudk\u016f, co\u017e zna\u010d\u00ed v\u00edce ne\u017e jeden posudek ka\u017ed\u00fd den, v\u010detn\u011b v\u00edkend\u016f a\u00a0sv\u00e1tk\u016f. Letos jich m\u00e1 podle rejst\u0159\u00edku znalc\u016f 231.<\/p>\n<p><a data-dot=\"atm-link\" target=\"_self\" href=\"https:\/\/www.novinky.cz\/clanek\/domaci-zpravy-hlavni-mesto-praha-zavrazdil-ji-otec-kteremu-ji-vratil-soud-petice-za-viktorku-ma-pet-tisic-podpisu-40581876\" class=\"c_I\" rel=\"nofollow noopener\"><img height=\"720\" width=\"1280\" src=\"https:\/\/www.europesays.com\/cz\/wp-content\/uploads\/2026\/09\/Sh71Gf.jpeg\" loading=\"eager\" decoding=\"sync\" class=\"c_t c_r\"\/><\/a><\/p>\n","protected":false},"excerpt":{"rendered":"T\u0159icetilet\u00fd otec d\u00edvenky nyn\u00ed dl\u00ed ve vazebn\u00ed v\u011bznici. M\u00e1 za sebou dlouhou drogovou historii, kter\u00e1 sah\u00e1 a\u017e do&hellip;\n","protected":false},"author":2,"featured_media":203305,"comment_status":"","ping_status":"","sticky":false,"template":"","format":"standard","meta":{"footnotes":"","_share_on_mastodon":"0"},"categories":[7],"tags":[43,42,41,40,2117,325,4976,1644,15376],"class_list":["post-203304","post","type-post","status-publish","format-standard","has-post-thumbnail","category-cesko","tag-ceska-republika","tag-cesko","tag-czech-republic","tag-czechia","tag-drogy","tag-policie","tag-schizofrenie","tag-vrazda","tag-znalecky-posudek"],"share_on_mastodon":{"url":"https:\/\/pubeurope.com\/@cz\/117216581329299532","error":""},"_links":{"self":[{"href":"https:\/\/www.europesays.com\/cz\/wp-json\/wp\/v2\/posts\/203304","targetHints":{"allow":["GET"]}}],"collection":[{"href":"https:\/\/www.europesays.com\/cz\/wp-json\/wp\/v2\/posts"}],"about":[{"href":"https:\/\/www.europesays.com\/cz\/wp-json\/wp\/v2\/types\/post"}],"author":[{"embeddable":true,"href":"https:\/\/www.europesays.com\/cz\/wp-json\/wp\/v2\/users\/2"}],"replies":[{"embeddable":true,"href":"https:\/\/www.europesays.com\/cz\/wp-json\/wp\/v2\/comments?post=203304"}],"version-history":[{"count":0,"href":"https:\/\/www.europesays.com\/cz\/wp-json\/wp\/v2\/posts\/203304\/revisions"}],"wp:featuredmedia":[{"embeddable":true,"href":"https:\/\/www.europesays.com\/cz\/wp-json\/wp\/v2\/media\/203305"}],"wp:attachment":[{"href":"https:\/\/www.europesays.com\/cz\/wp-json\/wp\/v2\/media?parent=203304"}],"wp:term":[{"taxonomy":"category","embeddable":true,"href":"https:\/\/www.europesays.com\/cz\/wp-json\/wp\/v2\/categories?post=203304"},{"taxonomy":"post_tag","embeddable":true,"href":"https:\/\/www.europesays.com\/cz\/wp-json\/wp\/v2\/tags?post=203304"}],"curies":[{"name":"wp","href":"https:\/\/api.w.org\/{rel}","templated":true}]}}