{"id":203314,"date":"2026-09-05T04:46:16","date_gmt":"2026-09-05T04:46:16","guid":{"rendered":"https:\/\/www.europesays.com\/cz\/203314\/"},"modified":"2026-09-05T04:46:16","modified_gmt":"2026-09-05T04:46:16","slug":"petatricet-minut-na-jednicku-pak-cesky-o-senzaci-pripravily-detaily","status":"publish","type":"post","link":"https:\/\/www.europesays.com\/cz\/203314\/","title":{"rendered":"P\u011btat\u0159icet minut na jedni\u010dku. Pak \u010ce\u0161ky o\u00a0senzaci p\u0159ipravily detaily"},"content":{"rendered":"<p class=\"b_bA\">Berl\u00edn (od na\u0161\u00ed zpravodajky)\u00a0\u2013 P\u0159ed utk\u00e1n\u00edm m\u00e1lokdo po\u010d\u00edtal, \u017ee se bitva Italek s\u00a0\u010ce\u0161kami prom\u011bn\u00ed v\u00a0nap\u00ednavou pod\u00edvanou. N\u00e1rodn\u00ed t\u00fdm ale dok\u00e1zal hned v\u00a0\u00favodn\u00edch minut\u00e1ch, \u017ee se \u0161ampion\u00e1tu nep\u0159ijel pouze z\u00fa\u010dastnit. \u201eNikdo od n\u00e1s ne\u010dekal takov\u00fd v\u00fdkon. V\u0161ichni n\u00e1s podce\u0148ovali, tak\u017ee si mysl\u00edm, \u017ee jsme uk\u00e1zali, \u017ee dok\u00e1\u017eeme se soupe\u0159kami hr\u00e1t,\u201c t\u011b\u0161ilo kapit\u00e1nku Nat\u00e1lii Stoupalovou.<\/p>\n<p class=\"b_bA\">\u010cesk\u00fd t\u00fdm v\u00a0p\u0159\u00edprav\u011b pracoval na eliminaci v\u00fd\u0161kov\u00e9ho deficitu pod ko\u0161em a\u00a0h\u0159e bez vysok\u00fdch pivotek. A\u00a0v\u00a0z\u00e1pase s\u00a0It\u00e1li\u00ed se mu to minim\u00e1ln\u011b t\u0159i \u010dtvrtiny da\u0159ilo. \u201eV obran\u011b jsme si hodn\u011b vypom\u00e1haly zdvojov\u00e1n\u00edm pivotek, co\u017e je p\u0159esn\u011b to, co jsme tr\u00e9novaly, a\u00a0jsem r\u00e1da, \u017ee to holky p\u0159edvedly,\u201c \u0159\u00edkala na poz\u00e1pasov\u00e9 tiskov\u00e9 konferenci kou\u010dka Romana Pt\u00e1\u010dkov\u00e1.<\/p>\n<p><a data-dot=\"atm-link\" target=\"_self\" href=\"https:\/\/www.sport.cz\/clanek\/basketbal-ms-mistrovstvi-sveta-zeny-2026-cesko-italie-online-5527111\" class=\"b_V g_ig\" rel=\"nofollow noopener\"><img fetchpriority=\"high\" height=\"2730\" width=\"3640\" src=\"https:\/\/www.europesays.com\/cz\/wp-content\/uploads\/2026\/09\/vorackova-basketbal.jpeg\" loading=\"eager\" decoding=\"sync\" class=\"b_B b_z\"\/><\/a><\/p>\n<p class=\"b_bA\">Po zm\u011bn\u011b stran Italky pochopily, \u017ee mus\u00ed p\u0159itla\u010dit, a\u00a0nakonec se jim povedlo urvat v\u00edt\u011bzstv\u00ed o\u00a0dev\u011bt bod\u016f. \u201eDo druh\u00e9ho polo\u010dasu vstoupily agresivn\u011bji a\u00a0dost\u00e1valy n\u00e1s do nekomfortn\u00edch situac\u00ed. Musely jsme st\u0159\u00edlet t\u011b\u017e\u0161\u00ed st\u0159ely a\u00a0m\u011bly jsme m\u00e9n\u011b \u010dasu na rozhodnut\u00ed,\u201c vyjmenov\u00e1vala Pt\u00e1\u010dkov\u00e1 d\u016fvody, pro\u010d se nakonec radovaly soupe\u0159ky.<\/p>\n<p class=\"b_bA\">Kapit\u00e1nka Stoupalov\u00e1 by k\u00a0nim p\u0159idala je\u0161t\u011b doskoky: \u201eItalky m\u011bly hodn\u011b \u00fato\u010dn\u00fdch doskok\u016f, neodstavovaly jsme je. Mysl\u00edm, \u017ee to v\u00a0z\u00e1v\u011bru rozhodlo, proto\u017ee t\u00edm bod po bodu navy\u0161ovaly n\u00e1skok.\u201c Italsk\u00fd po\u010det \u00fato\u010dn\u00fdch doskok\u016f se zastavil na \u010d\u00edsle t\u0159in\u00e1ct oproti \u010dty\u0159em \u010desk\u00fdm.<\/p>\n<p><img height=\"2731\"   width=\"4096\" src=\"https:\/\/www.europesays.com\/cz\/wp-content\/uploads\/2026\/09\/joklova-ptackova-basketbal.jpeg\" loading=\"eager\" decoding=\"sync\" class=\"b_B b_z\"\/>Foto: CZ.BASKETBALL\/V\u00e1clav Mudra<\/p>\n<p class=\"b_bA\">Rozehr\u00e1va\u010dka Eli\u0161ka Joklov\u00e1 s\u00a0tren\u00e9rkou Romanou Pt\u00e1\u010dkovou b\u011bhem duelu s\u00a0It\u00e1li\u00ed<\/p>\n<p class=\"b_bA\">Prohra s\u00a0It\u00e1li\u00ed na \u00favod turnaje nen\u00ed ide\u00e1ln\u00ed, ale nestav\u00ed \u010ce\u0161ky do beznad\u011bjn\u00e9 situace. Syst\u00e9m turnaje, ve kter\u00e9m postupuj\u00ed t\u0159i ze \u010dty\u0159 celk\u016f ve skupin\u011b, jim nahr\u00e1v\u00e1. \u201eDneska to bylo hodn\u011b bl\u00edzko a\u00a0v\u0161echny jsme moc cht\u011bly, ale turnaj je\u0161t\u011b nekon\u010d\u00ed a\u00a0m\u016f\u017ee se st\u00e1t cokoliv,\u201c nazna\u010dovala Stoupalov\u00e1, \u017ee zraky n\u00e1rodn\u00edho t\u00fdmu se te\u010f budou up\u00ednat na ned\u011bln\u00ed duel s\u00a0\u010c\u00ednou.<\/p>\n<p class=\"b_bA\">Pr\u00e1v\u011b p\u0159es asijsk\u00fd celek by toti\u017e za t\u00e9to situace mohla v\u00e9st cesta do osmifin\u00e1le MS. \u201eUr\u010dit\u011b. Mus\u00edme vyhr\u00e1t a\u00a0tro\u0161ku spol\u00e9hat i\u00a0na dal\u0161\u00ed z\u00e1pasy ve skupin\u011b,\u201c burcovala rozehr\u00e1va\u010dka Eli\u0161ka Joklov\u00e1. \u201eUvid\u00edme, jak se n\u00e1m poda\u0159\u00ed eliminovat vysok\u00e9 hr\u00e1\u010dky a\u00a0co z\u00a0toho vyt\u011b\u017e\u00edme. Mysl\u00edm si, \u017ee bychom p\u0159es n\u011b mohly hr\u00e1t rychle, proto\u017ee velk\u00e9 pivotky nejsou tolik pohybliv\u00e9, ale asi bude z\u00e1sadn\u00ed jejich eliminace pod ko\u0161em,\u201c pokra\u010dovala autorka sedmi bod\u016f proti It\u00e1lii.<\/p>\n<p><a data-dot=\"atm-link\" target=\"_self\" href=\"https:\/\/www.sport.cz\/clanek\/basketbal-ceska-v-zamori-bojuje-o-kazdou-minutu-nikdy-nevite-co-s-vami-bude-rika-5525382\" class=\"b_V g_ig\" rel=\"nofollow noopener\"><img height=\"2304\" width=\"3071\" src=\"https:\/\/www.europesays.com\/cz\/wp-content\/uploads\/2026\/09\/1788583574_222_joklova-basketbal.jpeg\" loading=\"eager\" decoding=\"sync\" class=\"b_B b_z\"\/><\/a><\/p>\n<p class=\"b_bA\">Joklov\u00e1 si po dlouh\u00e9 dob\u011b u\u017eila v\u011bt\u0161\u00ed minut\u00e1\u017e a\u00a0\u0159\u00eddila hru n\u00e1rodn\u00edho t\u00fdmu, i\u00a0kdy\u017e p\u0159izn\u00e1v\u00e1, \u017ee byla nesv\u00e1. \u201eMus\u00edm \u0159\u00edct, \u017ee jsem po\u0159\u00e1d takov\u00e1 sama v\u00a0sob\u011b trochu nejist\u00e1, ale sna\u017e\u00edm se hr\u00e1t basket, jak um\u00edm. Mysl\u00edm si, \u017ee v\u00a0druh\u00e9m polo\u010dase u\u017e jsem se c\u00edtila mnohem l\u00edp. Bohu\u017eel jsem nedok\u00e1zala prom\u011bnit \u0161estky, kter\u00e9 jsem si dok\u00e1zala vybojovat, co\u017e m\u011b mrz\u00ed. Ve v\u00fdsledku je to n\u011bjak\u00fdch 5\u00a0bod\u016f a\u00a0mohlo to b\u00fdt vyrovnan\u011bj\u0161\u00ed,\u201c komentovala sv\u016fj v\u00fdkon.<\/p>\n<p class=\"b_bA\">Ne\u00fasp\u011b\u0161n\u00e9 trestn\u00e9 hody, kter\u00fdch \u010ce\u0161ky prom\u011bnily pouze jeden\u00e1ct z\u00a0osmn\u00e1cti, mrzely i\u00a0tren\u00e9rku Pt\u00e1\u010dkovou. \u201eJe to dal\u0161\u00ed v\u011bc, kter\u00e1 mohla rozhodnout. P\u0159\u00edli\u0161 se n\u00e1m neda\u0159ilo ani zpoza trojkov\u00e9 \u010d\u00e1ry,\u201c p\u0159izn\u00e1vala kou\u010dka, jej\u00ed\u017e sv\u011b\u0159enkyn\u011b daly It\u00e1lii p\u011bt z\u00a0dvaceti trojek.<\/p>\n<p><a data-dot=\"atm-link\" target=\"_self\" href=\"https:\/\/www.sport.cz\/clanek\/basketbal-cesky-budou-hrat-v-hale-pojmenovane-po-boxerovi-ktery-tajil-sve-hrdinstvi-5526755\" class=\"b_V g_ig\" rel=\"nofollow noopener\"><img height=\"2048\" width=\"2730\" src=\"https:\/\/www.europesays.com\/cz\/wp-content\/uploads\/2026\/09\/1788583576_401_max-schmeling-halle-basketbal.jpeg\" loading=\"eager\" decoding=\"sync\" class=\"b_B b_z\"\/><\/a><\/p>\n","protected":false},"excerpt":{"rendered":"Berl\u00edn (od na\u0161\u00ed zpravodajky)\u00a0\u2013 P\u0159ed utk\u00e1n\u00edm m\u00e1lokdo po\u010d\u00edtal, \u017ee se bitva Italek s\u00a0\u010ce\u0161kami prom\u011bn\u00ed v\u00a0nap\u00ednavou pod\u00edvanou. N\u00e1rodn\u00ed t\u00fdm&hellip;\n","protected":false},"author":2,"featured_media":203315,"comment_status":"","ping_status":"","sticky":false,"template":"","format":"standard","meta":{"footnotes":"","_share_on_mastodon":"0"},"categories":[10],"tags":[1085,4125,6304,17,21,45869,16,2425,45115,18,19,22,20],"class_list":["post-203314","post","type-post","status-publish","format-standard","has-post-thumbnail","category-zpravy","tag-basketbal","tag-berlin","tag-eliska-hamzova","tag-headlines","tag-hlavni-udalosti","tag-mistrovstvi-sveta-v-basketbalu-zen","tag-news","tag-reprezentace","tag-romana-ptackova","tag-top-news","tag-top-stories","tag-udalosti-dne","tag-zpravy"],"share_on_mastodon":{"url":"https:\/\/pubeurope.com\/@cz\/117216620318316457","error":""},"_links":{"self":[{"href":"https:\/\/www.europesays.com\/cz\/wp-json\/wp\/v2\/posts\/203314","targetHints":{"allow":["GET"]}}],"collection":[{"href":"https:\/\/www.europesays.com\/cz\/wp-json\/wp\/v2\/posts"}],"about":[{"href":"https:\/\/www.europesays.com\/cz\/wp-json\/wp\/v2\/types\/post"}],"author":[{"embeddable":true,"href":"https:\/\/www.europesays.com\/cz\/wp-json\/wp\/v2\/users\/2"}],"replies":[{"embeddable":true,"href":"https:\/\/www.europesays.com\/cz\/wp-json\/wp\/v2\/comments?post=203314"}],"version-history":[{"count":0,"href":"https:\/\/www.europesays.com\/cz\/wp-json\/wp\/v2\/posts\/203314\/revisions"}],"wp:featuredmedia":[{"embeddable":true,"href":"https:\/\/www.europesays.com\/cz\/wp-json\/wp\/v2\/media\/203315"}],"wp:attachment":[{"href":"https:\/\/www.europesays.com\/cz\/wp-json\/wp\/v2\/media?parent=203314"}],"wp:term":[{"taxonomy":"category","embeddable":true,"href":"https:\/\/www.europesays.com\/cz\/wp-json\/wp\/v2\/categories?post=203314"},{"taxonomy":"post_tag","embeddable":true,"href":"https:\/\/www.europesays.com\/cz\/wp-json\/wp\/v2\/tags?post=203314"}],"curies":[{"name":"wp","href":"https:\/\/api.w.org\/{rel}","templated":true}]}}