{"id":203320,"date":"2026-09-05T04:54:11","date_gmt":"2026-09-05T04:54:11","guid":{"rendered":"https:\/\/www.europesays.com\/cz\/203320\/"},"modified":"2026-09-05T04:54:11","modified_gmt":"2026-09-05T04:54:11","slug":"medvedice-s-mladaty-se-pohybovaly-u-detskeho-hriste-vizovice-zalarmovaly-obyvatele","status":"publish","type":"post","link":"https:\/\/www.europesays.com\/cz\/203320\/","title":{"rendered":"Medv\u011bdice s ml\u00e1\u010faty se pohybovaly u d\u011btsk\u00e9ho h\u0159i\u0161t\u011b. Vizovice zalarmovaly obyvatele"},"content":{"rendered":"<p>\n                        V okol\u00ed Vizovic na Zl\u00ednsku se pohybuje medv\u011bdice s medv\u00ed\u010faty. M\u011bsto proto v p\u00e1tek na sv\u00e9m profilu na Facebooku vydalo varov\u00e1n\u00ed, upozornil iRozhlas. Lid\u00e9 by m\u011bli b\u00fdt v p\u0159\u00edrod\u011b opatrn\u00ed a nepou\u0161t\u011bt psy na volno.\n                    <\/p>\n<p>\u201eDle sd\u011blen\u00ed policie byla dnes p\u0159ed 17. hodinou na Lhotsku pobl\u00ed\u017e d\u011btsk\u00e9ho h\u0159i\u0161t\u011b spat\u0159ena medv\u011bdice se dv\u011bma medv\u00ed\u010faty,\u201c uvedlo m\u011bsto. Lhotsko je od centra Vizovic vzd\u00e1len\u00e9 zhruba t\u0159i kilometry.<\/p>\n<p>Medv\u011bd se v regionu objevil tak\u00e9 p\u0159ed dv\u011bma roky. Tehdy jeho pohyb v okrajov\u00e9 \u010d\u00e1sti Zl\u00edna potvrdily podle m\u011bstsk\u00e9 policie stopy.<\/p>\n<p>V \u010cesku se medv\u011bdi vyskytuj\u00ed p\u0159edev\u0161\u00edm v Beskydech, kam migruj\u00ed ze Slovenska. V \u010cech\u00e1ch se objev\u00ed ojedin\u011ble. N\u011bkdy se zatoulaj\u00ed d\u00e1l od Beskyd do Jesen\u00edk\u016f, na \u010ceskomoravskou vrchovinu nebo do Odersk\u00fdch vrch\u016f.<\/p>\n<p>        <img decoding=\"async\" src=\"https:\/\/www.europesays.com\/cz\/wp-content\/uploads\/2026\/09\/1788584051_427_a66033d0e1b43ce9c627652e554fdc64.png\" alt=\"\u010cTK\" class=\"avatar-img w-[40px] h-[40px] min-w-[40px] rounded-full border-[1.5px] border-solid border-black object-cover hover:opacity-90 transition-opacity before:!content-none !bg-none\" loading=\"lazy\"\/><\/p>\n<p>                                    \u010cTK<\/p>\n<p class=\"!text-semibold-14-14 !text-black mb-0 mt-2\">\n                Spolehliv\u00fd, rychl\u00fd a nez\u00e1visl\u00fd zpravodajsk\u00fd servis.\n            <\/p>\n","protected":false},"excerpt":{"rendered":"V okol\u00ed Vizovic na Zl\u00ednsku se pohybuje medv\u011bdice s medv\u00ed\u010faty. M\u011bsto proto v p\u00e1tek na sv\u00e9m profilu na&hellip;\n","protected":false},"author":2,"featured_media":203321,"comment_status":"","ping_status":"","sticky":false,"template":"","format":"standard","meta":{"footnotes":"","_share_on_mastodon":"0"},"categories":[7],"tags":[10656,43,42,41,40,6581,46331,28784,1445,30615,1444,4070,692],"class_list":["post-203320","post","type-post","status-publish","format-standard","has-post-thumbnail","category-cesko","tag-beskydy","tag-ceska-republika","tag-cesko","tag-czech-republic","tag-czechia","tag-detske-hriste","tag-lhotsko","tag-medved","tag-priroda","tag-vizovice","tag-zivotni-prostredi","tag-zlinsky-kraj","tag-zvirata"],"share_on_mastodon":{"url":"https:\/\/pubeurope.com\/@cz\/117216651932880752","error":""},"_links":{"self":[{"href":"https:\/\/www.europesays.com\/cz\/wp-json\/wp\/v2\/posts\/203320","targetHints":{"allow":["GET"]}}],"collection":[{"href":"https:\/\/www.europesays.com\/cz\/wp-json\/wp\/v2\/posts"}],"about":[{"href":"https:\/\/www.europesays.com\/cz\/wp-json\/wp\/v2\/types\/post"}],"author":[{"embeddable":true,"href":"https:\/\/www.europesays.com\/cz\/wp-json\/wp\/v2\/users\/2"}],"replies":[{"embeddable":true,"href":"https:\/\/www.europesays.com\/cz\/wp-json\/wp\/v2\/comments?post=203320"}],"version-history":[{"count":0,"href":"https:\/\/www.europesays.com\/cz\/wp-json\/wp\/v2\/posts\/203320\/revisions"}],"wp:featuredmedia":[{"embeddable":true,"href":"https:\/\/www.europesays.com\/cz\/wp-json\/wp\/v2\/media\/203321"}],"wp:attachment":[{"href":"https:\/\/www.europesays.com\/cz\/wp-json\/wp\/v2\/media?parent=203320"}],"wp:term":[{"taxonomy":"category","embeddable":true,"href":"https:\/\/www.europesays.com\/cz\/wp-json\/wp\/v2\/categories?post=203320"},{"taxonomy":"post_tag","embeddable":true,"href":"https:\/\/www.europesays.com\/cz\/wp-json\/wp\/v2\/tags?post=203320"}],"curies":[{"name":"wp","href":"https:\/\/api.w.org\/{rel}","templated":true}]}}