{"id":203322,"date":"2026-09-05T04:58:10","date_gmt":"2026-09-05T04:58:10","guid":{"rendered":"https:\/\/www.europesays.com\/cz\/203322\/"},"modified":"2026-09-05T04:58:10","modified_gmt":"2026-09-05T04:58:10","slug":"jacksonova-vytvorila-rekord-diamantove-ligy-duplantis-ucast-v-bruselu-vzdal-idnes-cz","status":"publish","type":"post","link":"https:\/\/www.europesays.com\/cz\/203322\/","title":{"rendered":"Jacksonov\u00e1 vytvo\u0159ila rekord Diamantov\u00e9 ligy, Duplantis \u00fa\u010dast v Bruselu vzdal &#8211; iDNES.cz"},"content":{"rendered":"<p><a href=\"https:\/\/news.google.com\/rss\/articles\/CBMi2wFBVV95cUxOWUE1RGpKSkI3VVNlVFc4SEpkTEZRMmMwd0tlcEM5NWE5SlFORGM0ZzZpaEdob3FHYmxiZzFna1JJWUhLLW5MaGt4alRQUTFsS1pjWkJXMTVSSUE4anJxT21vOXl3SGZ2cjA5SXJyZzVvNFFUY0VkS0hhV21URlRjdkF3MEhHRUJfaHpWaXZSOTdXM01lbkZ5WmZYMHh5ZWp6NXpVVnB3YmVoTE04MkVmZHFHZzBFZEhrZTJVRHYwSnl4cHpOUkRuYS1QNVh0RU1uRExLc3FBZHlwVkk?oc=5\" target=\"_blank\" rel=\"nofollow noopener\">Jacksonov\u00e1 vytvo\u0159ila rekord Diamantov\u00e9 ligy, Duplantis \u00fa\u010dast v Bruselu vzdal<\/a>&nbsp;&nbsp;iDNES.cz<a href=\"https:\/\/news.google.com\/rss\/articles\/CBMiogFBVV95cUxNcnEwTTllVjNDN3REeU1JYXFzYnBZSXhsLTlnNkVHZUotdmwyM09ubmE3NGQtVXRsQVA4UDd6NVVjVFFrcEFvWHhtUEROU1VEU1VKZDdGNy1meGNlUU1UanF4SG5aT3dEb0VBd2JfMzRsSTJvYmVkOW5FdEtRTlhuSGoxc1JDc3VrQUZheWs5Z1ZnMkwySFVDSDdONloxS29ua1E?oc=5\" target=\"_blank\" rel=\"nofollow noopener\">Americk\u00e1 koula\u0159ka zaznamenala rekord a m\u00e1 t\u0159et\u00ed diamant. Duplantis \u0161est\u00fd triumf nep\u0159id\u00e1<\/a>&nbsp;&nbsp;Sport.cz<a href=\"https:\/\/news.google.com\/rss\/articles\/CBMixAFBVV95cUxQVW1hdEU2SlM1aGdjVlRyb3dMakVMWlJTX1U0dklIa0ZwWE5QZFlCcnlHQUd6NHUzN3R0V3I2NGFTdkw5TV9ndmJjbVZVc01WNkU3WHhrRG5Idml5TDVvUUhMUUhnNUlGSzhfMHNFYkRpaGlDNXRVT3VzWEpfZ2RMRDM0V3pRdEhDLWRZODJWeU9sc2IweGFsNUROQmdKT3E2ZFNZTndONnNZd0w3SktVbkZ4OXVwU2RZMGFUbmRVd2lPdWtX?oc=5\" target=\"_blank\" rel=\"nofollow noopener\">V Bruselu vyvrchol\u00ed Diamantov\u00e1 liga, na fin\u00e1lov\u00e9m m\u00edtinku pob\u011b\u017e\u00ed i Manuel<\/a>&nbsp;&nbsp;\u010cT sport<a href=\"https:\/\/news.google.com\/rss\/articles\/CBMingFBVV95cUxOYTJlYlc2M3NNbjRnaWRBX2J2Mi1PWEthU04wSzYwLVkxdFd4aEc3SG9SVmpRRHlkRHpyUFBzbzFWUFpnN2xObkxlZkdJdk0zV3czSWh0Vm9odlBPODEtT1ozMWdoWmdYWF9lenBIZV9ucDFnNWlGVzJxSDBHUHltYjU2LVdCMFpzaEhXWFdkcFZ4T196SGY1WGFXMWZ2UQ?oc=5\" target=\"_blank\" rel=\"nofollow noopener\">Jackson a Kebinatshipi z\u00edskali trofeje v rekordech Diamantov\u00e9 ligy<\/a>&nbsp;&nbsp;Atletika.cz<a href=\"https:\/\/news.google.com\/rss\/articles\/CBMijwFBVV95cUxPSG5qaV9mbGtIcGtKVGJ3WWRvakNDMXJEZ0EzZVRSVHBDaVlwMTgxend3V1lQMzA3Mzkxb2tIYURBcUdKbkNYWTZlLU16WDRpZHhhcm1tbkhXOGcxZ1p0ZXh0ejg2X3B4cDZPVmRETjNCLXZacVhjZVNQTEYwMmhBZWZWMlhrQUwtdWFsZm1JUQ?oc=5\" target=\"_blank\" rel=\"nofollow noopener\">Fin\u00e1le Diamantov\u00e9 ligy 2026 v Bruselu: Program, Manuel v akci a p\u0159\u00edm\u00fd p\u0159enos<\/a>&nbsp;&nbsp;iDNES.cz<\/p>\n","protected":false},"excerpt":{"rendered":"Jacksonov\u00e1 vytvo\u0159ila rekord Diamantov\u00e9 ligy, Duplantis \u00fa\u010dast v Bruselu vzdal&nbsp;&nbsp;iDNES.czAmerick\u00e1 koula\u0159ka zaznamenala rekord a m\u00e1 t\u0159et\u00ed diamant. Duplantis&hellip;\n","protected":false},"author":2,"featured_media":203323,"comment_status":"","ping_status":"","sticky":false,"template":"","format":"standard","meta":{"footnotes":"","_share_on_mastodon":"0"},"categories":[15],"tags":[10874,28708,1561,94,93],"class_list":["post-203322","post","type-post","status-publish","format-standard","has-post-thumbnail","category-sport","tag-armand-duplantis","tag-diamantova-liga","tag-rekord","tag-sport","tag-sports"],"share_on_mastodon":{"url":"https:\/\/pubeurope.com\/@cz\/117216667341102915","error":""},"_links":{"self":[{"href":"https:\/\/www.europesays.com\/cz\/wp-json\/wp\/v2\/posts\/203322","targetHints":{"allow":["GET"]}}],"collection":[{"href":"https:\/\/www.europesays.com\/cz\/wp-json\/wp\/v2\/posts"}],"about":[{"href":"https:\/\/www.europesays.com\/cz\/wp-json\/wp\/v2\/types\/post"}],"author":[{"embeddable":true,"href":"https:\/\/www.europesays.com\/cz\/wp-json\/wp\/v2\/users\/2"}],"replies":[{"embeddable":true,"href":"https:\/\/www.europesays.com\/cz\/wp-json\/wp\/v2\/comments?post=203322"}],"version-history":[{"count":0,"href":"https:\/\/www.europesays.com\/cz\/wp-json\/wp\/v2\/posts\/203322\/revisions"}],"wp:featuredmedia":[{"embeddable":true,"href":"https:\/\/www.europesays.com\/cz\/wp-json\/wp\/v2\/media\/203323"}],"wp:attachment":[{"href":"https:\/\/www.europesays.com\/cz\/wp-json\/wp\/v2\/media?parent=203322"}],"wp:term":[{"taxonomy":"category","embeddable":true,"href":"https:\/\/www.europesays.com\/cz\/wp-json\/wp\/v2\/categories?post=203322"},{"taxonomy":"post_tag","embeddable":true,"href":"https:\/\/www.europesays.com\/cz\/wp-json\/wp\/v2\/tags?post=203322"}],"curies":[{"name":"wp","href":"https:\/\/api.w.org\/{rel}","templated":true}]}}