{"id":203326,"date":"2026-09-05T05:04:18","date_gmt":"2026-09-05T05:04:18","guid":{"rendered":"https:\/\/www.europesays.com\/cz\/203326\/"},"modified":"2026-09-05T05:04:18","modified_gmt":"2026-09-05T05:04:18","slug":"americka-ekonomika-v-srpnu-vytvorila-vyrazne-vice-mist-nez-se-cekalo","status":"publish","type":"post","link":"https:\/\/www.europesays.com\/cz\/203326\/","title":{"rendered":"Americk\u00e1 ekonomika v\u00a0srpnu vytvo\u0159ila v\u00fdrazn\u011b v\u00edce m\u00edst, ne\u017e se \u010dekalo"},"content":{"rendered":"<p class=\"e_bX\">Americk\u00e1 ekonomika v\u00a0srpnu vytvo\u0159ila mimo zem\u011bd\u011blsk\u00fd sektor p\u0159ibli\u017en\u011b 162\u00a0tis\u00edc pracovn\u00edch m\u00edst, co\u017e je v\u00fdrazn\u011b v\u00edce, ne\u017e se \u010dekalo. M\u00edra nezam\u011bstnanosti z\u016fstala na 4,1\u00a0procenta. V\u00a0p\u00e1tek o\u00a0tom na sv\u00e9m <a data-dot=\"atm-link\" target=\"_blank\" rel=\"noopener nofollow\" href=\"https:\/\/www.bls.gov\/news.release\/pdf\/empsit.pdf\" class=\"e_n\">webu<\/a> informovalo americk\u00e9 ministerstvo pr\u00e1ce. Analytici podle agentury Reuters o\u010dek\u00e1vali, \u017ee ekonomika vytvo\u0159\u00ed kolem 56\u00a0tis\u00edc pracovn\u00edch m\u00edst.<\/p>\n<p class=\"e_bX\">Statistici z\u00e1rove\u0148 ozn\u00e1mili, \u017ee ekonomika v\u00a0\u010dervenci po zp\u0159esn\u011bn\u00ed dat vytvo\u0159ila zhruba 21\u00a0tis\u00edc m\u00edst. P\u0159edb\u011b\u017en\u00e9 \u00fadaje p\u0159ed m\u011bs\u00edcem naopak uv\u00e1d\u011bly, \u017ee kolem 23\u00a0tis\u00edc m\u00edst v\u00a0ekonomice zaniklo. Sm\u011brem nahoru \u00fa\u0159ad upravil tak\u00e9 \u00fadaj za \u010derven.<\/p>\n<p class=\"e_bX\">Srpnov\u00fd p\u0159\u00edr\u016fstek byl zhruba trojn\u00e1sobn\u00fd proti tomu, co odhadovali analytici. Z\u00e1rove\u0148 to byl nejsiln\u011bj\u0161\u00ed m\u011bs\u00ed\u010dn\u00ed n\u00e1r\u016fst po\u010dtu pracovn\u00edch m\u00edst od b\u0159ezna.<\/p>\n<p class=\"e_bX\">Srpnov\u00e9 \u00fadaje odpov\u00eddaj\u00ed tomu, co americk\u00e1 centr\u00e1ln\u00ed banka (Fed) ozna\u010duje za stabiln\u00ed trh pr\u00e1ce. Podle agentury Reuters tak z\u016fst\u00e1v\u00e1 ve h\u0159e mo\u017enost, \u017ee Fed je\u0161t\u011b tento m\u011bs\u00edc zv\u00fd\u0161\u00ed \u00farokov\u00e9 sazby. Z\u00e1kladn\u00ed \u00farokov\u00e1 sazba je nyn\u00ed v\u00a0p\u00e1smu 3,50\u00a0procenta a\u017e 3,75\u00a0procenta.<\/p>\n<p class=\"e_bX\">\u201eCelkov\u011b vzato je trh pr\u00e1ce v\u00a0pln\u00e9 s\u00edle a\u00a0vytv\u00e1\u0159\u00ed tis\u00edce nov\u00fdch pracovn\u00edch m\u00edst, co\u017e pom\u00e1h\u00e1 udr\u017eet hospod\u00e1\u0159sk\u00fd r\u016fst pevn\u011b v\u00a0kladn\u00fdch \u010d\u00edslech,\u201c uvedl analytik Chris Rupkey ze spole\u010dnosti Fwdbonds.<\/p>\n<p class=\"e_bX\">\u201eNe\u010dekan\u011b siln\u00e9 \u00fadaje o\u00a0zam\u011bstnanosti pravd\u011bpodobn\u011b p\u0159i\u017eiv\u00ed obavy ze zv\u00fd\u0161en\u00ed \u00farokov\u00fdch sazeb, av\u0161ak o\u00a0tom, jak se situace vyvine, rozhodnou a\u017e \u00fadaje o\u00a0inflaci zve\u0159ejn\u011bn\u00e9 p\u0159\u00ed\u0161t\u00ed t\u00fdden,\u201c domn\u00edv\u00e1 se analyti\u010dka Ellen Zentnerov\u00e1 ze spole\u010dnosti Morgan Stanley Wealth Management.<\/p>\n<p class=\"e_bX\">Po vyd\u00e1n\u00ed zpr\u00e1vy z\u00a0trhu pr\u00e1ce se k\u00a0v\u00fd\u0161i sazeb vyj\u00e1d\u0159il i\u00a0americk\u00fd prezident Donald Trump, kter\u00fd trvale vol\u00e1 po co nejni\u017e\u0161\u00edch \u00faroc\u00edch. V\u00a0p\u00e1tek \u0161\u00e9f B\u00edl\u00e9ho domu prohl\u00e1sil, \u017ee dokud Fed \u00farokov\u00e9 sazby nesn\u00ed\u017e\u00ed, zastav\u00ed obchodov\u00e1n\u00ed se zem\u011bmi, s\u00a0nimi\u017e maj\u00ed Spojen\u00e9 st\u00e1ty obchodn\u00ed deficit.<\/p>\n<p class=\"e_bX\">\u201eVysok\u00e9 \u00farokov\u00e9 sazby znamenaj\u00ed pro Spojen\u00e9 st\u00e1ty velmi nespravedlivou nev\u00fdhodu, a\u00a0to j\u00e1 nedopust\u00edm!\u201c prohl\u00e1sil Trump. \u201eM\u011bli bychom m\u00edt nejni\u017e\u0161\u00ed sazbu ze v\u0161ech zem\u00ed na sv\u011bt\u011b\u2026 Sni\u017ete tu sazbu, nebo p\u0159est\u00e1v\u00e1m obchodovat se zem\u011bmi, se kter\u00fdmi m\u00e1me deficit,\u201c dodal prezident v\u00a0<a data-dot=\"atm-link\" target=\"_blank\" rel=\"noopener nofollow\" href=\"https:\/\/truthsocial.com\/@realDonaldTrump\/posts\/117213056648777213\" class=\"e_n\">p\u0159\u00edsp\u011bvku<\/a> na s\u00edti Truth Social.<\/p>\n<p class=\"e_bX\">Americk\u00fd dolar v\u00a0reakci na zpr\u00e1vu z\u00a0trhu pr\u00e1ce prudce pos\u00edlil, zv\u00fd\u0161ily se i\u00a0v\u00fdnosy americk\u00fdch st\u00e1tn\u00edch dluhopis\u016f. P\u0159ed zah\u00e1jen\u00edm obchodov\u00e1n\u00ed naopak sl\u00e1bnou hlavn\u00ed americk\u00e9 akciov\u00e9 indexy a\u00a0zlev\u0148uje zlato.<\/p>\n<p><a data-dot=\"mol-article-card-media\" aria-hidden=\"true\" tabindex=\"-1\" href=\"https:\/\/www.seznamzpravy.cz\/clanek\/ekonomika-finance-byznys-komodity-dluhopisy-usa-jdou-do-boje-s-vysokymi-uroky-pomuze-to-313543\" class=\"e_n f_l8\" rel=\"nofollow noopener\" target=\"_blank\"><img fetchpriority=\"high\" height=\"2304\"   width=\"4096\" src=\"https:\/\/www.europesays.com\/cz\/wp-content\/uploads\/2026\/09\/1788584656_354_scott-bessent.jpeg\" loading=\"eager\" decoding=\"sync\" class=\"e_aa e_Z\"\/><\/a><a data-dot=\"mol-article-card-media\" aria-hidden=\"true\" tabindex=\"-1\" href=\"https:\/\/www.seznamzpravy.cz\/clanek\/zahranicni-vetsina-americkych-volicu-se-ma-za-trumpa-hure-tvrdi-pruzkum-313259\" class=\"e_n f_l8\" rel=\"nofollow noopener\" target=\"_blank\"><img height=\"1983\"   width=\"3527\" src=\"https:\/\/www.europesays.com\/cz\/wp-content\/uploads\/2026\/09\/1788584658_193_donald-trump.jpeg\" loading=\"eager\" decoding=\"sync\" class=\"e_aa e_Z\"\/><\/a><\/p>\n","protected":false},"excerpt":{"rendered":"Americk\u00e1 ekonomika v\u00a0srpnu vytvo\u0159ila mimo zem\u011bd\u011blsk\u00fd sektor p\u0159ibli\u017en\u011b 162\u00a0tis\u00edc pracovn\u00edch m\u00edst, co\u017e je v\u00fdrazn\u011b v\u00edce, ne\u017e se \u010dekalo.&hellip;\n","protected":false},"author":2,"featured_media":203327,"comment_status":"","ping_status":"","sticky":false,"template":"","format":"standard","meta":{"footnotes":"","_share_on_mastodon":"0"},"categories":[10],"tags":[708,17,21,16,1529,1531,18,19,22,113,20],"class_list":["post-203326","post","type-post","status-publish","format-standard","has-post-thumbnail","category-zpravy","tag-ekonomika","tag-headlines","tag-hlavni-udalosti","tag-news","tag-nezamestnanost","tag-pracovni-trh","tag-top-news","tag-top-stories","tag-udalosti-dne","tag-usa","tag-zpravy"],"share_on_mastodon":{"url":"https:\/\/pubeurope.com\/@cz\/117216691267637466","error":""},"_links":{"self":[{"href":"https:\/\/www.europesays.com\/cz\/wp-json\/wp\/v2\/posts\/203326","targetHints":{"allow":["GET"]}}],"collection":[{"href":"https:\/\/www.europesays.com\/cz\/wp-json\/wp\/v2\/posts"}],"about":[{"href":"https:\/\/www.europesays.com\/cz\/wp-json\/wp\/v2\/types\/post"}],"author":[{"embeddable":true,"href":"https:\/\/www.europesays.com\/cz\/wp-json\/wp\/v2\/users\/2"}],"replies":[{"embeddable":true,"href":"https:\/\/www.europesays.com\/cz\/wp-json\/wp\/v2\/comments?post=203326"}],"version-history":[{"count":0,"href":"https:\/\/www.europesays.com\/cz\/wp-json\/wp\/v2\/posts\/203326\/revisions"}],"wp:featuredmedia":[{"embeddable":true,"href":"https:\/\/www.europesays.com\/cz\/wp-json\/wp\/v2\/media\/203327"}],"wp:attachment":[{"href":"https:\/\/www.europesays.com\/cz\/wp-json\/wp\/v2\/media?parent=203326"}],"wp:term":[{"taxonomy":"category","embeddable":true,"href":"https:\/\/www.europesays.com\/cz\/wp-json\/wp\/v2\/categories?post=203326"},{"taxonomy":"post_tag","embeddable":true,"href":"https:\/\/www.europesays.com\/cz\/wp-json\/wp\/v2\/tags?post=203326"}],"curies":[{"name":"wp","href":"https:\/\/api.w.org\/{rel}","templated":true}]}}