{"id":203330,"date":"2026-09-05T05:08:12","date_gmt":"2026-09-05T05:08:12","guid":{"rendered":"https:\/\/www.europesays.com\/cz\/203330\/"},"modified":"2026-09-05T05:08:12","modified_gmt":"2026-09-05T05:08:12","slug":"mamou-po-ctyricitce-slavne-zeny-ktere-rodily-pozdeji","status":"publish","type":"post","link":"https:\/\/www.europesays.com\/cz\/203330\/","title":{"rendered":"M\u00e1mou po \u010dty\u0159ic\u00edtce: Slavn\u00e9 \u017eeny, kter\u00e9 rodily pozd\u011bji"},"content":{"rendered":"<p class=\"b_bt\">Co naplat, \u017ee n\u011bkte\u0159\u00ed odborn\u00edci poukazuj\u00ed na to, \u017ee t\u011bhotenstv\u00ed i\u00a0porod ve zral\u00e9m v\u011bku s\u00a0sebou nese v\u00edce rizik. Zahrani\u010dn\u00ed celebrity maj\u00ed na toto t\u00e9ma jasno. I\u00a0kdy\u017e se roky praly s\u00a0neplodnost\u00ed, absolvovaly des\u00edtky <a data-dot=\"atm-link\" target=\"_blank\" href=\"https:\/\/www.prozeny.cz\/tag\/umele-oplodneni-43453\" class=\"b_g\" rel=\"nofollow noopener\">um\u011bl\u00fdch oplodn\u011bn\u00ed<\/a> nebo \u010delily ostr\u00e9 kritice a\u00a0obvin\u011bn\u00ed z\u00a0nezodpov\u011bdnosti. Ten mal\u00fd velk\u00fd z\u00e1zrak jm\u00e9nem miminko za v\u0161echna ta \u00faskal\u00ed i\u00a0rizika rozhodn\u011b st\u00e1l\u2026<\/p>\n<p>Hilary Swank: B\u00fdt m\u00e1mou jsem si p\u0159\u00e1la v\u017edycky<\/p>\n<p class=\"b_bt\">Oscarov\u00e1 here\u010dka, kter\u00e1 se m\u00e1mou stala rok p\u0159ed pades\u00e1tkou, se netaj\u00ed t\u00edm, \u017ee po d\u011btech tou\u017eila odjak\u017eiva. Kv\u016fli kari\u00e9\u0159e, nevhodn\u00fdm vztah\u016fm i\u00a0dlouhodob\u00e9 p\u00e9\u010di o\u00a0rodi\u010de ale mate\u0159stv\u00ed odkl\u00e1dala. Moment\u00e1ln\u011b spolu s\u00a0man\u017eelem Phillipem Schneiderem vychov\u00e1vaj\u00ed dvoj\u010data Ayu a\u00a0Ohma.<\/p>\n<p class=\"b_bt\">\u201eBudu m\u00e1ma! A\u00a0nejen jednoho, ale hned dvou d\u011bt\u00ed. Je to n\u011bco, co jsem si p\u0159\u00e1la u\u017e dlouho. Nem\u016f\u017eu tomu uv\u011b\u0159it,\u201c ozn\u00e1mila <a data-dot=\"atm-link\" target=\"_blank\" href=\"https:\/\/www.prozeny.cz\/clanek\/zdravi-a-zivotni-styl-zaujalo-nas-hilary-swank-padesatnici-talentovany-dric-ktery-nemel-dlouho-stesti-v-lasce-95533\" class=\"b_g\" rel=\"nofollow noopener\">Hilary Swank<\/a> sv\u00e9 t\u011bhotenstv\u00ed v\u00a0po\u0159adu Good Morning America v\u00a0\u0159\u00edjnu 2022.<\/p>\n<p>Brigitte Nielsen: Slovo \u201estar\u00e1\u201c pro m\u011b neexistuje<\/p>\n<p class=\"b_bt\">Sv\u00e9ho v\u00a0po\u0159ad\u00ed p\u00e1t\u00e9ho potomka se d\u00e1nsk\u00e1 here\u010dka a\u00a0b\u00fdval\u00e1 modelka do\u010dkala po t\u0159in\u00e1ctilet\u00e9m \u010dek\u00e1n\u00ed a\u00a0deseti um\u011bl\u00fdch oplodn\u011bn\u00edch a\u017e v\u00a055\u00a0letech. K\u00a0dosp\u011bl\u00fdm syn\u016fm tak p\u0159ibyla vytou\u017een\u00e1 dcera Frida.<\/p>\n<p class=\"b_bt\">\u201ePro m\u011b neexistuj\u00ed slova jako \u201ap\u0159\u00edli\u0161 star\u00e1\u2018! Mu\u017e\u016fm, kte\u0159\u00ed maj\u00ed d\u011bti v\u00a0\u0161edes\u00e1ti, nebo dokonce v\u00a0sedmdes\u00e1ti, to nikdo nevy\u010d\u00edt\u00e1. Pod\u00edvejte se na Roberta De Nira, ten se stal otcem na prahu osmdes\u00e1tky!\u201c reagovala na p\u0159edsudky Brigitte Nielsen v\u00a0rozhovoru pro magaz\u00edn People.<\/p>\n<p>Janet Jackson: Jsem single m\u00e1ma, ale zvl\u00e1dnu to<\/p>\n<p class=\"b_bt\">Mlad\u0161\u00ed sestra <a data-dot=\"atm-link\" target=\"_blank\" href=\"https:\/\/www.prozeny.cz\/clanek\/zdravi-a-zivotni-styl-zaujalo-nas-zemrel-zadluzeny-dnes-vydelava-miliardy-michael-jackson-lame-rekordy-i-ze-zahrobi-104592\" class=\"b_g\" rel=\"nofollow noopener\">zp\u011bv\u00e1ka Michaela Jacksona<\/a> absolvovala n\u011bkolik ne\u00fasp\u011b\u0161n\u00fdch pokus\u016f o\u00a0po\u010det\u00ed, ne\u017e se ve sv\u00fdch 50\u00a0letech do\u010dkala vytou\u017een\u00e9ho syna Eisse. Po t\u0159ech m\u011bs\u00edc\u00edch od <a data-dot=\"atm-link\" target=\"_blank\" href=\"https:\/\/www.prozeny.cz\/tag\/porod-38038\" class=\"b_g\" rel=\"nofollow noopener\">porodu<\/a> ale rodinu opustil man\u017eel a\u00a0otec chlapce, katarsk\u00fd podnikatel Wissam Al Mana, a\u00a0z Janet Jackson se stala svobodn\u00e1 matka. \u201eNem\u00e1m ch\u016fvu, v\u0161echno d\u011bl\u00e1m sama. Kdy\u017e to ale zvl\u00e1dla moje matka s\u00a0dev\u00edti d\u011btmi, nen\u00ed d\u016fvod, pro\u010d bych to nezvl\u00e1dla j\u00e1,\u201c \u0159ekla zp\u011bva\u010dka v\u00a0rozhovoru pro magaz\u00edn Stellar.<\/p>\n<p><img fetchpriority=\"high\" height=\"1800\"   width=\"1367\" src=\"https:\/\/www.europesays.com\/cz\/wp-content\/uploads\/2026\/09\/matky-po-40.jpeg\" loading=\"eager\" decoding=\"sync\" class=\"b_u b_s\"\/>Foto: Profimedia.czNatalie Portman: Maxim\u00e1ln\u011b si to vychutn\u00e1v\u00e1m<\/p>\n<p class=\"b_bt\">Kdy\u017e se Natalie Portman rozvedla s\u00a0nev\u011brn\u00fdm\u00a0otcem sv\u00fdch d\u011bt\u00ed Alepha a\u00a0Amalie, choreografem Benjaminem Millepiedem, netu\u0161ila, \u017ee se zanedlouho znovu stane m\u00e1mou. Dnes je jej\u00edm partnerem francouzsk\u00fd muzikant Tanguy Destable a\u00a0dvojice se t\u011b\u0161\u00ed na prvn\u00edho spole\u010dn\u00e9ho potomka.<\/p>\n<p class=\"b_bt\">P\u011bta\u010dty\u0159icetilet\u00e1 here\u010dka p\u0159iznala, \u017ee je za sv\u00e9 t\u0159et\u00ed t\u011bhotenstv\u00ed vd\u011b\u010dn\u00e1, proto\u017ee je to privilegium a\u00a0z\u00e1zrak. \u201eV\u00edm, \u017ee je to pravd\u011bpodobn\u011b naposledy, a\u00a0tak si ka\u017ed\u00fd okam\u017eik maxim\u00e1ln\u011b vychutn\u00e1v\u00e1m,\u201c sv\u011b\u0159ila se magaz\u00ednu Harper\u2019s Bazaar.<\/p>\n<p>Anne Hathaway: Nad\u011bje je v\u017edycky<\/p>\n<p class=\"b_bt\">M\u00e1ma dvou syn\u016f Jonathana a\u00a0Jacka, kter\u00e9 vychov\u00e1v\u00e1 s\u00a0man\u017eelem Adamem Shulmanem, u\u017e brzy porod\u00ed sv\u00e9 t\u0159et\u00ed d\u00edt\u011b. \u201eNad\u011bje je v\u017edycky, ale kdy\u017e dos\u00e1hnete ur\u010dit\u00e9ho v\u011bku, klesne na 1\u00a0% a\u017e 2\u00a0%. Tak jsme se rozhodli nechat se un\u00e1\u0161et \u017eivotem s\u00a0velmi realistick\u00fdm, tedy n\u00edzk\u00fdm o\u010dek\u00e1v\u00e1n\u00edm. Jsme nesm\u00edrn\u011b \u0161\u0165astn\u00ed, \u017ee to vy\u0161lo, proto\u017ee ne ka\u017ed\u00fd to m\u016f\u017ee za\u017e\u00edt,\u201c sv\u011b\u0159ila se v\u00a0rozhovoru pro Access Hollywood <a data-dot=\"atm-link\" target=\"_blank\" href=\"https:\/\/www.prozeny.cz\/clanek\/zdravi-a-zivotni-styl-zaujalo-nas-anne-hathaway-omladla-o-20-let-internet-se-pta-muze-za-to-sikovny-culik-nebo-esteticke-zakroky-98625\" class=\"b_g\" rel=\"nofollow noopener\">Anne Hathaway<\/a>, kter\u00e1 si tak miminko dost mo\u017en\u00e1 nad\u011bl\u00ed k\u00a0listopadov\u00fdm 44.\u00a0narozenin\u00e1m.<\/p>\n<p>Laura Linney: Cht\u011bla jsem m\u00edt jistotu<\/p>\n<p class=\"b_bt\">Britsk\u00e1 here\u010dka se stala m\u00e1mou rok p\u0159ed pades\u00e1tkou, kdy se j\u00ed narodil syn Bennett. Mnoh\u00e9 t\u00edm zasko\u010dila, proto\u017ee se j\u00ed poda\u0159ilo rostouc\u00ed b\u0159\u00ed\u0161ko dokonale skr\u00fdvat. O\u00a0dva roky pozd\u011bji v\u00a0talk show Live with Kelly prozradila, pro\u010d sv\u00e9 <a data-dot=\"atm-link\" target=\"_blank\" href=\"https:\/\/www.prozeny.cz\/tag\/tehotenstvi-37999\" class=\"b_g\" rel=\"nofollow noopener\">t\u011bhotenstv\u00ed<\/a> dr\u017eela v\u00a0tajnosti tak dlouho. \u201eByla jsem star\u0161\u00ed nast\u00e1vaj\u00edc\u00ed maminka a\u00a0trvalo mi velmi dlouho, ne\u017e jsem ot\u011bhotn\u011bla. Cht\u011bla jsem m\u00edt jistotu, \u017ee se moje d\u00edt\u011b skute\u010dn\u011b narod\u00ed a\u00a0\u017ee bude v\u00a0bezpe\u010d\u00ed a\u00a0zdrav\u00e9\u2026\u201c<\/p>\n<p>Rachel Weisz: Dcera je cel\u00fd tat\u00ednek<\/p>\n<p class=\"b_bt\">Kdy\u017e se britsk\u00e1 here\u010dka Rachel Weisz sbl\u00ed\u017eila s\u00a0hercem <a data-dot=\"atm-link\" target=\"_blank\" href=\"https:\/\/www.prozeny.cz\/clanek\/zdravi-a-zivotni-styl-zaujalo-nas-daniel-craig-na-platne-sarmantni-svudnik-v-realu-stastne-zamilovany-do-sve-zeny-94071\" class=\"b_g\" rel=\"nofollow noopener\">Danielem Craigem<\/a>, oba m\u011bli z\u00a0p\u0159echoz\u00edch vztah\u016f d\u011bti. Rachel syna Henryho, Daniel dceru Ellu. Jejich prvn\u00edho spole\u010dn\u00e9ho potomka\u00a0\u2013 dceru,<a data-dot=\"atm-link\" target=\"_blank\" href=\"https:\/\/www.prozeny.cz\/clanek\/zdravi-a-zivotni-styl-zaujalo-nas-slavne-pary-ktere-si-strezi-soukromi-95114\" class=\"b_g\" rel=\"nofollow noopener\"> jej\u00ed\u017e jm\u00e9no man\u017eel\u00e9 taj\u00ed<\/a>, p\u0159iv\u00edtali na sv\u011bt v\u00a0roce 2018.\u00a0Here\u010dce bylo v\u00a0t\u00e9 dob\u011b 48\u00a0let. P\u00e1r si sv\u00e9 soukrom\u00ed bedliv\u011b hl\u00edd\u00e1, v\u00a0The Late Show with Stephen Colbert Rachel prozradila alespo\u0148 to, \u017ee jejich dcerka je cel\u00fd tat\u00ednek.<\/p>\n","protected":false},"excerpt":{"rendered":"Co naplat, \u017ee n\u011bkte\u0159\u00ed odborn\u00edci poukazuj\u00ed na to, \u017ee t\u011bhotenstv\u00ed i\u00a0porod ve zral\u00e9m v\u011bku s\u00a0sebou nese v\u00edce rizik.&hellip;\n","protected":false},"author":2,"featured_media":203331,"comment_status":"","ping_status":"","sticky":false,"template":"","format":"standard","meta":{"footnotes":"","_share_on_mastodon":"0"},"categories":[14],"tags":[11971,444,79,6691,124,6692,3329,16470,745,27189,370,80],"class_list":["post-203330","post","type-post","status-publish","format-standard","has-post-thumbnail","category-zabava","tag-anne-hathaway","tag-deti","tag-entertainment","tag-hilary-swank","tag-hollywood","tag-janet-jackson","tag-materstvi","tag-natalie-portman","tag-porod","tag-umele-oplodneni-ivf","tag-vip","tag-zabava"],"share_on_mastodon":{"url":"https:\/\/pubeurope.com\/@cz\/117216707224146774","error":""},"_links":{"self":[{"href":"https:\/\/www.europesays.com\/cz\/wp-json\/wp\/v2\/posts\/203330","targetHints":{"allow":["GET"]}}],"collection":[{"href":"https:\/\/www.europesays.com\/cz\/wp-json\/wp\/v2\/posts"}],"about":[{"href":"https:\/\/www.europesays.com\/cz\/wp-json\/wp\/v2\/types\/post"}],"author":[{"embeddable":true,"href":"https:\/\/www.europesays.com\/cz\/wp-json\/wp\/v2\/users\/2"}],"replies":[{"embeddable":true,"href":"https:\/\/www.europesays.com\/cz\/wp-json\/wp\/v2\/comments?post=203330"}],"version-history":[{"count":0,"href":"https:\/\/www.europesays.com\/cz\/wp-json\/wp\/v2\/posts\/203330\/revisions"}],"wp:featuredmedia":[{"embeddable":true,"href":"https:\/\/www.europesays.com\/cz\/wp-json\/wp\/v2\/media\/203331"}],"wp:attachment":[{"href":"https:\/\/www.europesays.com\/cz\/wp-json\/wp\/v2\/media?parent=203330"}],"wp:term":[{"taxonomy":"category","embeddable":true,"href":"https:\/\/www.europesays.com\/cz\/wp-json\/wp\/v2\/categories?post=203330"},{"taxonomy":"post_tag","embeddable":true,"href":"https:\/\/www.europesays.com\/cz\/wp-json\/wp\/v2\/tags?post=203330"}],"curies":[{"name":"wp","href":"https:\/\/api.w.org\/{rel}","templated":true}]}}