{"id":203336,"date":"2026-09-05T05:17:13","date_gmt":"2026-09-05T05:17:13","guid":{"rendered":"https:\/\/www.europesays.com\/cz\/203336\/"},"modified":"2026-09-05T05:17:13","modified_gmt":"2026-09-05T05:17:13","slug":"to-je-neco-jen-chvili-po-svatbe-bila-a-filipi-rekli-velkou-vec","status":"publish","type":"post","link":"https:\/\/www.europesays.com\/cz\/203336\/","title":{"rendered":"To je n\u011bco! Jen chv\u00edli po svatb\u011b: B\u00edl\u00e1 a Filipi \u0159ekli velkou v\u011bc"},"content":{"rendered":"<p class=\"isSelectedEnd\">Zat\u00edmco jin\u00ed novoman\u017eel\u00e9 m\u00ed\u0159\u00ed po ob\u0159adu rovnou k mo\u0159i, <a class=\"celebrity celebwiki\" href=\"https:\/\/celebwiki.blesk.cz\/osobnost\/398\/lucie-bila\/\" target=\"_blank\" rel=\"nofollow noopener\">B\u00edl\u00e1<\/a> s Filipim str\u00e1vili l\u00e9to p\u0159edev\u0161\u00edm prac\u00ed. Zp\u011bva\u010dka m\u011bla napilno v divadle a na po\u0159\u00e1dnou dovolenou tak nebyl prostor.<\/p>\n<p class=\"isSelectedEnd\">\u201eR\u00e1\u010fa p\u0159es l\u00e9to \u0159\u00edkal, \u017ee v\u0161ichni jeli k mo\u0159i a my jsme jeli do Jablonce. My jsme zat\u00edm m\u011bli asi jen p\u011bt dn\u00ed na chalup\u011b, v\u00edc jsme nestihli, proto\u017ee jsme byli tady v divadle,\u201c p\u0159iznala B\u00edl\u00e1.<\/p>\n<p>    <a href=\"https:\/\/www.ahaonline.cz\/clanek\/zhave-drby\/233022\/svatba-lucie-bile-tajna-nocni-party.html\" rel=\"nofollow noopener\" target=\"_blank\"><\/p>\n<p>        <img decoding=\"async\" src=\"https:\/\/www.europesays.com\/cz\/wp-content\/uploads\/2026\/09\/9802898-crop.jpg\" alt=\"Svatba Lucie B\u00edl\u00e9: Tajn\u00e1 no\u010dn\u00ed p\u00e1rty! \" title=\"Svatba Lucie B\u00edl\u00e9: Tajn\u00e1 no\u010dn\u00ed p\u00e1rty! \" height=\"140\" width=\"220\" class=\"lazyload \" loading=\"lazy\" \/><\/p>\n<p>    <\/a><\/p>\n<p class=\"isSelectedEnd\">L\u00edb\u00e1nky ale rozhodn\u011b nezru\u0161ili. Jen je odsunuli o po\u0159\u00e1dn\u00fd kus.<\/p>\n<p class=\"isSelectedEnd\">\u201eAle my si to vynahrad\u00edme v lednu. To pojedeme n\u011bkam na svatebn\u00ed cestu, budeme tam m\u00edt pr\u00e1zdniny. Kam vyraz\u00edme, to je\u0161t\u011b nev\u00edme, proto\u017ee ono se v\u0161echno tak m\u011bn\u00ed, \u017ee rad\u0161i nepl\u00e1nujeme,\u201c prozradila zp\u011bva\u010dka pro Super.cz.\u00a0<\/p>\n<p class=\"isSelectedEnd\">\u201eMn\u011b sta\u010d\u00ed kr\u00e1sn\u00fd a bezpe\u010dn\u00fd d\u016fm v Otvovic\u00edch, kde jsem se narodila, a chalupa v \u010cesk\u00e9m r\u00e1ji. Tam je to nejv\u00edc,\u201c \u0159ekla.<\/p>\n<p class=\"isSelectedEnd\">Ne\u017e ale dojde na lednov\u00e9 l\u00edb\u00e1nky, \u010dek\u00e1 ji je\u0161t\u011b po\u0159\u00e1dn\u00e1 porce pr\u00e1ce. Po podzimn\u00ed \u010d\u00e1sti turn\u00e9 se pust\u00ed i do p\u0159\u00edprav nov\u00e9ho projektu, kter\u00fd si tentokr\u00e1t ponese sama na bedrech.<\/p>\n<p class=\"isSelectedEnd\">\u201eJmenuje se to Pora\u010fte mi, pane Shakespeare. Budu to zkou\u0161et po svatebn\u00ed cest\u011b a je to muzik\u00e1l, kde budu hr\u00e1t jen j\u00e1,\u201c prozradila.<\/p>\n<p>    <a href=\"https:\/\/www.ahaonline.cz\/clanek\/zhave-drby\/236930\/tajemstvi-lucie-bile-vrni-blahem-v-majetku-po-ex.html\" rel=\"nofollow noopener\" target=\"_blank\"><\/p>\n<p>        <img decoding=\"async\" src=\"https:\/\/www.europesays.com\/cz\/wp-content\/uploads\/2026\/09\/9802456.jpg\" alt=\"Tajemstv\u00ed\u00a0Lucie\u00a0B\u00edl\u00e9:\u00a0Vrn\u00ed\u00a0blahem\u00a0v\u00a0majetku\u00a0po\u00a0ex! \" title=\"Tajemstv\u00ed\u00a0Lucie\u00a0B\u00edl\u00e9:\u00a0Vrn\u00ed\u00a0blahem\u00a0v\u00a0majetku\u00a0po\u00a0ex! \" height=\"140\" width=\"220\" class=\"lazyload \" loading=\"lazy\" \/><\/p>\n<p>    <\/a><\/p>\n","protected":false},"excerpt":{"rendered":"Zat\u00edmco jin\u00ed novoman\u017eel\u00e9 m\u00ed\u0159\u00ed po ob\u0159adu rovnou k mo\u0159i, B\u00edl\u00e1 s Filipim str\u00e1vili l\u00e9to p\u0159edev\u0161\u00edm prac\u00ed. Zp\u011bva\u010dka m\u011bla&hellip;\n","protected":false},"author":2,"featured_media":203337,"comment_status":"","ping_status":"","sticky":false,"template":"","format":"standard","meta":{"footnotes":"","_share_on_mastodon":"0"},"categories":[14],"tags":[428,79,4485,6061,4777,6062,1776,80,163],"class_list":["post-203336","post","type-post","status-publish","format-standard","has-post-thumbnail","category-zabava","tag-divadlo","tag-entertainment","tag-jablonec-nad-nisou","tag-lucie-bila","tag-manzele","tag-radek-filipi","tag-svatba","tag-zabava","tag-zhave-drby"],"share_on_mastodon":{"url":"https:\/\/pubeurope.com\/@cz\/117216742581616615","error":""},"_links":{"self":[{"href":"https:\/\/www.europesays.com\/cz\/wp-json\/wp\/v2\/posts\/203336","targetHints":{"allow":["GET"]}}],"collection":[{"href":"https:\/\/www.europesays.com\/cz\/wp-json\/wp\/v2\/posts"}],"about":[{"href":"https:\/\/www.europesays.com\/cz\/wp-json\/wp\/v2\/types\/post"}],"author":[{"embeddable":true,"href":"https:\/\/www.europesays.com\/cz\/wp-json\/wp\/v2\/users\/2"}],"replies":[{"embeddable":true,"href":"https:\/\/www.europesays.com\/cz\/wp-json\/wp\/v2\/comments?post=203336"}],"version-history":[{"count":0,"href":"https:\/\/www.europesays.com\/cz\/wp-json\/wp\/v2\/posts\/203336\/revisions"}],"wp:featuredmedia":[{"embeddable":true,"href":"https:\/\/www.europesays.com\/cz\/wp-json\/wp\/v2\/media\/203337"}],"wp:attachment":[{"href":"https:\/\/www.europesays.com\/cz\/wp-json\/wp\/v2\/media?parent=203336"}],"wp:term":[{"taxonomy":"category","embeddable":true,"href":"https:\/\/www.europesays.com\/cz\/wp-json\/wp\/v2\/categories?post=203336"},{"taxonomy":"post_tag","embeddable":true,"href":"https:\/\/www.europesays.com\/cz\/wp-json\/wp\/v2\/tags?post=203336"}],"curies":[{"name":"wp","href":"https:\/\/api.w.org\/{rel}","templated":true}]}}