{"id":203358,"date":"2026-09-05T05:46:09","date_gmt":"2026-09-05T05:46:09","guid":{"rendered":"https:\/\/www.europesays.com\/cz\/203358\/"},"modified":"2026-09-05T05:46:09","modified_gmt":"2026-09-05T05:46:09","slug":"tajna-laska-prachare-odhalena-a-sara-to-tedy-neni","status":"publish","type":"post","link":"https:\/\/www.europesays.com\/cz\/203358\/","title":{"rendered":"Tajn\u00e1 l\u00e1ska Pracha\u0159e odhalena a Sara to tedy nen\u00ed"},"content":{"rendered":"<p class=\"isSelectedEnd\">K ne\u010dekan\u00e9mu p\u0159izn\u00e1n\u00ed do\u0161lo p\u0159i nat\u00e1\u010den\u00ed jubilejn\u00ed dvac\u00e1t\u00e9 \u0159ady po\u0159adu M\u00e1me r\u00e1di \u010cesko, kde se se\u0161li dlouholet\u00ed p\u0159\u00e1tel\u00e9 Moniky <a class=\"celebrity celebwiki\" href=\"https:\/\/celebwiki.blesk.cz\/osobnost\/7970\/andrea-absolonova\/\" target=\"_blank\" rel=\"nofollow noopener\">Absolonov\u00e9<\/a>. A vzpom\u00ednky za\u010daly l\u00e9tat vzduchem jedna za druhou.<\/p>\n<p class=\"isSelectedEnd\">Ad\u00e9la Gond\u00edkov\u00e1 nap\u0159\u00edklad p\u0159ipomn\u011bla jejich spole\u010dn\u00e9 n\u00e1v\u0161t\u011bvy zn\u00e1m\u00e9ho pra\u017esk\u00e9ho podniku. \u201eV Kozi\u010dce! A naposledy taky v Kozi\u010dce!\u201cprozradila.<\/p>\n<p>    <a href=\"https:\/\/www.ahaonline.cz\/clanek\/zhave-drby\/235930\/konec-po-zasnubach-sara-sandeva-utnula-vztah-ktery-trval-7-let.html\" rel=\"nofollow noopener\" target=\"_blank\"><\/p>\n<p>        <img decoding=\"async\" src=\"https:\/\/www.europesays.com\/cz\/wp-content\/uploads\/2026\/09\/9448636.jpg\" alt=\"Konec po z\u00e1snub\u00e1ch! Sara Sandeva utnula vztah, kter\u00fd trval 7 let\" title=\"Konec po z\u00e1snub\u00e1ch! Sara Sandeva utnula vztah, kter\u00fd trval 7 let\" height=\"140\" width=\"220\" class=\"lazyload \" loading=\"lazy\" \/><\/p>\n<p>    <\/a><\/p>\n<p class=\"isSelectedEnd\">\u201eJ\u00e1 do tohoto klubu ob\u010das zav\u00edt\u00e1m, ale nejd\u00e9le jsem tam v\u017edycky s Ad\u00e9lou, tak\u017ee ten vliv m\u00e1 na m\u011b ona!\u201c br\u00e1nila se se sm\u00edchem Absolonov\u00e1. Pak ale p\u0159i\u0161la chv\u00edle <a class=\"celebrity celebwiki\" href=\"https:\/\/celebwiki.blesk.cz\/osobnost\/1649\/jakub-prachar\/\" target=\"_blank\" rel=\"nofollow noopener\">Jakuba Pracha\u0159e<\/a>.\u00a0\u201eD\u00edval jsem se doma jako teenager na <a class=\"celebrity celebwiki\" href=\"https:\/\/celebwiki.blesk.cz\/osobnost\/8060\/petr-slavik\/\" target=\"_blank\" rel=\"nofollow noopener\">Slav\u00edka<\/a> a \u0159\u00edkal jsem si: To je ale hezk\u00e1 holka, ta se mi l\u00edb\u00ed!\u201c p\u0159iznal.<\/p>\n<p class=\"isSelectedEnd\">Absolonov\u00e1 mu tehdy utkv\u011bla v hlav\u011b natolik, \u017ee za\u010dal p\u0159em\u00fd\u0161let, jak\u00e9 by asi bylo b\u00fdt jej\u00edm partnerem. \u201e\u0158\u00edkal jsem si, jak\u00e9 by to bylo s takovou holkou chodit. Vedle n\u00ed sed\u011bl n\u011bjakej mladej kluk a j\u00e1 m\u011bl strach&#8230;\u00a0Pak jsem se dozv\u011bd\u011bl, \u017ee to byl jej\u00ed bratr, tak\u017ee jsem \u0161el sp\u00e1t v klidu a \u017ee m\u00e1m \u0161anci,&#8220; pobavil Pracha\u0159.<\/p>\n<p class=\"isSelectedEnd\">Na Moni\u010diny za\u010d\u00e1tky zavzpom\u00ednala tak\u00e9 <a class=\"celebrity celebwiki\" href=\"https:\/\/celebwiki.blesk.cz\/osobnost\/1629\/vendula-svobodova\/\" target=\"_blank\" rel=\"nofollow noopener\">Vendula Pizingerov\u00e1<\/a>, kter\u00e1 ji kdysi doporu\u010dovala Karlu Svobodovi do muzik\u00e1lu Dracula. \u201eM\u011bla lacl\u00e1\u010de, dva copy a j\u00e1 \u0159\u00edk\u00e1m doma Karlovi: Hele, ona by byla dobr\u00e1 v tom Draculovi! A Karel Svoboda na to: Ta si je\u0161t\u011b mus\u00ed po\u010dkat.\u201c\u00a0\u010cekat nakonec nemusela v\u011b\u010dn\u011b. Absolonov\u00e1 se pozd\u011bji stala muzik\u00e1lovou hv\u011bzdou.<\/p>\n<p>    <a href=\"https:\/\/www.ahaonline.cz\/clanek\/zhave-drby\/236025\/trapas-na-svatbe-prachare-a-sandevy-na-vine-je-vignerova.html\" rel=\"nofollow noopener\" target=\"_blank\"><\/p>\n<p>        <img decoding=\"async\" src=\"https:\/\/www.europesays.com\/cz\/wp-content\/uploads\/2026\/09\/9917819.jpg\" alt=\"Trapas na svatb\u011b Pracha\u0159e a Sandevy: Na vin\u011b je Vignerov\u00e1\" title=\"Trapas na svatb\u011b Pracha\u0159e a Sandevy: Na vin\u011b je Vignerov\u00e1\" height=\"140\" width=\"220\" class=\"lazyload \" loading=\"lazy\" \/><\/p>\n<p>    <\/a><\/p>\n","protected":false},"excerpt":{"rendered":"K ne\u010dekan\u00e9mu p\u0159izn\u00e1n\u00ed do\u0161lo p\u0159i nat\u00e1\u010den\u00ed jubilejn\u00ed dvac\u00e1t\u00e9 \u0159ady po\u0159adu M\u00e1me r\u00e1di \u010cesko, kde se se\u0161li dlouholet\u00ed p\u0159\u00e1tel\u00e9&hellip;\n","protected":false},"author":2,"featured_media":203359,"comment_status":"","ping_status":"","sticky":false,"template":"","format":"standard","meta":{"footnotes":"","_share_on_mastodon":"0"},"categories":[14],"tags":[6824,5084,46336,79,2490,10118,653,2270,5077,47,1408,80,163],"class_list":["post-203358","post","type-post","status-publish","format-standard","has-post-thumbnail","category-zabava","tag-adela-gondikova","tag-cesky-slavik","tag-dracula","tag-entertainment","tag-jakub-prachar","tag-karel-svoboda","tag-laska","tag-mame-radi-cesko","tag-monika-absolonova","tag-televize","tag-vendula-pizingerova","tag-zabava","tag-zhave-drby"],"share_on_mastodon":{"url":"https:\/\/pubeurope.com\/@cz\/117216856369940915","error":""},"_links":{"self":[{"href":"https:\/\/www.europesays.com\/cz\/wp-json\/wp\/v2\/posts\/203358","targetHints":{"allow":["GET"]}}],"collection":[{"href":"https:\/\/www.europesays.com\/cz\/wp-json\/wp\/v2\/posts"}],"about":[{"href":"https:\/\/www.europesays.com\/cz\/wp-json\/wp\/v2\/types\/post"}],"author":[{"embeddable":true,"href":"https:\/\/www.europesays.com\/cz\/wp-json\/wp\/v2\/users\/2"}],"replies":[{"embeddable":true,"href":"https:\/\/www.europesays.com\/cz\/wp-json\/wp\/v2\/comments?post=203358"}],"version-history":[{"count":0,"href":"https:\/\/www.europesays.com\/cz\/wp-json\/wp\/v2\/posts\/203358\/revisions"}],"wp:featuredmedia":[{"embeddable":true,"href":"https:\/\/www.europesays.com\/cz\/wp-json\/wp\/v2\/media\/203359"}],"wp:attachment":[{"href":"https:\/\/www.europesays.com\/cz\/wp-json\/wp\/v2\/media?parent=203358"}],"wp:term":[{"taxonomy":"category","embeddable":true,"href":"https:\/\/www.europesays.com\/cz\/wp-json\/wp\/v2\/categories?post=203358"},{"taxonomy":"post_tag","embeddable":true,"href":"https:\/\/www.europesays.com\/cz\/wp-json\/wp\/v2\/tags?post=203358"}],"curies":[{"name":"wp","href":"https:\/\/api.w.org\/{rel}","templated":true}]}}